{"id":43102,"date":"2024-06-18T12:49:17","date_gmt":"2024-06-18T10:49:17","guid":{"rendered":"https:\/\/www.dmproperties.com\/?p=43102"},"modified":"2024-06-18T13:15:39","modified_gmt":"2024-06-18T11:15:39","slug":"costa-del-sol-neuen-initiativen","status":"publish","type":"post","link":"https:\/\/www.dmproperties.com\/de\/43102-costa-del-sol-neuen-initiativen","title":{"rendered":"Costa del Sol im Aufwind: Wirtschaftlicher Aufschwung f\u00fchrt zu neuen Initiativen"},"content":{"rendered":"<p><strong>Seit dem Ende der COVID-Beschr\u00e4nkungen hat die Wirtschaft an der Costa del Sol ein bemerkenswertes Wachstum verzeichnet. Die Immobilienverk\u00e4ufe haben einen Rekordwert erreicht und die Zahl der Touristen ist gestiegen. Dieser Aufschwung ist auf die aufgestaute Nachfrage, das wiedergewonnene Vertrauen der Verbraucher und strategische Investitionen zur\u00fcckzuf\u00fchren. Der Immobilienmarkt hat ein Rekordhoch beim Verkauf von Immobilien erreicht. Auch der f\u00fcr die lokale Wirtschaft so wichtige Tourismussektor hat sich deutlich belebt.<\/strong><\/p>\n<picture><source sizes=\"(max-width: 575px) calc(100vw - 30px),(max-width: 767px) 510px,(max-width: 991px) 690px,(max-width: 1199px) 595px,(max-width: 1399px) 810px, 945px\" width=\"945\" height=\"629.22318125771\" srcset=\"https:\/\/media.inmobalia.com\/imgV1\/B98Le8~d7Me8Ymh25g8UJ3ypDtZ8Y3FecBCLxExjtFW~kNtmDiPvo~DIQuVSZWz~B8cOgqypLAdfYgSonxMWAYCe1G2bVZhyATkTebpSl~gyQZ088fLkbrTdPK3M01uXze9zceZKk~48p~5v7XxLfSz_PL1E649nhe84Iw--.jpg 945w,https:\/\/media.inmobalia.com\/imgV1\/B98Le8~d7MvRbj7Vv7fDLn6_Ew7ABi8pUTpfr~FoJsmhwgR1h1fB8_lyN~udGsKWhjkcv9FMCryyiOTJ4s5b5CBLMQj0lyS6n1SsGYNIeLHVv~3v32Xn9kmpME6fMlFHzzbd~hNlb5QgMYeNkZfIupnBtnfgg2Aig6EZ4g--.jpg 595w\" type=\"image\/webp\"><img loading=\"lazy\" decoding=\"async\" class=\"alignnone size-full wp-image-43080 img-fluid\" width=\"1622\" height=\"1080\" alt=\"Estepona\" src=\"https:\/\/media.inmobalia.com\/imgV1\/B98Le8~d7Me8YmhhhFsYM4czod~~P0fCuzkjRHefNZZlhRfNduPlI3aPbyA~VRE9VHhfPWX0FOyRrgTAdVTIEG~CGGWsdoFFar~ZMQ1qsgW9_obY3KK2FNESXEYZH_WaS1QtmF6yJyFxNiYZ.jpg\"><\/picture>\n<p>Dieser Wirtschaftsboom hat eine unternehmerische Dynamik ausgel\u00f6st. Sowohl Unternehmer als auch etablierte Unternehmen nutzen die Vorteile, um zu innovieren und zu expandieren. Der Zuwachs an Touristen und neuen Einwohnern ist den Unternehmen in den Bereichen Gastgewerbe, Freizeit, Technologie und nachhaltige Entwicklung zugute gekommen.<\/p>\n<p>Infolgedessen werden ehrgeizige neue Projekte zur Verbesserung der Infrastruktur, des kulturellen Angebots und der Lebensqualit\u00e4t in der Region entwickelt. Diese Projekte zeigen nicht nur die Widerstandsf\u00e4higkeit der Costa del Sol, sondern f\u00f6rdern auch das Wirtschaftswachstum, schaffen Arbeitspl\u00e4tze und ziehen Investitionen an. Damit wird der Grundstein f\u00fcr eine prosperierende Zukunft der Region gelegt.<\/p>\n<ul class=\"d-none d-lg-block bg-light p-3 p-md-5 list-unstyled my-5\"><li class=\"font-weight-bold text-uppercase p-0 mb-3\">Inhaltsverzeichnis<\/li><li class=\"list-unstyled mb-1\"><a class=\"border-0\" href=\"#malagas+technologieboom+wachstum+und+innovation\">M\u00e1lagas Technologieboom: Wachstum und Innovation<\/a><\/li>\n<li class=\"list-unstyled mb-1\"><a class=\"border-0\" href=\"#marbella+fordert+malaga+als+technologiezentrum+heraus\">Marbella fordert M\u00e1laga als Technologiezentrum heraus<\/a><\/li>\n<li class=\"list-unstyled mb-1\"><a class=\"border-0\" href=\"#neue+projekte+in+estepona\">Neue Projekte in Estepona<\/a><\/li>\n<li class=\"list-unstyled mb-1 ml-3\"><a class=\"border-0\" href=\"#jachthafen+von+estepona\">Jachthafen von Estepona<\/a><\/li>\n<li class=\"list-unstyled mb-1 ml-3\"><a class=\"border-0\" href=\"#neues+starlitekonzertzentrum\">Neues Starlite-Konzertzentrum<\/a><\/li>\n<li class=\"list-unstyled mb-1 ml-3\"><a class=\"border-0\" href=\"#universitat+von+estepona\">Universit\u00e4t von Estepona<\/a><\/li>\n<li class=\"list-unstyled mb-1 ml-3\"><a class=\"border-0\" href=\"#weitere+verbesserungen+der+infrastruktur\">Weitere Verbesserungen der Infrastruktur<\/a><\/li><\/ul>\n<div id=\"mobiletablecontent\" class=\"position-sticky sticky-top dropdown d-flex d-lg-none my-5\" ><button class=\"btn btn-primary d-flex justify-content-start align-items-center w-100 dropdown-toggle\" type=\"button\" id=\"dropdownMenuButton\" data-toggle=\"dropdown\" aria-haspopup=\"true\" aria-expanded=\"false\">Inhaltsverzeichnis<\/button><div class=\"dropdown-menu w-100 bg-white\" aria-labelledby=\"dropdownMenuButton\"><a class=\"dropdown-item border-0 text-wrap\" href=\"#malagas+technologieboom+wachstum+und+innovation\">M\u00e1lagas Technologieboom: Wachstum und Innovation<\/a>\n<a class=\"dropdown-item border-0 text-wrap\" href=\"#marbella+fordert+malaga+als+technologiezentrum+heraus\">Marbella fordert M\u00e1laga als Technologiezentrum heraus<\/a>\n<a class=\"dropdown-item border-0 text-wrap\" href=\"#neue+projekte+in+estepona\">Neue Projekte in Estepona<\/a>\n<a class=\"dropdown-item border-0 text-wrap ml-3\" href=\"#jachthafen+von+estepona\">Jachthafen von Estepona<\/a>\n<a class=\"dropdown-item border-0 text-wrap ml-3\" href=\"#neues+starlitekonzertzentrum\">Neues Starlite-Konzertzentrum<\/a>\n<a class=\"dropdown-item border-0 text-wrap ml-3\" href=\"#universitat+von+estepona\">Universit\u00e4t von Estepona<\/a>\n<a class=\"dropdown-item border-0 text-wrap ml-3\" href=\"#weitere+verbesserungen+der+infrastruktur\">Weitere Verbesserungen der Infrastruktur<\/a><\/div><\/div>\n<h2 ><span class=\"position-absolute\" style=\"top: -120px\" id=\"malagas+technologieboom+wachstum+und+innovation\"><\/span>M\u00e1lagas Technologieboom: Wachstum und Innovation<\/h2>\n<p>Die Technologieszene in M\u00e1laga ist nach wie vor im Aufwind, mit Unternehmen wie IMEC (Interuniversit\u00e4res Zentrum f\u00fcr Mikroelektronik), das im Technologiezentrum der Stadt eine Spezialeinrichtung f\u00fcr Chiptechnologie errichten will, oder dem schwedischen Finanztechnologieunternehmen Brite, das seine Aktivit\u00e4ten in M\u00e1laga ausweiten m\u00f6chte, sowie Kadans Science Partner aus den Niederlanden.<\/p>\n<p>Das britische Unternehmen IWG (International Workplace Group) wird in der Stadt ein drittes Co-Working-Center er\u00f6ffnen, und Vodafone wird in seiner Zentrale in M\u00e1laga 400 neue Arbeitspl\u00e4tze schaffen, gefolgt vom spanischen Unternehmen f\u00fcr digitale Transformation Serviform mit 150 neuen Stellen.<\/p>\n<p>Auch das IT-Beratungsunternehmen Consoleco hat seinen Sitz in die Stadt verlegt, w\u00e4hrend Mastercard die Provinzhauptstadt als Pilotstandort f\u00fcr eines seiner KI-Projekte nutzen wird. Man kann mit Fug und Recht behaupten, dass der Technologiepark M\u00e1laga floriert und 2023 mit einem Umsatz von fast 3,5 Milliarden Euro und mehr als 25.000 Besch\u00e4ftigten abschlie\u00dft, was einem Anstieg von fast 25 % bzw. 2,8 % entspricht.<\/p>\n<figure id=\"attachment_43090\" aria-describedby=\"caption-attachment-43090\" style=\"width: 2000px\" class=\"wp-caption alignnone\"><picture><source sizes=\"(max-width: 575px) calc(100vw - 30px),(max-width: 767px) 510px,(max-width: 991px) 690px,(max-width: 1199px) 595px,(max-width: 1399px) 810px, 945px\" width=\"945\" height=\"633.15\" srcset=\"https:\/\/media.inmobalia.com\/imgV1\/B98Le8~d7Me8Ymh25g8UJ3ypDtZ8Y3FecBCLxExjtFW~kNtmDiPvo~DIQuVSZWz~B8cOgqypLAdfYgSonxMWAYCe1G2bVZhyATkTebpSl~gyQZ088fLkbrTdPK3flGMvGhFzuZ0jIqJPYz1tqOG3SAg-.jpg 945w,https:\/\/media.inmobalia.com\/imgV1\/B98Le8~d7MvRbj7Vv7fDLn6_Ew7ABi8pUTpfr~FoJsmhwgR1h1fB8_lyN~udGsKWhjkcv9FMCryyiOTJ4s5b5CBLMQj0lyS6n1SsGYNIeLHVv~3v32Xn9kmpME6MtHFR4sG~ROXgpF4BPLT~XsM27Zw-.jpg 595w\" type=\"image\/webp\"><img decoding=\"async\" loading=\"lazy\" class=\"img-fluid wp-image-43090 size-full\" width=\"2000\" height=\"1340\" alt=\"Malaga Technologie Park\" src=\"https:\/\/media.inmobalia.com\/imgV1\/B98Le8~d7Me8YmhhhFsYM4czod~~P0fCuzkjRHefNZZlhRfNduPlI3aPbyA~VRE9VHhfPWX0FOyRrgTAdVTIEG~CGGWsdoFFar~ZMR4WgvZuTDAhrS5YVT0SaBbmIySFOQ--.jpg\"><\/picture><figcaption id=\"caption-attachment-43090\" class=\"wp-caption-text\">Malaga Technologie Park<\/figcaption><\/figure>\n<p>Die Zahl der vertretenen Unternehmen stieg um 5 % auf mehr als 70 nicht-spanische Unternehmen aus 21 L\u00e4ndern. Es ist nicht verwunderlich, dass der Flughafen von M\u00e1laga um neue Flugverbindungen erweitert wird, wie z. B. die von United Airlines in die USA und von Qatar Airways direkt nach Doha, und dass die Zahl der F\u00fchrungskr\u00e4fte und Gesch\u00e4ftsleute, die sich an der Costa del Sol niederlassen, zunimmt.<\/p>\n<p>Bislang fehlt nur noch eine Bahnverbindung zwischen Marbella und M\u00e1laga, aber es scheint, dass eine Hightech-L\u00f6sung gefunden wurde, und zwar in Form von pilotenlosen Drohnen, die ab 2026 einen Lufttaxidienst zwischen M\u00e1laga und Marbella anbieten werden. Die Lilium Jets VTOL (vertical take-off) werden vom Flughafen M\u00e1laga aus starten und in etwa 20 Minuten Marbella erreichen. Die Kosten betragen 2 Euro pro Passagier und geflogenem Kilometer, was etwa 100 Euro pro Person entspricht. Hightech kommt wirklich an die Costa del Sol.<\/p>\n<h2 ><span class=\"position-absolute\" style=\"top: -120px\" id=\"marbella+fordert+malaga+als+technologiezentrum+heraus\"><\/span>Marbella fordert M\u00e1laga als Technologiezentrum heraus<\/h2>\n<p>Nach M\u00e1laga entwickelt sich auch Marbella schnell zu einem Zentrum f\u00fcr Technologie- und Start-up-Unternehmen, die aus dem Tech Valley von M\u00e1laga hervorgegangen sind und den bereits vorhandenen Unternehmergeist in der Stadt noch verst\u00e4rken. Viele Jahre lang wurde dieser Geist von ausl\u00e4ndischen Investoren und Unternehmern dominiert, doch in letzter Zeit haben sich ihm auch Malague\u00f1os angeschlossen, die sich von der traditionellen spanischen Ausrichtung auf den \u00f6ffentlichen Dienst und Karrieren in gro\u00dfen Unternehmen l\u00f6sen wollen. Die Stadt kletterte auf der internationalen Rangliste der besten St\u00e4dte f\u00fcr die Gr\u00fcndung eines Start-ups um 190 Pl\u00e4tze nach oben, was sich im Wachstum von diversifizierten Unternehmen und Co-Working-Spaces widerspiegelt.<\/p>\n<h2 ><span class=\"position-absolute\" style=\"top: -120px\" id=\"neue+projekte+in+estepona\"><\/span>Neue Projekte in Estepona<\/h2>\n<h3 ><span class=\"position-absolute\" style=\"top: -120px\" id=\"jachthafen+von+estepona\"><\/span>Jachthafen von Estepona<\/h3>\n<figure id=\"attachment_43096\" aria-describedby=\"caption-attachment-43096\" style=\"width: 1706px\" class=\"wp-caption alignnone\"><picture><source sizes=\"(max-width: 575px) calc(100vw - 30px),(max-width: 767px) 510px,(max-width: 991px) 690px,(max-width: 1199px) 595px,(max-width: 1399px) 810px, 945px\" width=\"945\" height=\"531.77022274326\" srcset=\"https:\/\/media.inmobalia.com\/imgV1\/B98Le8~d7Me8Ymh25g8UJ3ypDtZ8Y3FecBCLxExjtFW~kNtmDiPvo~DIQuVSZWz~B8cOgqypLAdfYgSonxMWAYCe1G2bVZhyATkTebpSl~gyQZ088fLkbrTdPK3LNrz_iaZw511_XJbTIpvVuTc-.png 945w,https:\/\/media.inmobalia.com\/imgV1\/B98Le8~d7MvRbj7Vv7fDLn6_Ew7ABi8pUTpfr~FoJsmhwgR1h1fB8_lyN~udGsKWhjkcv9FMCryyiOTJ4s5b5CBLMQj0lyS6n1SsGYNIeLHVv~3v32Xn9kmpME6Yzf1Yjdl7k3QyT678HLBZZ8E-.png 595w\" type=\"image\/webp\"><img decoding=\"async\" loading=\"lazy\" class=\"img-fluid wp-image-43096 size-full\" width=\"1706\" height=\"960\" alt=\"Jachthaven Estepona\" src=\"https:\/\/media.inmobalia.com\/imgV1\/B98Le8~d7Me8Ymh25g8UIzDdxwFRXqutMnSHloCYHTQ5yVss8vD8TSzkJ5lQzTfSJ_KskjuKtkWXSlkjS4nX66MSp5Am7vCEBGdKc~r2XgQTedb5ajFhoclbrOM11f1JKwdkEVDwVQ--.png\"><\/picture><figcaption id=\"caption-attachment-43096\" class=\"wp-caption-text\">Jachthaven Estepona<\/figcaption><\/figure>\n<p>Die vielleicht ehrgeizigste Stadt der letzten Zeit ist Estepona, die eine umfassende Neugestaltung ihres Jachthafens plant. Dort soll ein stilvoller neuer Jachthafen mit angrenzenden Restaurants, Caf\u00e9s, Boutiquen und anderen Freizeiteinrichtungen entstehen. Ziel ist es, einen 57 000 m2 gro\u00dfen Jachthafen zu schaffen, der mit einer Entsalzungsanlage und einer verbesserten Abwasseraufbereitung zu einem Ma\u00dfstab f\u00fcr Design und Nachhaltigkeit werden soll. Technologie, z. B. in Form von elektrischen Ladestationen, wird eine wichtige Rolle spielen, und das Projekt wird den Status des Jachthafens erheblich aufwerten. Eines der neuen Hotelprojekte in der Region Estepona ist das Hotel Mett Marbella-Estepona mit 253 Zimmern, in das die Sunset Hospitality Group 27 Millionen Euro investiert und das fast 250 Menschen in der Region besch\u00e4ftigen wird.<\/p>\n<h3 ><span class=\"position-absolute\" style=\"top: -120px\" id=\"neues+starlitekonzertzentrum\"><\/span>Neues Starlite-Konzertzentrum<\/h3>\n<p>Das Starlite-Festival ist einer der H\u00f6hepunkte des Jahres in diesem Teil Spaniens und bildet den H\u00f6hepunkt der Sommersaison. Es ist zu einer Tradition und zu einem durchschlagenden Erfolg geworden, der nicht nur die besten spanischen und internationalen K\u00fcnstler, sondern auch ein hohes Ma\u00df an Gastfreundschaft und Unterhaltung umfasst. Ein Teil des Erfolgs ist auf die einzigartige Lage des Veranstaltungsortes zur\u00fcckzuf\u00fchren, der sich in einem alten Steinbruch am Fu\u00dfe des Berges La Concha in Marbella befindet. Die Nachfrage ist jedoch so gro\u00df, dass die Organisatoren ein Gro\u00dfprojekt in Angriff genommen haben, zu dem auch ein neues Starlite-Konzertzentrum in der N\u00e4he von Selwo (Ost-Estepona) geh\u00f6ren wird. Der 15.000 Personen fassende Veranstaltungsort wird von Gastst\u00e4tten- und Freizeiteinrichtungen sowie einem Hotel und einem Konferenzzentrum begleitet und liegt in der N\u00e4he von Estepona, San Pedro Alc\u00e1ntara und Marbella. Das Projekt, das eine Investition von 286 Millionen Euro umfasst und in einem Steinbruchgebiet errichtet wird, wird 450 Arbeitspl\u00e4tze schaffen.<\/p>\n<h3 ><span class=\"position-absolute\" style=\"top: -120px\" id=\"universitat+von+estepona\"><\/span>Universit\u00e4t von Estepona<\/h3>\n<p>In Estepona herrscht zweifellos rege Betriebsamkeit, denn nun wurde auch gr\u00fcnes Licht f\u00fcr die Gr\u00fcndung einer Universit\u00e4t in dieser aufstrebenden Stadt gegeben, die nach der Loyola-Universit\u00e4t der zweite private Campus in Andalusien sein wird. Es wird ein neuer Campus entstehen, der letzte in einer Reihe von neuen Infrastrukturen, zu denen in den letzten Jahren ein Orchidarium, ein Leichtathletikstadion, ein Theater- und Kongresszentrum und ein neues Krankenhaus hinzugekommen sind, ganz zu schweigen von einer Fu\u00dfg\u00e4ngerzone am Strand, die kurz vor der Fertigstellung steht. Bis zur Fertigstellung der neuen Einrichtungen wird die Universit\u00e4t die R\u00e4umlichkeiten des Kulturzentrums Padre Manuel nutzen, die ihr von der Stadt Estepona \u00fcber die Stiftung Santo Cristo de la Vera Cruz kostenlos zur Verf\u00fcgung gestellt wurden, unter der Bedingung, dass sie von der Universit\u00e4t genutzt werden. Die neue Universit\u00e4t, die in das Netz der SEK-Bildungszentren integriert ist, wird sich im Stadtteil Guadalob\u00f3n befinden.<\/p>\n<h3 ><span class=\"position-absolute\" style=\"top: -120px\" id=\"weitere+verbesserungen+der+infrastruktur\"><\/span>Weitere Verbesserungen der Infrastruktur<\/h3>\n<figure id=\"attachment_43085\" aria-describedby=\"caption-attachment-43085\" style=\"width: 1400px\" class=\"wp-caption alignnone\"><picture><source sizes=\"(max-width: 575px) calc(100vw - 30px),(max-width: 767px) 510px,(max-width: 991px) 690px,(max-width: 1199px) 595px,(max-width: 1399px) 810px, 945px\" width=\"945\" height=\"587.925\" srcset=\"https:\/\/media.inmobalia.com\/imgV1\/B98Le8~d7Me8Ymh25g8UJ3ypDtZ8Y3FecBCLxExjtFW~kNtmDiPvo~DIQuVSZWz~B8cOgqypLAdfYgSonxMWAYCe1G2bVZhyATkTebpSl~gyQZ088fLkbrTdPLD_ovSi1aKeochNz2itsRR0aMA-.jpg 945w,https:\/\/media.inmobalia.com\/imgV1\/B98Le8~d7MvRbj7Vv7fDLn6_Ew7ABi8pUTpfr~FoJsmhwgR1h1fB8_lyN~udGsKWhjkcv9FMCryyiOTJ4s5b5CBLMQj0lyS6n1SsGYNIeLHVv~3v32Xn9kmpMFPjIXx5rAbg8tBoW7fU6EywMo8-.jpg 595w\" type=\"image\/webp\"><img decoding=\"async\" loading=\"lazy\" class=\"img-fluid wp-image-43085 size-full\" width=\"1400\" height=\"871\" alt=\"Fuengirola Markt\" src=\"https:\/\/media.inmobalia.com\/imgV1\/B98Le8~d7Me8YmhhhFsYM4czod~~P0fCuzkjRHefNZZlhRfNduPlI3aPbyA~VRE9VHhfPWX0FOyRrgTAdVTIEG~CGGWsdoFFar~ZLHfXWecZUVugZiA2D9Oxv~MRKg--.jpg\"><\/picture><figcaption id=\"caption-attachment-43085\" class=\"wp-caption-text\">Fuengirola Markt<\/figcaption><\/figure>\n<p>In Fuengirola r\u00fcckt derweil die Er\u00f6ffnung des neuen Biomarktes n\u00e4her, ein 12-Millionen-Euro-Projekt, das von den Anwohnern und Unternehmen mit Begeisterung aufgenommen wurde. Der alte Markt war ein architektonischer Schandfleck aus den 1970er Jahren, und die meisten Menschen wollen in dem attraktiven neuen Zentrum nat\u00fcrliche Produkte kaufen - von denen viele nun biologisch sein werden. Das Projekt wurde von der Stadtverwaltung aus dem Haushalts\u00fcberschuss 2022 finanziert und soll im Fr\u00fchjahr 2025 fertiggestellt werden.<\/p>\n","protected":false},"excerpt":{"rendered":"<p>Seit dem Ende der COVID-Beschr\u00e4nkungen hat die Wirtschaft an der Costa del Sol ein bemerkenswertes Wachstum verzeichnet. Die Immobilienverk\u00e4ufe haben einen Rekordwert erreicht und die Zahl der Touristen ist gestiegen. Dieser Aufschwung ist auf die aufgestaute Nachfrage, das wiedergewonnene Vertrauen der Verbraucher und strategische Investitionen zur\u00fcckzuf\u00fchren. Der Immobilienmarkt hat ein Rekordhoch beim Verkauf von Immobilien&#8230;<\/p>\n","protected":false},"author":3,"featured_media":43082,"comment_status":"closed","ping_status":"closed","sticky":false,"template":"","format":"standard","meta":{"_acf_changed":false,"footnotes":""},"categories":[1339],"tags":[],"class_list":["post-43102","post","type-post","status-publish","format-standard","has-post-thumbnail","hentry","category-aktuelles"],"acf":[],"_links":{"self":[{"href":"https:\/\/www.dmproperties.com\/de\/wp-json\/wp\/v2\/posts\/43102","targetHints":{"allow":["GET"]}}],"collection":[{"href":"https:\/\/www.dmproperties.com\/de\/wp-json\/wp\/v2\/posts"}],"about":[{"href":"https:\/\/www.dmproperties.com\/de\/wp-json\/wp\/v2\/types\/post"}],"author":[{"embeddable":true,"href":"https:\/\/www.dmproperties.com\/de\/wp-json\/wp\/v2\/users\/3"}],"replies":[{"embeddable":true,"href":"https:\/\/www.dmproperties.com\/de\/wp-json\/wp\/v2\/comments?post=43102"}],"version-history":[{"count":0,"href":"https:\/\/www.dmproperties.com\/de\/wp-json\/wp\/v2\/posts\/43102\/revisions"}],"wp:featuredmedia":[{"embeddable":true,"href":"https:\/\/www.dmproperties.com\/de\/wp-json\/wp\/v2\/media\/43082"}],"wp:attachment":[{"href":"https:\/\/www.dmproperties.com\/de\/wp-json\/wp\/v2\/media?parent=43102"}],"wp:term":[{"taxonomy":"category","embeddable":true,"href":"https:\/\/www.dmproperties.com\/de\/wp-json\/wp\/v2\/categories?post=43102"},{"taxonomy":"post_tag","embeddable":true,"href":"https:\/\/www.dmproperties.com\/de\/wp-json\/wp\/v2\/tags?post=43102"}],"curies":[{"name":"wp","href":"https:\/\/api.w.org\/{rel}","templated":true}]}}