{"id":45069,"date":"2025-02-17T10:13:36","date_gmt":"2025-02-17T09:13:36","guid":{"rendered":"https:\/\/www.dmproperties.com\/?p=45069"},"modified":"2025-02-21T12:22:52","modified_gmt":"2025-02-21T11:22:52","slug":"menara-landscape-design","status":"publish","type":"post","link":"https:\/\/www.dmproperties.com\/de\/45069-menara-landscape-design","title":{"rendered":"La Menara Landscape Design: Gestaltung einzigartiger Gr\u00fcnfl\u00e4chen seit 1999"},"content":{"rendered":"<p><strong>La Menara Landscape Design ist ein Familienunternehmen mit Sitz in Marbella, dessen Gr\u00fcnder, Oscar V\u00e1zquez, seine Karriere im Bereich Landschaftsgestaltung 1985 begann. La Menara ist nun in der zweiten Generation und erweckt seit 1999 Au\u00dfenr\u00e4ume zum Leben. Das Unternehmen verbindet Nachhaltigkeit, Funktionalit\u00e4t und \u00c4sthetik auf harmonische Weise, was es sowohl in der \u00f6ffentlichen als auch in der privaten Landschaftsgestaltung wirklich einzigartig macht.<\/strong><\/p>\n<picture><source sizes=\"(max-width: 575px) calc(100vw - 30px),(max-width: 767px) 510px,(max-width: 991px) 690px,(max-width: 1199px) 595px,(max-width: 1399px) 810px, 945px\" width=\"945\" height=\"590.625\" srcset=\"https:\/\/media.inmobalia.com\/imgV1\/B98Le8~d7Me8Ymh25g8UJ3ypDtZ8Y3FecBCLxExjtFW~kNtmDiPvo~DIQuVSZWz~B8cOgqypLAdfYgSonxMWAYCe1G2bVZhyATkTebpSl~gyQZ088fLkbrW~eAhlNOexE7n3aRkn7mQCvOlz1M7qEg--.jpg 945w,https:\/\/media.inmobalia.com\/imgV1\/B98Le8~d7MvRbj7Vv7fDLn6_Ew7ABi8pUTpfr~FoJsmhwgR1h1fB8_lyN~udGsKWhjkcv9FMCryyiOTJ4s5b5CBLMQj0lyS6n1SsGYNIeLHVv~3v32Xn9kjTg81TfCJKObHdGDUeriSMRb9Geryn_g--.jpg 595w\" type=\"image\/webp\"><img loading=\"lazy\" decoding=\"async\" class=\"alignnone size-full wp-image-45041 img-fluid\" width=\"1728\" height=\"1080\" alt=\"FOTOS DE EQUIPO\" src=\"https:\/\/media.inmobalia.com\/imgV1\/B98Le8~d7Me8YmhhhFsYM4czod~~P0fCuzkjRHefNZZlhRfNduPlI3aPbyA~VRE9VHhfPWX0FOyRrgTAdVTIEG~CGGWsdoFFa3mci7BJrHd5EAc31oq0ZYldW2AUKE~5.jpg\"><\/picture>\n<p>Ob es sich um einen kleinen Privatgarten oder einen gro\u00dfen \u00f6ffentlichen Park handelt, bei La Menara geht es darum, Au\u00dfenbereiche zu schaffen, die nicht nur atemberaubend aussehen, sondern auch die umgebende Architektur erg\u00e4nzen. Mit Projekten in Spanien, Portugal, Italien und sogar auf der Arabischen Halbinsel hat sich ihr Ruf f\u00fcr innovative und ma\u00dfgeschneiderte Designs international herumgesprochen. Von Gr\u00fcnfl\u00e4chen, die st\u00e4dtischen Gebieten neues Leben einhauchen, bis hin zu ruhigen privaten R\u00fcckzugsorten \u2013 La Menara nutzt die Natur, um das t\u00e4gliche Leben zu bereichern.<\/p>\n<p>Im Folgenden gibt Pablo V\u00e1zquez Davey, der Leiter von La Menara, Einblicke in die Entwicklung des Unternehmens, seine Designphilosophie und die wachsende Bedeutung der Nachhaltigkeit auf dem Luxusimmobilienmarkt.<\/p>\n<h2 ><span class=\"position-absolute\" style=\"top: -120px\" id=\"erzahlen+sie+uns+von+den+anfangen+von+la+menara\"><\/span>Erz\u00e4hlen Sie uns von den Anf\u00e4ngen von La Menara.<\/h2>\n<p><em>Pablo:<\/em> La Menara wurde 1999 als Familienunternehmen gegr\u00fcndet und folgte der Leidenschaft meines Vaters f\u00fcr Landschaftsarchitektur. Unser Sitz befand sich zun\u00e4chst in Benahav\u00eds und wurde 2019 nach San Pedro Alc\u00e1ntara verlegt. Mittlerweile sind wir ein Team von 15 Personen, darunter Landschaftsarchitekten, ein Agraringenieur, Verwaltungsmitarbeiter und ein Team von qualifizierten G\u00e4rtnern. Von Anfang an haben wir uns der Gestaltung einzigartiger, funktionaler und umweltfreundlicher R\u00e4ume f\u00fcr private Villen und gro\u00dfe Unternehmensprojekte verschrieben.<\/p>\n<picture><source sizes=\"(max-width: 575px) calc(100vw - 30px),(max-width: 767px) 510px,(max-width: 991px) 690px,(max-width: 1199px) 595px,(max-width: 1399px) 810px, 945px\" width=\"945\" height=\"629.61135101789\" srcset=\"https:\/\/media.inmobalia.com\/imgV1\/B98Le8~d7Me8Ymh25g8UJ3ypDtZ8Y3FecBCLxExjtFW~kNtmDiPvo~DIQuVSZWz~B8cOgqypLAdfYgSonxMWAYCe1G2bVZhyATkTebpSl~gyQZ088fLl5r_cjWo7oPyEyzeQdbgYvh27GDKX.jpg 945w,https:\/\/media.inmobalia.com\/imgV1\/B98Le8~d7MvRbj7Vv7fDLn6_Ew7ABi8pUTpfr~FoJsmhwgR1h1fB8_lyN~udGsKWhjkcv9FMCryyiOTJ4s5b5CBLMQj0lyS6n1SsGYNIeLHVv~3v32XmIU9xfof1rGGTNGcQR5yKs0XJcl0h.jpg 595w\" type=\"image\/webp\"><img decoding=\"async\" loading=\"lazy\" class=\"alignnone size-full wp-image-45505 img-fluid\" width=\"1621\" height=\"1080\" src=\"https:\/\/media.inmobalia.com\/imgV1\/B98Le8~d7Me8YmhhhFsYM4czod~~P0fCuzkjRHefNZZlhRfNduPlI3aPbyA~VRE9VHhfPWX0FOyRrgTAdVTIEG~CGGWsdoAxpuuT9EsE36fS9pE5I7G7nTaLxeQ-.jpg\"><\/picture>\n<h2 ><span class=\"position-absolute\" style=\"top: -120px\" id=\"wussten+sie+schon+immer+dass+sie+in+die+fussstapfen+ihres+vaters+treten+wollten\"><\/span>Wussten Sie schon immer, dass Sie in die Fu\u00dfstapfen Ihres Vaters treten wollten?<\/h2>\n<p><em>Pablo:<\/em> Auf jeden Fall! Die Arbeit meines Vaters hat mich schon immer fasziniert, und wir haben seit Jahren etwas gemeinsam. Ich habe Landschaftsarchitektur an der Universit\u00e4t von \u00c9vora in Portugal studiert, wo ich eine tiefere Wertsch\u00e4tzung f\u00fcr \u00c4sthetik und Raumplanung entwickelt habe, insbesondere inspiriert durch Portugals Herangehensweise an Design.<\/p>\n<h2 ><span class=\"position-absolute\" style=\"top: -120px\" id=\"auf+welche+projekte+sind+sie+besonders+stolz\"><\/span>Auf welche Projekte sind Sie besonders stolz?<\/h2>\n<p><em>Pablo:<\/em> Wir hatten das Gl\u00fcck, an einer Vielzahl von Projekten zu arbeiten, von privaten Villen wie der Finca Avola bis hin zu gro\u00df angelegten Bauprojekten wie Marina El Rompido. Einer meiner pers\u00f6nlichen Favoriten ist der Entwurf f\u00fcr den Parque del Pinar, auch wenn er am Ende nicht umgesetzt wurde. Jedes Projekt, egal wie gro\u00df es ist, hat seine eigene Identit\u00e4t und seine eigenen Herausforderungen, was unsere Arbeit spannend macht.<\/p>\n<h2 ><span class=\"position-absolute\" style=\"top: -120px\" id=\"was+zeichnet+die+entwurfe+von+la+menara+aus\"><\/span>Was zeichnet die Entw\u00fcrfe von La Menara aus?<\/h2>\n<p><em>Pablo:<\/em> Unsere Verwendung organischer Linien, die Integration mediterraner Pflanzen und der Fokus auf Nachhaltigkeit zeichnen uns aus. Wir entwerfen nicht nur sch\u00f6ne G\u00e4rten \u2013 wir stellen sicher, dass sie funktional und nachhaltig sind und sich nahtlos in die bestehende Architektur einf\u00fcgen. Jedes Projekt wird mit Blick auf die Zukunft entworfen, sodass ein Garten, den man Jahre sp\u00e4ter erneut besucht, zu etwas noch Sch\u00f6nerem herangereift ist.<\/p>\n<picture><source sizes=\"(max-width: 575px) calc(100vw - 30px),(max-width: 767px) 510px,(max-width: 991px) 690px,(max-width: 1199px) 595px,(max-width: 1399px) 810px, 945px\" width=\"945\" height=\"630\" srcset=\"https:\/\/media.inmobalia.com\/imgV1\/B98Le8~d7Me8Ymh25g8UJ3ypDtZ8Y3FecBCLxExjtFW~kNtmDiPvo~DIQuVSZWz~B8cOgqypLAdfYgSonxMWAYCe1G2bVZhyATkTebpSl~gyQZ088fLl5r_cjWo7oPyGV17HquqqTsgOwSH6AQ--.jpg 945w,https:\/\/media.inmobalia.com\/imgV1\/B98Le8~d7MvRbj7Vv7fDLn6_Ew7ABi8pUTpfr~FoJsmhwgR1h1fB8_lyN~udGsKWhjkcv9FMCryyiOTJ4s5b5CBLMQj0lyS6n1SsGYNIeLHVv~3v32XmIU9xfof1rGGRtpJkPLUPns8JZyq5YA--.jpg 595w\" type=\"image\/webp\"><img decoding=\"async\" loading=\"lazy\" class=\"alignnone size-full wp-image-45510 img-fluid\" width=\"1620\" height=\"1080\" src=\"https:\/\/media.inmobalia.com\/imgV1\/B98Le8~d7Me8YmhhhFsYM4czod~~P0fCuzkjRHefNZZlhRfNduPlI3aPbyA~VRE9VHhfPWX0FOyRrgTAdVTIEG~CGGWsdoAxpuuT9EsE36VnGHiGx9h9fcb_D8Sz.jpg\"><\/picture>\n<h2 ><span class=\"position-absolute\" style=\"top: -120px\" id=\"wie+hat+sich+die+landschaftsbauindustrie+im+laufe+der+jahre+entwickelt\"><\/span>Wie hat sich die Landschaftsbauindustrie im Laufe der Jahre entwickelt?<\/h2>\n<p><em>Pablo:<\/em> COVID-19 im Jahr 2020 hat die Art und Weise, wie Menschen ihre Au\u00dfenbereiche betrachten, wirklich ver\u00e4ndert. Wir haben eine steigende Nachfrage nach der Gestaltung komfortabler, vielseitiger Au\u00dfenbereiche festgestellt, in denen Hausbesitzer sich entspannen und ihre eigene Umgebung genie\u00dfen k\u00f6nnen, indem sie Ecken schaffen, die Privatsph\u00e4re oder ein Gef\u00fchl von Intimit\u00e4t bieten. Dies hat unsere j\u00fcngste Arbeit beeinflusst, insbesondere im Bereich der Luxusimmobilien, wo Au\u00dfenwohnr\u00e4ume genauso wichtig geworden sind wie die Innenausstattung.<\/p>\n<h2 ><span class=\"position-absolute\" style=\"top: -120px\" id=\"wie+beziehen+sie+nachhaltigkeit+in+ihre+entwurfe+ein\"><\/span>Wie beziehen Sie Nachhaltigkeit in Ihre Entw\u00fcrfe ein?<\/h2>\n<p><em>Pablo:<\/em> Nachhaltigkeit war schon immer ein zentraler Bestandteil unserer Philosophie. Wir bevorzugen einheimische Pflanzen, die weniger Wasser und Pflege ben\u00f6tigen, wodurch die G\u00e4rten mit der Zeit haltbarer werden. Wir f\u00f6rdern auch Wassersparsysteme, insbesondere f\u00fcr gr\u00f6\u00dfere Grundst\u00fccke, und streben die Schaffung von Gr\u00fcnfl\u00e4chen an, die nicht nur sch\u00f6n, sondern auch umweltfreundlich sind.<\/p>\n<h2 ><span class=\"position-absolute\" style=\"top: -120px\" id=\"wie+hat+sich+die+technologie+auf+ihren+designprozess+ausgewirkt\"><\/span>Wie hat sich die Technologie auf Ihren Designprozess ausgewirkt?<\/h2>\n<p><em>Pablo:<\/em> Als mein Vater das Unternehmen gr\u00fcndete, wurde alles von Hand gezeichnet. Heute verwenden wir fortschrittliche Tools wie AutoCAD, SketchUp und Photoshop, mit denen unsere Kunden die Entw\u00fcrfe visualisieren k\u00f6nnen, bevor sie umgesetzt werden. Es ist ein viel interaktiverer und klarerer Prozess f\u00fcr alle Beteiligten und verbessert das Gesamterlebnis.<\/p>\n<picture><source sizes=\"(max-width: 575px) calc(100vw - 30px),(max-width: 767px) 510px,(max-width: 991px) 690px,(max-width: 1199px) 595px,(max-width: 1399px) 810px, 945px\" width=\"945\" height=\"638.77215189873\" srcset=\"https:\/\/media.inmobalia.com\/imgV1\/B98Le8~d7Me8Ymh25g8UJ3ypDtZ8Y3FecBCLxExjtFW~kNtmDiPvo~DIQuVSZWz~B8cOgqypLAdfYgSonxMWAYCe1G2bVZhyATkTebpSl~gyQZ088fLl5r_cjWAYF8hZ3mTXzCZ4fGIVzGCLkZ9L0RC2RkyfSV6XV9aYXQAcxORMn03u.jpg 945w,https:\/\/media.inmobalia.com\/imgV1\/B98Le8~d7MvRbj7Vv7fDLn6_Ew7ABi8pUTpfr~FoJsmhwgR1h1fB8_lyN~udGsKWhjkcv9FMCryyiOTJ4s5b5CBLMQj0lyS6n1SsGYNIeLHVv~3v32XmIU9xfo1Sf6e2oKtwG2h3Rxd1Iz709fVG66mXiGxEoJf8XnPeTnL~lo5r5Qki.jpg 595w\" type=\"image\/webp\"><img decoding=\"async\" loading=\"lazy\" class=\"alignnone size-full wp-image-45516 img-fluid\" width=\"1185\" height=\"801\" src=\"https:\/\/media.inmobalia.com\/imgV1\/B98Le8~d7Me8YmhhhFsYM4czod~~P0fCuzkjRHefNZZlhRfNduPlI3aPbyA~VRE9VHhfPWX0FOyRrgTAdVTIEG~CGGWsdoAxpuuT~u53PzgZ5ELt4XWkyXqkgYqb06oGOrdUdOmgZOhrD0ehEW9N23wvDxw-.jpg\"><\/picture>\n<h2 ><span class=\"position-absolute\" style=\"top: -120px\" id=\"wie+geht+es+mit+la+menara+weiter+und+wie+sehen+sie+die+zukunft+der+landschaftsgestaltung+in+luxusimmobilien\"><\/span>Wie geht es mit La Menara weiter und wie sehen Sie die Zukunft der Landschaftsgestaltung in Luxusimmobilien?<\/h2>\n<p><em>Pablo:<\/em> Ich denke, dass Landschaftsarchitektur bei Luxusimmobilien mittlerweile unverzichtbar ist. Die Menschen verstehen jetzt den Wert eines gut gestalteten Au\u00dfenbereichs, sei es zum pers\u00f6nlichen Vergn\u00fcgen oder zur Wertsteigerung einer Immobilie. Mit Blick auf die Zukunft freuen wir uns darauf, weiterhin Nachhaltigkeit mit innovativem Design zu verbinden, um zeitlose Landschaften zu schaffen, die die Visionen unserer Kunden widerspiegeln.<\/p>\n<h2 ><span class=\"position-absolute\" style=\"top: -120px\" id=\"wenn+sie+ihren+ansatz+zur+landschaftsgestaltung+in+einem+satz+zusammenfassen+mussten+wie+wurde+dieser+lauten\"><\/span>Wenn Sie Ihren Ansatz zur Landschaftsgestaltung in einem Satz zusammenfassen m\u00fcssten, wie w\u00fcrde dieser lauten?<\/h2>\n<p><em>Pablo:<\/em> Wir schaffen R\u00e4ume, die Funktionalit\u00e4t, Nachhaltigkeit und \u00c4sthetik in Einklang bringen, und stellen sicher, dass unsere Entw\u00fcrfe ebenso praktisch wie sch\u00f6n sind.<\/p>\n<p>La Menara Landscape Design ist weiterhin bestrebt, ihre Vision \u2013 und die Visionen ihrer Kunden \u2013 durch ma\u00dfgeschneiderte, nachhaltige Entw\u00fcrfe zum Leben zu erwecken. Ihre F\u00e4higkeit, zuzuh\u00f6ren und zusammenzuarbeiten, stellt sicher, dass jedes Projekt, ob f\u00fcr Privath\u00e4user oder gr\u00f6\u00dfere Bauprojekte, die einzigartigen Ziele und W\u00fcnsche jedes Projekts perfekt widerspiegelt. Mit dem Fokus auf durchdachte, personalisierte Landschaften liefert La Menara best\u00e4ndig R\u00e4ume, die einen bleibenden Eindruck hinterlassen und mit Sicherheit die Zeit \u00fcberdauern werden.<\/p>\n","protected":false},"excerpt":{"rendered":"<p>La Menara Landscape Design ist ein Familienunternehmen mit Sitz in Marbella, dessen Gr\u00fcnder, Oscar V\u00e1zquez, seine Karriere im Bereich Landschaftsgestaltung 1985 begann. La Menara ist nun in der zweiten Generation und erweckt seit 1999 Au\u00dfenr\u00e4ume zum Leben. Das Unternehmen verbindet Nachhaltigkeit, Funktionalit\u00e4t und \u00c4sthetik auf harmonische Weise, was es sowohl in der \u00f6ffentlichen als auch&#8230;<\/p>\n","protected":false},"author":3,"featured_media":45043,"comment_status":"closed","ping_status":"closed","sticky":false,"template":"","format":"standard","meta":{"_acf_changed":false,"footnotes":""},"categories":[2016],"tags":[],"class_list":["post-45069","post","type-post","status-publish","format-standard","has-post-thumbnail","hentry","category-the-professional-series-de"],"acf":[],"_links":{"self":[{"href":"https:\/\/www.dmproperties.com\/de\/wp-json\/wp\/v2\/posts\/45069","targetHints":{"allow":["GET"]}}],"collection":[{"href":"https:\/\/www.dmproperties.com\/de\/wp-json\/wp\/v2\/posts"}],"about":[{"href":"https:\/\/www.dmproperties.com\/de\/wp-json\/wp\/v2\/types\/post"}],"author":[{"embeddable":true,"href":"https:\/\/www.dmproperties.com\/de\/wp-json\/wp\/v2\/users\/3"}],"replies":[{"embeddable":true,"href":"https:\/\/www.dmproperties.com\/de\/wp-json\/wp\/v2\/comments?post=45069"}],"version-history":[{"count":0,"href":"https:\/\/www.dmproperties.com\/de\/wp-json\/wp\/v2\/posts\/45069\/revisions"}],"wp:featuredmedia":[{"embeddable":true,"href":"https:\/\/www.dmproperties.com\/de\/wp-json\/wp\/v2\/media\/45043"}],"wp:attachment":[{"href":"https:\/\/www.dmproperties.com\/de\/wp-json\/wp\/v2\/media?parent=45069"}],"wp:term":[{"taxonomy":"category","embeddable":true,"href":"https:\/\/www.dmproperties.com\/de\/wp-json\/wp\/v2\/categories?post=45069"},{"taxonomy":"post_tag","embeddable":true,"href":"https:\/\/www.dmproperties.com\/de\/wp-json\/wp\/v2\/tags?post=45069"}],"curies":[{"name":"wp","href":"https:\/\/api.w.org\/{rel}","templated":true}]}}