{"id":12474,"date":"2013-06-06T17:01:24","date_gmt":"2013-06-06T16:01:24","guid":{"rendered":"https:\/\/www.dmproperties.com\/es\/?p=4845"},"modified":"2024-08-23T14:48:03","modified_gmt":"2024-08-23T12:48:03","slug":"ii-foro-la-zagaleta-marbella-2013","status":"publish","type":"post","link":"https:\/\/www.dmproperties.com\/es\/12474-ii-foro-la-zagaleta-marbella-2013","title":{"rendered":"II Foro La Zagaleta, Marbella 2013"},"content":{"rendered":"<p><strong>El II Foro <a href=\"https:\/\/www.dmproperties.com\/es\/areas\/benahavis\/la-zagaleta\" title=\"Entre los pliegues del lujo \u2013 La Zagaleta\">La Zagaleta<\/a> tuvo lugar el pasado 31 de mayo en el Palacio de Congresos de Marbella, en el marco del Marbella Luxury Weekend. Esta conferencia internacional enfocada al sector del lujo se ha consolidado ya como el evento m\u00e1s importante de su clase en nuestra zona. <\/strong><\/p>\n<picture><source sizes=\"(max-width: 575px) calc(100vw - 30px),(max-width: 767px) 510px,(max-width: 991px) 690px,(max-width: 1199px) 595px,(max-width: 1399px) 810px, 945px\" width=\"945\" srcset=\"https:\/\/media.inmobalia.com\/imgV1\/B98Le8~d7Me8Ymh25g8UJ3ypDtZ8Y3FecBCLxExjtFW~kNtmDiPvo~DIQuVSZWz~B8cOgqypLAdfYgSonxMWAYCe1G2bVZhyATkTebpSl~gyQZ088fGSHYPCoQ4cGbczlRicjtGNw~_IUBHeXbDN.jpg 945w,https:\/\/media.inmobalia.com\/imgV1\/B98Le8~d7MvRbj7Vv7fDLn6_Ew7ABi8pUTpfr~FoJsmhwgR1h1fB8_lyN~udGsKWhjkcv9FMCryyiOTJ4s5b5CBLMQj0lyS6n1SsGYNIeLHVv~3v32Zjpr6gHutWkz_vt9W1psyVbznUzaNr9Qj0.jpg 595w\" type=\"image\/webp\"><img loading=\"lazy\" decoding=\"async\" class=\"aligncenter size-large wp-image-4848\" width=\"610\" height=\"406\" alt=\"Foro La Zagaleta, Marbella 2013\" src=\"https:\/\/media.inmobalia.com\/imgV1\/B98Le8~d7Me8YmhhhFsYM4czod~~P0fCuzkjRHefNZZlhRfNduPlI3aPbyA~VRE9VHhfPWX0FOyRrgTAdVTIEG~CGGWsdcXgn~694mrAWRm2nq39gljUoKt4e0plwoc-.jpg\"><\/picture>\n<p>Marbella es un destino de lujo, con una elevada concentraci\u00f3n de servicios del m\u00e1s alto nivel y marcas de calidad y el Foro La Zagaleta constituye una plataforma inestimable para conocer y analizar las \u00faltimas tendencias en la comercializaci\u00f3n y consumo de este sector del mercado. <\/p>\n<p>Considerada una de las urbanizaciones y Club de Campo m\u00e1s exclusivos y prestigiosos de Europa, La Zagaleta es sin duda el anfitri\u00f3n y organizador perfecto para un evento de este nivel, con un conocimiento exhaustivo de las necesidades y preferencias de la clientela m\u00e1s exigente. Su Fundador y Presidente, Don Enrique P\u00e9rez Flores, que reparte su tiempo entre Espa\u00f1a y Suiza, coment\u00f3 que no es ninguna coincidencia que Marbella sea la sede escogida para la celebraci\u00f3n de este Foro. <\/p>\n<p><picture><source sizes=\"(max-width: 575px) calc(100vw - 30px),(max-width: 767px) 510px,(max-width: 991px) 242px,(max-width: 1199px) 209px,(max-width: 1399px) 284px, 331px\" width=\"510\" height=\"339.7875\" srcset=\"https:\/\/media.inmobalia.com\/imgV1\/B98Le8~d7MvZypuPyYxIC9Go4pGcJ6BFKz0a~7bst1Zx2hhS0xNgJNBoRY~WFnGbk6Gep5NC2F2uX28KFNE8u8ph8TXvmWHTa2Eqv00lo6qv1chrlX~Mq7~U9z_bM5Dyn0rjudw68FsPMOciYvDH7UXgCsP8CjmUm6nVqkDRMA--.jpg 510w,https:\/\/media.inmobalia.com\/imgV1\/B98Le8~d7MYGjAUmcDR12LQ3jbrzujFKDkaw7AESYPQGgZOn4ngyYlQ9SqKdxVL42Gr3QK9ghcrhn1OwS_MXFbtNYYTmVxrt~pkx40rYw0aHL9TC_7aD_0p_tNNkpyGo6_1Dz1SQfM3z2FJjaoyslU5UbMK19~VqXXWb2z8HiA--.jpg 800w\" type=\"image\/webp\"><img decoding=\"async\" loading=\"lazy\" class=\"alignright size-medium wp-image-6172\" width=\"305\" height=\"203\" alt=\"Cena en Foro La Zagaleta, Marbella 2013\" src=\"https:\/\/media.inmobalia.com\/imgV1\/B98Le8~d7MvZypuYbhLulf74I7cGH1t4yG~zNysJTUh9Wcum7kcWKvZMlxdjF1YrPv4LFQgUrkucJCsDeHoUZE3do5B02BClY1Cc4PAWRag9lPOOlXcQq73Mv1dhlFhQkIu4qAshup8ZHl4TIXyN.jpg\"><\/picture>Con la calidad como se\u00f1a de identidad, el ambiente cosmopolita y emprendedor, junto con la belleza natural y el microclima de su ubicaci\u00f3n aseguran que Marbella es casi siempre uno de los primeros lugares donde se constata la reactivaci\u00f3n econ\u00f3mica. En este esp\u00edritu, y bajo el lema \u201cDirecci\u00f3n y Liderazgo en tiempos de incertidumbre\u201d, los ponentes y delegados nacionales e internacionales intercambiaron multitud de ideas, marcando la pauta de un evento de gran relevancia en un momento de grandes retos y cambios a nivel internacional que afectan incluso a los sectores y marcas de lujo m\u00e1s consolidadas. <\/p>\n<h2 ><span class=\"position-absolute\" style=\"top: -120px\" id=\"nuevas+tendencias+en+el+sector+del+lujo\"><\/span>Nuevas tendencias en el sector del lujo<\/h2>\n<p>Adem\u00e1s del discurso de apertura de los organizadores \u2013 La Zagaleta \u2013 el foro fue presentado y moderado por la periodista Ana Garc\u00eda.Si\u00f1eriz, contando con el an\u00e1lisis de Eva Quiroga y Paul Donovan, ambos de <a href=\"https:\/\/www.ubs.com\/es\/es.html\" title=\"UBS Espa\u00f1a\" target=\"_blank\" rel=\"nofollow noopener noreferrer\">UBS<\/a>. El Director Ejecutivo y Economista Global de UBS Investment Bank, Paul Donovan, resalt\u00f3 los retos a los que se enfrenta actualmente el mundo desarrollado y los pa\u00edses de la Eurozona en general, pero tambi\u00e9n expres\u00f3 su confianza en la capacidad de resistencia y el futuro de la zona en conjunto. <\/p>\n<p>La conferencia a cargo de Jos\u00e9 Luis Bonet, Presidente del <a href=\"https:\/\/www.freixenet.com\/\" title=\"Freixenet website\" target=\"_blank\" rel=\"nofollow noopener noreferrer\">Grupo Freixenet<\/a>, comparti\u00f3 con los asistentes c\u00f3mo su empresa familiar ha cosechado \u00e9xitos a lo largo de m\u00e1s de cien a\u00f1os de actividad. Por su parte, el Fundador y Presidente de Grupo Intercom, Antonio Gonz\u00e1lez-Barr\u00f3s, habl\u00f3 sobre la importancia y el potencial de crecimiento de los negocios en la red.<\/p>\n<p><picture><source sizes=\"(max-width: 575px) calc(100vw - 30px),(max-width: 767px) 510px,(max-width: 991px) 242px,(max-width: 1199px) 209px,(max-width: 1399px) 284px, 331px\" width=\"510\" height=\"339.7875\" srcset=\"https:\/\/media.inmobalia.com\/imgV1\/B98Le8~d7MvZypuPyYxIC9Go4pGcJ6BFKz0a~7bst1Zx2hhS0xNgJNBoRY~WFnGbk6Gep5NC2F2uX28KFNE8u8ph8TXvmWHTa2Eqv00lo6qv1chrlX~Mq7~U9ytcV6L97l~7tICQZkNCvRNxhO_EaUgE6dslKb16QRdjV4~24TqbX17_Bh4-.jpg 510w,https:\/\/media.inmobalia.com\/imgV1\/B98Le8~d7MYGjAUmcDR12LQ3jbrzujFKDkaw7AESYPQGgZOn4ngyYlQ9SqKdxVL42Gr3QK9ghcrhn1OwS_MXFbtNYYTmVxrt~pkx40rYw0aHL9TC_7aD_0p_tMdGZey6Ra~WASCS_aU8QQjCXH525dqdHo8eYfGfr9ZDzqQf4niVA_YYsK8-.jpg 800w\" type=\"image\/webp\"><img decoding=\"async\" loading=\"lazy\" class=\"alignright size-medium wp-image-6176\" width=\"315\" height=\"203\" alt=\"Forum La Zagaleta Marbella 2013\" src=\"https:\/\/media.inmobalia.com\/imgV1\/B98Le8~d7MvZypuYbhLulf74I7cGH1t4yG~zNysJTUh9Wcum7kcWKvZMlxdjF1YrPv4LFQgUrkucJCsDeHoUZE3do5B02BClY1Cc9ESaDrCjiCYf_dCxBNbo6J5JMz_JKqZXrH~ai~fg8QK8w9UwZWXB6DFhrw--.jpg\"><\/picture>La b\u00fasqueda de la excelencia en nuestro campo de especializaci\u00f3n y la pasi\u00f3n por la labor que desempe\u00f1amos constituyen la base del \u00e9xito, pero los ponentes tambi\u00e9n resaltaron que hoy en d\u00eda para hacer negocios no nos podemos centrar en el producto y servicios sin m\u00e1s \u2013 debemos estar al d\u00eda de las tendencias, retos y oportunidades que determinan el mercado actual. En un mercado cada vez m\u00e1s globalizado, donde la tecnolog\u00eda y las modas cambian el panorama a una velocidad sin precedentes, la capacidad de adaptaci\u00f3n es la f\u00f3rmula de la supervivencia \u2013 y del \u00e9xito.<\/p>\n<h2 ><span class=\"position-absolute\" style=\"top: -120px\" id=\"como+destacar+en+un+mercado+saturado\"><\/span>C\u00f3mo destacar en un mercado saturado<\/h2>\n<p>Fuencisla Clemares, Directora de Retail, Clasificados y Tecnolog\u00eda de <strong>Google Espa\u00f1a<\/strong>, destac\u00f3 algunas de las \u00faltimas tendencias que est\u00e1n estrechando el v\u00ednculo entre la parte virtual y la f\u00edsica de la venta y los servicios de lujo, mientras que Paloma Cabello, miembro del Consejo Asesor Mundial del MIT Enterprise Forum, expuso las maneras en las que tanto las empresas j\u00f3venes como las m\u00e1s  consolidadas pueden hacerse notar en mercados altamente competitivos \u2013 y a veces tambi\u00e9n saturados.  <\/p>\n<p>A\u00f1adiendo un toque interactivo y de diversi\u00f3n sin perder el hilo conductor del modelo de negocio de \u00e9xito vinculado al lujo, los chefs Dani Garc\u00eda y Paco Morales, ambos galardonados con estrellas Michelin, hablaron sobre los retos actuales de la alta gastronom\u00eda, deleit\u00e1ndonos con la preparaci\u00f3n de unos platos innovadores en el mismo escenario, cerrando as\u00ed las conferencias de la ma\u00f1ana y como preludio a un exquisito almuerzo a cargo de la mano del personal de Dani Garc\u00eda, en su aclamado Restaurante Calima en el <a href=\"https:\/\/www.melia.com\/es\/hoteles\/espana\/marbella\/don-pepe-gran-melia\" title=\"Hotel Meli\u00e1 Don Pepe, Marbella\" target=\"_blank\" rel=\"nofollow noopener noreferrer\">Hotel Meli\u00e1 Don Pepe<\/a>. La ubicaci\u00f3n a unos pasos de la playa unido al clima excepcional, proporcionaban una imagen que resum\u00eda las excelencias de Marbella mejor que mil palabras para todos los asistentes a este evento que viajaron desde diferentes lugares del mundo. <\/p>\n<p>En la sesi\u00f3n de tarde tuvimos el placer de asistir a una interesante presentaci\u00f3n de Marcos de Quinto, Presidente de <a href=\"https:\/\/www.coca-cola.com\/es\/es\" title=\"Coca Cola Website\" target=\"_blank\" rel=\"nofollow noopener noreferrer\">Coca Cola<\/a> Iberia, sobre marketing y publicidad. A continuaci\u00f3n, la ponencia del conocido dise\u00f1ador Dimitris Hadjidimos de Claydon Reeves, seguida de la muy esperada ponencia de <a href=\"https:\/\/www.dmproperties.com\/es\/4819-puesta-en-escena-para-vender-su-propiedad-en-marbella\" title=\"David Coulthard, Wikipedia\" target=\"_blank\" rel=\"nofollow noopener noreferrer\">David Coulthard<\/a>, expiloto de F\u00f3rmula 1, comunicador y emprendedor de \u00e9xito. <\/p>\n<picture><source sizes=\"(max-width: 575px) calc(100vw - 30px),(max-width: 767px) 510px,(max-width: 991px) 690px,(max-width: 1199px) 595px,(max-width: 1399px) 810px, 945px\" width=\"800\" height=\"533\" srcset=\"https:\/\/media.inmobalia.com\/imgV1\/B98Le8~d7MYGjAUmcDR12LQ3jbrzujFKDkaw7AESYPQGgZOn4ngyYlQ9SqKdxVL42Gr3QK9ghcrhn1OwS_MXFbtNYYTmVxrt~pkx40rYw0aHL9TC_7aD_0p_tNNsLMpDT8IAgjZBtjMeJg--.jpg 800w,https:\/\/media.inmobalia.com\/imgV1\/B98Le8~d7MvRbj7Vv7fDLn6_Ew7ABi8pUTpfr~FoJsmhwgR1h1fB8_lyN~udGsKWhjkcv9FMCryyiOTJ4s5b5CBLMQj0lyS6n1SsGYNIeLHVv~3v32Zjpr6gHukoBt3NxQcTBKssDdyfmg--.jpg 595w\" type=\"image\/webp\"><img decoding=\"async\" loading=\"lazy\" class=\"aligncenter size-large wp-image-6179\" width=\"610\" height=\"406\" alt=\"Dani Garcia, La Zagaleta Forum, Marbella\" src=\"https:\/\/media.inmobalia.com\/imgV1\/B98Le8~d7MYGjAUxlKlMKS0UVzs35HG8HZbu79DA18kKB0NZOunPejymJWMp4_XuUccbVtTVpPaxjr57~CV3qbHlOFvr1EOSNHaCV0rB6FXL70PEM7pTqRm0.jpg\"><\/picture>\n<p>Con una organizaci\u00f3n y gesti\u00f3n impecables de principio a fin, el II Foro La Zagaleta ha sido un evento de alto nivel que cerr\u00f3 su programa de conferencias con una exposici\u00f3n del Presidente de RENFE, Julio G\u00f3mez-Pomar y la clausura por parte de Jos\u00e9 Luis Hern\u00e1ndez, concejal de Turismo del Ayuntamiento de Marbella. <\/p>\n<p>Tal y como apunt\u00f3 la Alcaldesa de Marbella, \u00c1ngeles Mu\u00f1oz, en su discurso de apertura, Marbella tiene en com\u00fan con la gran variedad de empresas y firmas de lujo que se han establecido en nuestra ciudad, el ser una marca internacional consolidada con la energ\u00eda y potencial para consolidar los \u00e9xitos del pasado y seguir adelante con nuevas ideas y visi\u00f3n de futuro con el objetivo de afianzar su puesto como uno de los principales destinos de lujo a nivel mundial. <\/p>\n","protected":false},"excerpt":{"rendered":"<p>El II Foro La Zagaleta tuvo lugar el pasado 31 de mayo en el Palacio de Congresos de Marbella, en el marco del Marbella Luxury Weekend. Esta conferencia internacional enfocada al sector del lujo se ha consolidado ya como el evento m\u00e1s importante de su clase en nuestra zona. <\/p>\n","protected":false},"author":3,"featured_media":11057,"comment_status":"open","ping_status":"open","sticky":false,"template":"","format":"standard","meta":{"_acf_changed":false,"footnotes":""},"categories":[1337],"tags":[],"class_list":["post-12474","post","type-post","status-publish","format-standard","has-post-thumbnail","hentry","category-noticias"],"acf":[],"_links":{"self":[{"href":"https:\/\/www.dmproperties.com\/es\/wp-json\/wp\/v2\/posts\/12474","targetHints":{"allow":["GET"]}}],"collection":[{"href":"https:\/\/www.dmproperties.com\/es\/wp-json\/wp\/v2\/posts"}],"about":[{"href":"https:\/\/www.dmproperties.com\/es\/wp-json\/wp\/v2\/types\/post"}],"author":[{"embeddable":true,"href":"https:\/\/www.dmproperties.com\/es\/wp-json\/wp\/v2\/users\/3"}],"replies":[{"embeddable":true,"href":"https:\/\/www.dmproperties.com\/es\/wp-json\/wp\/v2\/comments?post=12474"}],"version-history":[{"count":0,"href":"https:\/\/www.dmproperties.com\/es\/wp-json\/wp\/v2\/posts\/12474\/revisions"}],"wp:featuredmedia":[{"embeddable":true,"href":"https:\/\/www.dmproperties.com\/es\/wp-json\/wp\/v2\/media\/11057"}],"wp:attachment":[{"href":"https:\/\/www.dmproperties.com\/es\/wp-json\/wp\/v2\/media?parent=12474"}],"wp:term":[{"taxonomy":"category","embeddable":true,"href":"https:\/\/www.dmproperties.com\/es\/wp-json\/wp\/v2\/categories?post=12474"},{"taxonomy":"post_tag","embeddable":true,"href":"https:\/\/www.dmproperties.com\/es\/wp-json\/wp\/v2\/tags?post=12474"}],"curies":[{"name":"wp","href":"https:\/\/api.w.org\/{rel}","templated":true}]}}