{"id":1329,"date":"2011-09-09T11:34:01","date_gmt":"2011-09-09T09:34:01","guid":{"rendered":"http:\/\/www.dianamoralesproperties.com\/?p=1329"},"modified":"2023-06-02T15:51:27","modified_gmt":"2023-06-02T13:51:27","slug":"ms-design-arquitectura-con-alma-y-corazon","status":"publish","type":"post","link":"https:\/\/www.dmproperties.com\/es\/1329-ms-design-arquitectura-con-alma-y-corazon","title":{"rendered":"MS Design: arquitectura con alma y coraz\u00f3n"},"content":{"rendered":"<p><strong>Marcos Sainz se ha ganado merecidamente su lugar en los anales de esta profesi\u00f3n. No solo fue el creador, junto con Noldi Schreck, del emblem\u00e1tico Puerto Ban\u00fas, sino que adem\u00e1s desde entonces ha hecho una gran contribuci\u00f3n al paisaje urbano de Marbella.<\/strong><\/p>\n<p>El que un arquitecto suizo y otro mejicano creasen un lugar de referencia en Andaluc\u00eda ya es un detalle excepcional en s\u00ed mismo, pero a lo largo de las d\u00e9cadas desde la inauguraci\u00f3n de <a href=\"https:\/\/www.dmproperties.com\/es\/propiedades\/marbella-todo\/puerto-banus\" title=\"Propiedades en venta en Marbella - Puerto Banus\">Puerto Ban\u00fas<\/a> en 1970 han sido muchos los dise\u00f1os que han salido de la mesa de dibujo del joven Marcos Sainz, que a lo largo de los a\u00f1os han dado forma a muchas zonas de <a href=\"https:\/\/www.dmproperties.com\/es\/propiedades\" title=\"Propiedades en venta en Marbella\">Marbella<\/a>. No nos referimos a la planificaci\u00f3n urban\u00edstica de la ciudad como disciplina, que desde luego se hubiera beneficiado de su pasi\u00f3n por el urbanismo y su talento intuitivo para la est\u00e9tica y las proporciones, pero a las muchas casas, <a href=\"https:\/\/www.dmproperties.com\/es\/propiedades\/apartamentos-y-pisos\" title=\"Apartamentos y Pisos en venta en Marbella\">apartamentos de lujo<\/a> y edificios p\u00fablicos creados \u00f3 inspirados por \u00e9l.<\/p>\n<p>Si hacemos un recorrido por las frondosas urbanizaciones de Marbella en lugares como la <a href=\"https:\/\/www.dmproperties.com\/es\/propiedades\/marbella-todo\/marbella-milla-de-oro\" title=\"Propiedades en venta en Marbella Golden Mile\">Milla de Oro<\/a>, <a href=\"https:\/\/www.dmproperties.com\/es\/propiedades\/marbella-todo\/nueva-andalucia\" title=\"Propiedades en venta en Nueva Andalucia\">Nueva Andaluc\u00eda<\/a>, <a href=\"https:\/\/www.dmproperties.com\/es\/propiedades\/benahavis\/la-zagaleta\" title=\"Propiedades en venta en La Zagaleta, Benahavis\">La Zagaleta<\/a> y <a href=\"https:\/\/www.dmproperties.com\/es\/propiedades\/san-pedro-de-alcantara\/guadalmina-alta\" title=\"Propiedades en venta en Guadalmina Alta, San Pedro de Alcantara\">Guadalmina<\/a>, muchas de las casas importantes que vemos llevan su firma. \u201cCuando llegu\u00e9, el estilo tradicional andaluz - con sus ra\u00edces rom\u00e1nico-\u00e1rabes resaltadas por influencias barrocas - estaba muy arraigado\u201d dice Marcos Sainz \u201cGradualmente, a medida que aumentaba el n\u00famero de residentes extranjeros, los m\u00e9todos de construcci\u00f3n tradicionales y los dise\u00f1os r\u00fasticos se iban sustituyendo por un estilo m\u00e1s internacional que en realidad era una interpretaci\u00f3n contempor\u00e1nea de la arquitectura andaluza vista a trav\u00e9s de ojos for\u00e1neos\u201d.<\/p>\n<p>Este proceso dio origen a lo que se ha llegado a conocer como \u201cEstilo Marbell\u00ed\u201d caracterizado por paredes de enfoscado liso, tejados de teja \u00e1rabe, vigas de madera y amplias terrazas cubiertas que son escenario de la vida al aire libre en verano. Marcos Sainz ha contribuido grandemente a la evoluci\u00f3n de la villa de dise\u00f1o con proporciones armoniosas - con su t\u00edpica gama de tonos arena \u00f3 bronce \u2013 que hizo un buen maridaje con los elementos tradicionales r\u00fasticos del estilo andaluz actualiz\u00e1ndolos a los est\u00e1ndares modernos de confort y supervis\u00f3 la transformaci\u00f3n del estilo de la casa cortijo a una vivienda m\u00e1s sofisticada y lujosa<\/p>\n<picture><source sizes=\"(max-width: 575px) calc(100vw - 30px),(max-width: 767px) 510px,(max-width: 991px) 690px,(max-width: 1199px) 595px,(max-width: 1399px) 810px, 945px\" width=\"945\" height=\"627.5390625\" srcset=\"https:\/\/media.inmobalia.com\/imgV1\/B98Le8~d7Me8Ymh25g8UJ3ypDtZ8Y3FecBCLxExjtFW~kNtmDiPvo~DIQuVSZWz~B8cOgqypLAdfYgSonxMWAYCe1G2bVZhyATkTebpSl~gyQZ088fGQkh35s5RdNC5ObU~l9dWu.jpg 945w,https:\/\/media.inmobalia.com\/imgV1\/B98Le8~d7MvRbj7Vv7fDLn6_Ew7ABi8pUTpfr~FoJsmhwgR1h1fB8_lyN~udGsKWhjkcv9FMCryyiOTJ4s5b5CBLMQj0lyS6n1SsGYNIeLHVv~3v32ZhOcSGkc2f9IDUwc8giwJE.jpg 595w\" type=\"image\/webp\"><img loading=\"lazy\" decoding=\"async\" class=\"aligncenter size-medium wp-image-1327\" width=\"500\" height=\"332\" src=\"https:\/\/media.inmobalia.com\/imgV1\/B98Le8~d7Me8YmhhhFsYM4czod~~P0fCuzkjRHefNZZlhRfNduPlI3aPbyA~VRE9VHhfPWX0FOyRrgTAdVTIEG~CGGWsdcc~zAzrBG35BKFIR4fg1lc-.jpg\"><\/picture>\n<p><strong>Dise\u00f1ando la costa<\/strong><br \/>\nPor todos estos motivos, Marcos Sainz no tiene un estilo caracter\u00edstico f\u00e1cilmente identificable \u201cQuiz\u00e1 porque hemos tenido la suerte de trabajar en una gran variedad de proyectos, desde villas y apartamentos a oficinas, casas club y el master plan de diversos complejos tur\u00edsticos\u201d dice Marcos. \u201cQuiz\u00e1 tambi\u00e9n sea porque no trabajamos centrados alrededor de una \u00fanica persona, sino como equipo. Esto es MS Design, no Marcos Sainz, las aportaciones de mi hijo Maurice y mi hija Monique, as\u00ed como las de todos los dem\u00e1s miembros del equipo, no s\u00f3lo han sido importantes sino que han contribuido a mantener las ideas frescas y la inspiraci\u00f3n viva.\u201d<\/p>\n<p>Como fuente de inspiraci\u00f3n, Marcos y su equipo acuden a las obras de los grandes maestros as\u00ed como a las \u00faltimas novedades en tecnolog\u00eda y arquitectura, citando tambi\u00e9n los viajes e intereses en diversas disciplinas como fuerzas que despiertan la creatividad y fomentan las ideas. \u201cHoy en d\u00eda estamos volviendo al blanco, porque es el color de Andaluc\u00eda y casualmente tambi\u00e9n el que se presta a dise\u00f1os limpios y modernos. El blanco tiene la frescura que va con el clima de Marbella y permite la interacci\u00f3n de la vegetaci\u00f3n y los cielos azules, pero atenuamos la desnudez de las l\u00edneas modernas con referencias a las formas m\u00e1s suaves y redondeadas que tradicionalmente son parte de esta regi\u00f3n. La combinaci\u00f3n es fresca y moderna, y a\u00fan as\u00ed sigue resultando familiar y acogedora.\u201d <\/p>\n<p><strong>Arquitectura que define un lugar<\/strong><br \/>\nCuando le pregunto sobre c\u00f3mo se siente al haber creado uno de los iconos atemporales de Marbella \u2013 y uno de la talla de Puerto Ban\u00fas - se limita a encogerse de hombros modestamente y dice: \u201cPor supuesto que me siento orgulloso de lo que he hecho aqu\u00ed y la trascendencia que este puerto ha llegado a tener a nivel local e internacional, pero como arquitecto aprendes a pensar en t\u00e9rminos relativos. Quiero decir que el dise\u00f1o original de nuestro proyecto era incluso m\u00e1s elaborado, con canales que recreaban una peque\u00f1a Venecia mediterr\u00e1nea, pero nunca lleg\u00f3 a materializarse. El compromiso es una parte tan importante de la arquitectura como lo es un buen dise\u00f1o. Algunos de los dise\u00f1os m\u00e1s espectaculares son los que se quedan en la mesa de dibujo, ajenos al proceso constructivo, y cuando has tenido la oportunidad de crear algo especial, internamente te cuestionas si hubieras podido hacerlo mejor\u201d.<\/p>\n<p>\u00bfEs esta b\u00fasqueda de nuevos horizontes y creaci\u00f3n inspirada lo que impulsa a un buen dise\u00f1ador? \u201cS\u00ed\u201d dice Marcos \u201caunque esto nunca deber\u00eda permitir al arquitecto olvidarse de que los proyectos que realiza no son para su vanagloria personal sino dise\u00f1os por encargo de un cliente y para aquellas personas que van a utilizarlos \u00f3 habitar en ellos. Por esto evito los dise\u00f1os experimentales que tienen poco valor pr\u00e1ctico y escaso \u00f3 ning\u00fan v\u00ednculo con sus usuarios finales y el entorno. Creo que la arquitectura ha de estar basada en la realidad, una realidad que va m\u00e1s all\u00e1 de la propia edificaci\u00f3n en s\u00ed y tiene en cuenta el entorno y el uso al que se va a destinar. Un buen arquitecto siempre debe tener un sentido intr\u00ednseco del urbanismo, un feeling por la cultura y el patrimonio local, y tambi\u00e9n comprender la realidad comercial y t\u00e9cnica del lugar en el que est\u00e1 trabajando.\u201d<\/p>\n<picture><source sizes=\"(max-width: 575px) calc(100vw - 30px),(max-width: 767px) 510px,(max-width: 991px) 690px,(max-width: 1199px) 595px,(max-width: 1399px) 810px, 945px\" width=\"945\" height=\"627.5390625\" srcset=\"https:\/\/media.inmobalia.com\/imgV1\/B98Le8~d7Me8Ymh25g8UJ3ypDtZ8Y3FecBCLxExjtFW~kNtmDiPvo~DIQuVSZWz~B8cOgqypLAdfYgSonxMWAYCe1G2bVZhyATkTebpSl~gyQZ088fGQkh35s5RdNC5NlczZh4Ye.jpg 945w,https:\/\/media.inmobalia.com\/imgV1\/B98Le8~d7MvRbj7Vv7fDLn6_Ew7ABi8pUTpfr~FoJsmhwgR1h1fB8_lyN~udGsKWhjkcv9FMCryyiOTJ4s5b5CBLMQj0lyS6n1SsGYNIeLHVv~3v32ZhOcSGkc2f9IDXshmjqNq6.jpg 595w\" type=\"image\/webp\"><img decoding=\"async\" loading=\"lazy\" class=\"aligncenter size-medium wp-image-1328\" width=\"500\" height=\"332\" src=\"https:\/\/media.inmobalia.com\/imgV1\/B98Le8~d7Me8YmhhhFsYM4czod~~P0fCuzkjRHefNZZlhRfNduPlI3aPbyA~VRE9VHhfPWX0FOyRrgTAdVTIEG~CGGWsdcc~zAzrBG35BKLc3y01GR8-.jpg\"><\/picture>\n<p><strong>Una interesante nueva etapa<\/strong><br \/>\nAquellos con un pasado impresionante siempre miran al futuro y Marcos Sainz es un buen ejemplo de ello \u201cMarbella ha pasado por varias fases y se ha perdido un par de veces en el camino, pero es un lugar de belleza singular y tiene la capacidad de atraer y cautivar a la gente. Yo tuve mi papel en la evoluci\u00f3n de Marbella desde un peque\u00f1o pueblo a una ciudad costera que es cosmopolita en el verdadero sentido de la palabra, pero creo que Marbella se encuentra en el umbral de una nueva etapa que promete ser apasionante y ser\u00e1 una nueva generaci\u00f3n la que le de forma. Son personas que provienen de diferentes entornos pero que han crecido aqu\u00ed, han viajado por el mundo estudiando y trabajando, y ahora regresan a Marbella. Son ellos, gente como Maurice y Monique, los que dirigir\u00e1n esta nueva fase de la historia de Marbella y tienen la oportunidad de asegurar que esta maravillosa ciudad del Mediterr\u00e1neo sea todo lo bella y atractiva que puede ser.\u201d<\/p>\n","protected":false},"excerpt":{"rendered":"<p>Marcos Sainz se ha ganado merecidamente su lugar en los anales de esta profesi\u00f3n. No solo fue el creador, junto con Noldi Schreck, del emblem\u00e1tico Puerto Ban\u00fas, sino que adem\u00e1s desde entonces ha hecho una gran contribuci\u00f3n al paisaje urbano de Marbella<\/p>\n","protected":false},"author":2,"featured_media":27642,"comment_status":"open","ping_status":"closed","sticky":false,"template":"","format":"standard","meta":{"_acf_changed":false,"footnotes":""},"categories":[1337,1341],"tags":[],"class_list":["post-1329","post","type-post","status-publish","format-standard","has-post-thumbnail","hentry","category-noticias","category-propiedades"],"acf":[],"_links":{"self":[{"href":"https:\/\/www.dmproperties.com\/es\/wp-json\/wp\/v2\/posts\/1329","targetHints":{"allow":["GET"]}}],"collection":[{"href":"https:\/\/www.dmproperties.com\/es\/wp-json\/wp\/v2\/posts"}],"about":[{"href":"https:\/\/www.dmproperties.com\/es\/wp-json\/wp\/v2\/types\/post"}],"author":[{"embeddable":true,"href":"https:\/\/www.dmproperties.com\/es\/wp-json\/wp\/v2\/users\/2"}],"replies":[{"embeddable":true,"href":"https:\/\/www.dmproperties.com\/es\/wp-json\/wp\/v2\/comments?post=1329"}],"version-history":[{"count":0,"href":"https:\/\/www.dmproperties.com\/es\/wp-json\/wp\/v2\/posts\/1329\/revisions"}],"wp:featuredmedia":[{"embeddable":true,"href":"https:\/\/www.dmproperties.com\/es\/wp-json\/wp\/v2\/media\/27642"}],"wp:attachment":[{"href":"https:\/\/www.dmproperties.com\/es\/wp-json\/wp\/v2\/media?parent=1329"}],"wp:term":[{"taxonomy":"category","embeddable":true,"href":"https:\/\/www.dmproperties.com\/es\/wp-json\/wp\/v2\/categories?post=1329"},{"taxonomy":"post_tag","embeddable":true,"href":"https:\/\/www.dmproperties.com\/es\/wp-json\/wp\/v2\/tags?post=1329"}],"curies":[{"name":"wp","href":"https:\/\/api.w.org\/{rel}","templated":true}]}}