{"id":1561,"date":"2012-01-18T14:00:36","date_gmt":"2012-01-18T13:00:36","guid":{"rendered":"http:\/\/www.dianamoralesproperties.com\/?p=1561"},"modified":"2023-06-02T15:51:28","modified_gmt":"2023-06-02T13:51:28","slug":"montanas-nevadas-en-marbella","status":"publish","type":"post","link":"https:\/\/www.dmproperties.com\/es\/1561-montanas-nevadas-en-marbella","title":{"rendered":"Sierra de las Nieves"},"content":{"rendered":"<p><strong>Un cadena monta\u00f1osa denominada Sierra de las Nieves no se suele asociar con un lugar como <a href=\"https:\/\/www.dmproperties.com\/es\/propiedades\">Marbella<\/a>, pero m\u00e1s all\u00e1 de las palmeras a orillas del Mediterr\u00e1neo, existe una salvaje reserva natural que viste un blanco sombrero nevado durante el invierno.<br \/>\n<\/strong><br \/>\n<picture><source sizes=\"(max-width: 575px) calc(100vw - 30px),(max-width: 767px) 510px,(max-width: 991px) 690px,(max-width: 1199px) 595px,(max-width: 1399px) 810px, 945px\" width=\"800\" height=\"532\" srcset=\"https:\/\/media.inmobalia.com\/imgV1\/B98Le8~d7MYGjAUmcDR12LQ3jbrzujFKDkaw7AESYPQGgZOn4ngyYlQ9SqKdxVL42Gr3QK9ghcrhn1OwS_MXFbtNYYTmVxrt~pkx40rYw0aHL9TC_7aC3Z~Bq52kJw7UJP~qPoxnQ8rybTKqj9t1qhNbqA--.jpg 800w,https:\/\/media.inmobalia.com\/imgV1\/B98Le8~d7MvRbj7Vv7fDLn6_Ew7ABi8pUTpfr~FoJsmhwgR1h1fB8_lyN~udGsKWhjkcv9FMCryyiOTJ4s5b5CBLMQj0lyS6n1SsGYNIeLHVv~3v32ZiqGL2mHnNNvyfED8Apwr0BrKtbYV8p89p1RUuUw--.jpg 595w\" type=\"image\/webp\"><img loading=\"lazy\" decoding=\"async\" class=\"aligncenter size-medium wp-image-1558\" width=\"540\" height=\"359\" src=\"https:\/\/media.inmobalia.com\/imgV1\/B98Le8~d7MYGjAUxlKlMKS0UVzs35HG8HZbu79DA18kKB0NZOunPejymJWMp4_XuUccbVtTVpPaxjr57~CV3qbHlOFvr1EIuU6KP2XXt7jjrh0LHPEw9AdVUuff0BNJHYnVp.jpg\"><\/picture><\/p>\n<p>Con m\u00e1s de 200 kil\u00f3metros cuadrados de superficie, el Parque Natural de la Sierra de las Nieves se extiende desde el norte de Marbella hasta Ronda, y constituye una de las zonas m\u00e1s v\u00edrgenes de las monta\u00f1as del interior, conocidas como la Serran\u00eda de Ronda. En esencia, se trata de una escarpado y monta\u00f1oso paisaje serrado por valles profundos y frondosos. Probablemente sea debido a que la accesibilidad de esta \u00e1rea en particular la ha resguardado de la actividad del hombre, ya sea del desarrollo urban\u00edstico o incluso de las explotaciones agr\u00edcolas. De hecho, a excepci\u00f3n de algunas chozas aisladas de los pastores, es un para\u00edso deshabitado, donde la naturaleza y la vida silvestre pudieron prosperar. Y as\u00ed lo siguen haciendo en la actualidad.<\/p>\n<p><strong>Tierra de bandoleros<\/strong><br \/>\nEra muy duro ganarse la vida en este territorio, pero el firme terreno y la escasez de miradas indiscretas, convirti\u00f3 a la Sierra de las Nieves en un escondite perfecto para los bandoleros que recorrieron gran parte de Andaluc\u00eda en el siglo XIX. Sab\u00edan que la Guardia Civil no podr\u00eda adentrarse con facilidad en esta regi\u00f3n, as\u00ed que se convirti\u00f3 en uno de sus escondites preferidos, en una base desde la que planear asaltos y atormentar a las autoridades, algo en lo que se deleitaban. Incluso para los hombres de monta\u00f1a era demasiado peligroso establecer pueblos y casas de campo en la zona, as\u00ed que buscaron cuevas de gran tama\u00f1o que les diera refugio y que fueran invisibles para los forasteros.<\/p>\n<picture><source sizes=\"(max-width: 575px) calc(100vw - 30px),(max-width: 767px) 510px,(max-width: 991px) 690px,(max-width: 1199px) 595px,(max-width: 1399px) 810px, 945px\" width=\"945\" height=\"629.384765625\" srcset=\"https:\/\/media.inmobalia.com\/imgV1\/B98Le8~d7Me8Ymh25g8UJ3ypDtZ8Y3FecBCLxExjtFW~kNtmDiPvo~DIQuVSZWz~B8cOgqypLAdfYgSonxMWAYCe1G2bVZhyATkTebpSl~gyQZ088fGTzJEWDhNPivfTEmPADdY5wA--.jpg 945w,https:\/\/media.inmobalia.com\/imgV1\/B98Le8~d7MvRbj7Vv7fDLn6_Ew7ABi8pUTpfr~FoJsmhwgR1h1fB8_lyN~udGsKWhjkcv9FMCryyiOTJ4s5b5CBLMQj0lyS6n1SsGYNIeLHVv~3v32ZiqGL2mEdOPv8FI_pZj5_bpw--.jpg 595w\" type=\"image\/webp\"><img decoding=\"async\" loading=\"lazy\" class=\"aligncenter size-medium wp-image-1559\" width=\"540\" height=\"359\" src=\"https:\/\/media.inmobalia.com\/imgV1\/B98Le8~d7Me8YmhhhFsYM4czod~~P0fCuzkjRHefNZZlhRfNduPlI3aPbyA~VRE9VHhfPWX0FOyRrgTAdVTIEG~CGGWsdcSkLdKiEWkjOOKewwms0t1j.jpg\"><\/picture>\n<p>En este sentido, la Sierra de las Nieves parece hecha a la medida de aquellos bandidos, ya que est\u00e1 salpicada de una gran cantidad de cuevas y simas, entre las que se encuentran las m\u00e1s profundas de Europa. Incluso si las fuerzas del rey hubieran podido abrirse camino por sorpresa por el paisaje escarpado, todav\u00eda les hubiera sido dif\u00edcil encontrar a los bandoleros. A esto hay que sumarle la abundancia de caza y de peque\u00f1as parcelas de densa vegetaci\u00f3n en las que pod\u00edan ocultarse f\u00e1cilmente \u2013 un aut\u00e9ntico para\u00edso para un pueblo recio cuyo principal deseo era el de permanecer fuera del alcance del resto de la civilizaci\u00f3n.<\/p>\n<p><strong>Reserva Natural<\/strong><br \/>\n<picture><source sizes=\"(max-width: 575px) calc(100vw - 30px),(max-width: 767px) 510px,(max-width: 991px) 242px,(max-width: 1199px) 209px,(max-width: 1399px) 284px, 331px\" width=\"464\" height=\"310\" srcset=\"https:\/\/media.inmobalia.com\/imgV1\/B98Le8~d7MratkBbK4BcumQrTXLZQfOQos8YfjV11Rshn48dh~KmFS8EStJnj2oDJkc2cQSd2aykZOr5yA0ylaGQ4GIEpHnhTNd2rww_fVrWeK8nVWt~01pvQgiVrQ_15YOJeMdVxw--.jpg 464w\" type=\"image\/webp\"><img decoding=\"async\" loading=\"lazy\" class=\"alignright size-thumbnail wp-image-1560\" width=\"300\" height=\"200\" alt=\"Sierra de las nieves\" src=\"https:\/\/media.inmobalia.com\/imgV1\/B98Le8~d7MratkBMCI__qzeNKzJ17KvSGj0TOgo_EMwFEop9ng0~wC5U_wvoHDvH4KjUR5IzEFD9vTBkzwSC42U96V5rTd7etoLib6HJ3r6TAOahEqFd.jpg\"><\/picture>Son \u00e9stas las condiciones que han hecho de la Sierra de las Nieves una morada segura para los reducidos grupos de personas desde la Edad de Piedra. En las cuevas se han encontrado objetos de aquella \u00e9poca, lo que indica que el hombre primitivo, como el bandolero, se sinti\u00f3 atra\u00eddo por el refugio agreste y por la abundante caza. A\u00fan as\u00ed, sigue siendo una de las \u00e1reas m\u00e1s v\u00edrgenes del continente europeo. La tendencia a nevar en la Serran\u00eda, tan cerca de la templada costa mediterr\u00e1nea, se explica por las altitudes que alcanzan sus cimas. La Torrecilla es el pico m\u00e1s alto del parque natural con sus 1909 metros de altura. No solo el aire es m\u00e1s ligero y fr\u00edo a esta altura, sino que la monta\u00f1a hace las funciones de una barrera que refugia a Marbella y a la costa de los vientos fr\u00edos que soplan desde las llanuras del interior de Espa\u00f1a.<\/p>\n<p>Estos factores nos llevan, en invierno, a encontrar unos espectaculares paisajes nevados que nadie dir\u00eda que existieran tan cerca de las piscinas y de las palmeras de la Costa del Sol. En verano, la cadena monta\u00f1osa tambi\u00e9n mantiene el aire seco y caliente fuera de la regi\u00f3n. Esto, en combinaci\u00f3n con la falta de intervenci\u00f3n humana, es perfecto para la fauna y la flora de la zona. \u00c1rboles aut\u00f3ctonos como el pino, el abeto, el fresno, el casta\u00f1o, el acebuche, el alcornoque y el enebro, dominan un paisaje que es el hogar de cabras montesas, muflones, ciervos, meloncillos, tejones y de una rica variedad de aves como \u00e1guilas, buitres y\u00a0b\u00fahos reales.<\/p>\n<p>Declarada Reserva de Caza Nacional en 1970 y Reserva de la Biosfera por la UNESCO en 1995, la Sierra de las Nieves es un entorno natural pr\u00edstino como pocos en Europa, que cuenta con una fauna y una flora aut\u00f3ctonas florecientes y con la posibilidad, para aquellos que quieran disfrutar de la generosidad de la naturaleza, de realizar actividades de bajo perfil como paseos a caballo, monta\u00f1ismo o espeleolog\u00eda.<\/p>\n","protected":false},"excerpt":{"rendered":"<p>Un cadena monta\u00f1osa denominada Sierra de las Nievas no se suele asociar con un lugar como Marbella, pero m\u00e1s all\u00e1 de las palmeras a orillas del Mediterr\u00e1neo, existe una salvaje reserva natural que viste un blanco sombrero nevado durante el invierno.<\/p>\n","protected":false},"author":2,"featured_media":18833,"comment_status":"open","ping_status":"closed","sticky":false,"template":"","format":"standard","meta":{"_acf_changed":false,"footnotes":""},"categories":[1329],"tags":[1446,1948],"class_list":["post-1561","post","type-post","status-publish","format-standard","has-post-thumbnail","hentry","category-estilo-de-vida","tag-one-day-trip-es","tag-sierra-de-las-nieves"],"acf":[],"_links":{"self":[{"href":"https:\/\/www.dmproperties.com\/es\/wp-json\/wp\/v2\/posts\/1561","targetHints":{"allow":["GET"]}}],"collection":[{"href":"https:\/\/www.dmproperties.com\/es\/wp-json\/wp\/v2\/posts"}],"about":[{"href":"https:\/\/www.dmproperties.com\/es\/wp-json\/wp\/v2\/types\/post"}],"author":[{"embeddable":true,"href":"https:\/\/www.dmproperties.com\/es\/wp-json\/wp\/v2\/users\/2"}],"replies":[{"embeddable":true,"href":"https:\/\/www.dmproperties.com\/es\/wp-json\/wp\/v2\/comments?post=1561"}],"version-history":[{"count":0,"href":"https:\/\/www.dmproperties.com\/es\/wp-json\/wp\/v2\/posts\/1561\/revisions"}],"wp:featuredmedia":[{"embeddable":true,"href":"https:\/\/www.dmproperties.com\/es\/wp-json\/wp\/v2\/media\/18833"}],"wp:attachment":[{"href":"https:\/\/www.dmproperties.com\/es\/wp-json\/wp\/v2\/media?parent=1561"}],"wp:term":[{"taxonomy":"category","embeddable":true,"href":"https:\/\/www.dmproperties.com\/es\/wp-json\/wp\/v2\/categories?post=1561"},{"taxonomy":"post_tag","embeddable":true,"href":"https:\/\/www.dmproperties.com\/es\/wp-json\/wp\/v2\/tags?post=1561"}],"curies":[{"name":"wp","href":"https:\/\/api.w.org\/{rel}","templated":true}]}}