{"id":1570,"date":"2012-01-20T17:26:32","date_gmt":"2012-01-20T16:26:32","guid":{"rendered":"http:\/\/www.dianamoralesproperties.com\/?p=1570"},"modified":"2023-06-26T08:33:07","modified_gmt":"2023-06-26T06:33:07","slug":"tobal-arquitectos-una-nueva-imagen-para-marbella","status":"publish","type":"post","link":"https:\/\/www.dmproperties.com\/es\/1570-tobal-arquitectos-una-nueva-imagen-para-marbella","title":{"rendered":"Tobal Arquitectos: una nueva imagen para Marbella"},"content":{"rendered":"<p><strong>Como uno de los arquitectos m\u00e1s destacados de <a href=\"https:\/\/www.dmproperties.com\/es\/propiedades\">Marbella<\/a> en los \u00faltimos 30 a\u00f1os, el argentino <a href=\"https:\/\/tobal.es\/\" title=\"Tobal Arquitectos\" target=\"_blank\" rel=\"nofollow noopener noreferrer\">Miguel Tobal<\/a> ha hecho su aportaci\u00f3n profesional a un elevado n\u00famero de viviendas y edificios emblem\u00e1ticos de la zona. Trabajando con su hijo Diego, est\u00e1 dispuesto a seguir creando.<\/strong><\/p>\n<picture><source sizes=\"(max-width: 575px) calc(100vw - 30px),(max-width: 767px) 510px,(max-width: 991px) 690px,(max-width: 1199px) 595px,(max-width: 1399px) 810px, 945px\" width=\"945\" height=\"472.5\" srcset=\"https:\/\/media.inmobalia.com\/imgV1\/B98Le8~d7Me8Ymh25g8UJ3ypDtZ8Y3FecBCLxExjtFW~kNtmDiPvo~DIQuVSZWz~B8cOgqypLAdfYgSonxMWAYCe1G2bVZhyATkTebpSl~gyQZ088fGTzJEWDm5Wvts7GG9arkUL~w--.jpg 945w,https:\/\/media.inmobalia.com\/imgV1\/B98Le8~d7MvRbj7Vv7fDLn6_Ew7ABi8pUTpfr~FoJsmhwgR1h1fB8_lyN~udGsKWhjkcv9FMCryyiOTJ4s5b5CBLMQj0lyS6n1SsGYNIeLHVv~3v32ZiqGL2mDpVtF61kDfOr6so9g--.jpg 595w\" type=\"image\/webp\"><img loading=\"lazy\" decoding=\"async\" class=\"aligncenter size-medium wp-image-1566\" width=\"540\" height=\"270\" src=\"https:\/\/media.inmobalia.com\/imgV1\/B98Le8~d7Me8YmhhhFsYM4czod~~P0fCuzkjRHefNZZlhRfNduPlI3aPbyA~VRE9VHhfPWX0FOyRrgTAdVTIEG~CGGWsdcSkLdKibNBEYGh5hwbjRbD9.jpg\"><\/picture>\n<p>Decir que Miguel Tobal ha contribuido a dar forma a Marbella no es ninguna exageraci\u00f3n, aunque este arquitecto no duda ni un segundo en puntualizar que siempre se ha centrado en la calidad por encima de la cantidad. \u201cA lo largo de los a\u00f1os hemos tenido la suerte de participar en una gran variedad de proyectos, grandes y peque\u00f1os, pero siempre nos hemos centrado en el dise\u00f1o de viviendas unifamiliares para particulares,\u201d dice Miguel.<\/p>\n<p>Una especializaci\u00f3n que contin\u00faa hasta la fecha, aunque en la actualidad trabajan tanto en proyectos de nueva construcci\u00f3n como en reformas. \u201cLo que estamos viendo en estos momentos es que los compradores buscan las mejores zonas, lo que habitualmente les lleva a las urbanizaciones m\u00e1s consolidadas y exclusivas y supone adquirir una vivienda ya construida. En estos casos, se centran en la calidad de la parcela, en lo que se refiere a ubicaci\u00f3n y orientaci\u00f3n, m\u00e1s que en la vivienda en s\u00ed\u201d.<\/p>\n<picture><source sizes=\"(max-width: 575px) calc(100vw - 30px),(max-width: 767px) 510px,(max-width: 991px) 690px,(max-width: 1199px) 595px,(max-width: 1399px) 810px, 945px\" width=\"945\" height=\"467.775\" srcset=\"https:\/\/media.inmobalia.com\/imgV1\/B98Le8~d7Me8Ymh25g8UJ3ypDtZ8Y3FecBCLxExjtFW~kNtmDiPvo~DIQuVSZWz~B8cOgqypLAdfYgSonxMWAYCe1G2bVZhyATkTebpSl~gyQZ088fGTzJEWDm~mIddmTjkGyR6ZPzc-.jpg 945w,https:\/\/media.inmobalia.com\/imgV1\/B98Le8~d7MvRbj7Vv7fDLn6_Ew7ABi8pUTpfr~FoJsmhwgR1h1fB8_lyN~udGsKWhjkcv9FMCryyiOTJ4s5b5CBLMQj0lyS6n1SsGYNIeLHVv~3v32ZiqGL2mDvaClS94Bwm4c7xikg-.jpg 595w\" type=\"image\/webp\"><img decoding=\"async\" loading=\"lazy\" class=\"aligncenter size-medium wp-image-1567\" width=\"540\" height=\"267\" src=\"https:\/\/media.inmobalia.com\/imgV1\/B98Le8~d7Me8YmhhhFsYM4czod~~P0fCuzkjRHefNZZlhRfNduPlI3aPbyA~VRE9VHhfPWX0FOyRrgTAdVTIEG~CGGWsdcSkLdKibdW27NAWm1S3pfE0LA--.jpg\"><\/picture>\n<p>En la mayor\u00eda de los casos, las viviendas en cuesti\u00f3n est\u00e1n anticuadas y el valor, y por supuesto el atractivo de la parcela, superan con creces los de la estructura que alberga. \u201cEntonces el comprador tiene que decidir si quiere reformar \u00f3 empezar a construir desde cero\u201d, a\u00f1ade Diego Tobal. \u201cNormalmente es m\u00e1s barato demoler y empezar a trabajar sobre un lienzo en blanco, y es precisamente lo que suele ocurrir a no ser que la vivienda existente tenga mucho car\u00e1cter \u00f3 alg\u00fan otro valor intr\u00ednseco.\u201d<\/p>\n<p><strong>La demanda ha cambiado<\/strong><br \/>\nOtro motivo por el que las viviendas se reforman \u00f3 actualizan es porque las que se construyeron antes de los 90 en su mayor\u00eda no tienen las instalaciones y servicios que demanda el estilo de vida de nuestros d\u00edas. \u201cHasta 1990, las viviendas ten\u00edan encanto, pero no tienen casi nada que ver con la manera en la que se construyen hoy\u201d, dice Diego. \u201cPara empezar, estaban concebidas m\u00e1s como residencias de verano, con escaso aislamiento sonoro \u00f3 t\u00e9rmico, infraestructuras t\u00e9cnicas ni el refinamiento moderno.\u201d<\/p>\n<p><picture><source sizes=\"(max-width: 575px) calc(100vw - 30px),(max-width: 767px) 510px,(max-width: 991px) 242px,(max-width: 1199px) 209px,(max-width: 1399px) 284px, 331px\" width=\"510\" height=\"394.23\" srcset=\"https:\/\/media.inmobalia.com\/imgV1\/B98Le8~d7MvZypuPyYxIC9Go4pGcJ6BFKz0a~7bst1Zx2hhS0xNgJNBoRY~WFnGbk6Gep5NC2F2uX28KFNE8u8ph8TXvmWHTa2Eqv00lo6qv1chrlX~Ns3fvwTZ~yTSjrBcuPR_0.jpg 510w,https:\/\/media.inmobalia.com\/imgV1\/B98Le8~d7Me8Ymh25g8UJ3ypDtZ8Y3FecBCLxExjtFW~kNtmDiPvo~DIQuVSZWz~B8cOgqypLAdfYgSonxMWAYCe1G2bVZhyATkTebpSl~gyQZ088fGTzJEWDgrcIRKKcosO_cdV.jpg 945w\" type=\"image\/webp\"><img decoding=\"async\" loading=\"lazy\" class=\"alignright size-thumbnail wp-image-1568\" width=\"291\" height=\"225\" src=\"https:\/\/media.inmobalia.com\/imgV1\/B98Le8~d7MvZypuYbhLulf74I7cGH1t4yG~zNysJTUh9Wcum7kcWKvZMlxdjF1YrPv4LFQgUrkucJCsDeHoUZE3do5B02BG31axer5M4KGVgorlaxXQ-.jpg\"><\/picture>\u201cEl precio de las viviendas, el coste de mantenimiento y la factura energ\u00e9tica eran relativamente econ\u00f3micos, y los estilos de vida eran muy diferentes entonces. Hoy en d\u00eda los propietarios demandan unos est\u00e1ndares t\u00e9cnicos muy altos, una larga lista de instalaciones tales como control de climatizaci\u00f3n, suelos radiantes, telecomunicaciones, sistemas de cine y sonido as\u00ed como sofisticados sistemas de gesti\u00f3n automatizada e integrada que controlen todo, desde el riego autom\u00e1tico hasta la seguridad y el control remoto de acceso por video.\u201d <\/p>\n<p>A medida que aumenta el confort, el dise\u00f1o cobra m\u00e1s protagonismo. \u201cEl dise\u00f1o se ha vuelto m\u00e1s asequible y relevante porque la gente viaja m\u00e1s y est\u00e1 expuesta a muchas m\u00e1s referencias culturales y visuales\u201d dice Diego. \u201cLo que la gente espera del arquitecto no es lo mismo ahora que hace a\u00f1os, y desde luego muchos de nosotros queremos crear elementos de dise\u00f1o propio que reflejen el car\u00e1cter y forma de vida del cliente, dentro de un determinado presupuesto y sin que el resultado sea una vivienda tan personalizada que resulte invendible.\u201d<\/p>\n<p><strong>Un punto de inflexi\u00f3n en el dise\u00f1o y la promoci\u00f3n<\/strong><br \/>\nA la pregunta de si estiman que los a\u00f1os locos del boom inmobiliario regresar\u00e1n, padre e hijo nos dicen sin dudarlo: \u201cesperemos que no\u201d. Diego nos explica, \u201cen Marbella nos encontramos en un punto de inflexi\u00f3n. A\u00f1os atr\u00e1s todo era blanco, se constru\u00eda a un ritmo moderado, aunque con las limitaciones que coment\u00e1bamos antes, y Marbella ten\u00eda su identidad propia. Entonces lleg\u00f3 el boom inmobiliario y Marbella perdi\u00f3 un poco los papeles, se planific\u00f3 solo a corto plazo y llegamos a la promoci\u00f3n masificada sacrificando el dise\u00f1o en la mayor\u00eda de los casos. Ahora las cosas est\u00e1n volviendo a su cauce lentamente y veo que la nueva era de desarrollo en Marbella trae consigo la revitalizaci\u00f3n de espacios existentes, tales como su maravilloso litoral y casco antiguo.\u201d<\/p>\n<p><picture><source sizes=\"(max-width: 575px) calc(100vw - 30px),(max-width: 767px) 510px,(max-width: 991px) 242px,(max-width: 1199px) 209px,(max-width: 1399px) 284px, 331px\" width=\"510\" height=\"397.8\" srcset=\"https:\/\/media.inmobalia.com\/imgV1\/B98Le8~d7MvZypuPyYxIC9Go4pGcJ6BFKz0a~7bst1Zx2hhS0xNgJNBoRY~WFnGbk6Gep5NC2F2uX28KFNE8u8ph8TXvmWHTa2Eqv00lo6qv1chrlX~Ns3fvwTZ~yTSjrBVKdpLf.jpg 510w,https:\/\/media.inmobalia.com\/imgV1\/B98Le8~d7Me8Ymh25g8UJ3ypDtZ8Y3FecBCLxExjtFW~kNtmDiPvo~DIQuVSZWz~B8cOgqypLAdfYgSonxMWAYCe1G2bVZhyATkTebpSl~gyQZ088fGTzJEWDgrcIRKKcokoLvMa.jpg 945w\" type=\"image\/webp\"><img decoding=\"async\" loading=\"lazy\" class=\"alignright size-thumbnail wp-image-1569\" width=\"288\" height=\"225\" src=\"https:\/\/media.inmobalia.com\/imgV1\/B98Le8~d7MvZypuYbhLulf74I7cGH1t4yG~zNysJTUh9Wcum7kcWKvZMlxdjF1YrPv4LFQgUrkucJCsDeHoUZE3do5B02BG31axer5M4KGVgoItRPLg-.jpg\"><\/picture>\u201cEs la marca de un mercado cada vez m\u00e1s maduro y estamos viendo las primeras se\u00f1ales de ello en las reformas y re-construcci\u00f3n de viviendas en parcelas exclusivas. Creo que vamos a ver un aumento de este tipo de re-desarrollo y menos promociones en terrenos no urbanizados. No solo va a revitalizar Marbella sino que tambi\u00e9n significar\u00e1 que las viviendas de nueva promoci\u00f3n estar\u00e1n menos enfocadas a maximizar el volumen de construcci\u00f3n y m\u00e1s en proporcionar valor a segmentos espec\u00edficos del mercado.\u201d<\/p>\n<p>Cuando les preguntamos sobre qu\u00e9 aspecto tendr\u00e1 esta nueva Marbella en evoluci\u00f3n, nos contestan \u2013 riendo \u2013 \u201cAfortunadamente hay tantos arquitectos como proyectos para dise\u00f1ar, con lo que siempre habr\u00e1 una mezcla de estilos y acabados, pero creemos que las l\u00edneas modernas, el cristal y la abundancia del blanco ser\u00e1n rasgos predominantes.\u201d Todos estamos de acuerdo en que el blanco es, con diferencia, el color ideal para Marbella. \u201cSi, es limpio, fresco, moderno, pr\u00e1ctico para este clima y tambi\u00e9n conserva un v\u00ednculo con la herencia cultural de esta regi\u00f3n.\u201d Y precisamente hablando de esto, les preguntamos si acaso todas las estructuras deben ceder ante esta nueva ola \u201cNo, una comunidad hace una selecci\u00f3n natural de lo que quiere conservar y cuidar, y de lo que necesita renovarse, con la din\u00e1mica de los mercados como fuerza motriz, pero de todos modos, Marbella tiene una gran oportunidad para crear una identidad visual impactante en los pr\u00f3ximos a\u00f1os.\u201d<\/p>\n<p><a href=\"https:\/\/tobal.es\/\" title=\"Tobal Arquitectos\" target=\"_blank\" rel=\"nofollow noopener noreferrer\">www.tobal.net<\/a><\/p>\n","protected":false},"excerpt":{"rendered":"<p>Como uno de los arquitectos m\u00e1s destacados de Marbella en los \u00faltimos 30 a\u00f1os, el argentino Miguel Tobal ha hecho su aportaci\u00f3n profesional a un elevado n\u00famero de viviendas y edificios emblem\u00e1ticos de la zona. Trabajando con su hijo Diego, est\u00e1 dispuesto a seguir creando.<\/p>\n","protected":false},"author":2,"featured_media":11052,"comment_status":"closed","ping_status":"closed","sticky":false,"template":"","format":"standard","meta":{"_acf_changed":false,"footnotes":""},"categories":[1341],"tags":[],"class_list":["post-1570","post","type-post","status-publish","format-standard","has-post-thumbnail","hentry","category-propiedades"],"acf":[],"_links":{"self":[{"href":"https:\/\/www.dmproperties.com\/es\/wp-json\/wp\/v2\/posts\/1570","targetHints":{"allow":["GET"]}}],"collection":[{"href":"https:\/\/www.dmproperties.com\/es\/wp-json\/wp\/v2\/posts"}],"about":[{"href":"https:\/\/www.dmproperties.com\/es\/wp-json\/wp\/v2\/types\/post"}],"author":[{"embeddable":true,"href":"https:\/\/www.dmproperties.com\/es\/wp-json\/wp\/v2\/users\/2"}],"replies":[{"embeddable":true,"href":"https:\/\/www.dmproperties.com\/es\/wp-json\/wp\/v2\/comments?post=1570"}],"version-history":[{"count":0,"href":"https:\/\/www.dmproperties.com\/es\/wp-json\/wp\/v2\/posts\/1570\/revisions"}],"wp:featuredmedia":[{"embeddable":true,"href":"https:\/\/www.dmproperties.com\/es\/wp-json\/wp\/v2\/media\/11052"}],"wp:attachment":[{"href":"https:\/\/www.dmproperties.com\/es\/wp-json\/wp\/v2\/media?parent=1570"}],"wp:term":[{"taxonomy":"category","embeddable":true,"href":"https:\/\/www.dmproperties.com\/es\/wp-json\/wp\/v2\/categories?post=1570"},{"taxonomy":"post_tag","embeddable":true,"href":"https:\/\/www.dmproperties.com\/es\/wp-json\/wp\/v2\/tags?post=1570"}],"curies":[{"name":"wp","href":"https:\/\/api.w.org\/{rel}","templated":true}]}}