{"id":17262,"date":"2017-05-26T09:47:16","date_gmt":"2017-05-26T07:47:16","guid":{"rendered":"https:\/\/www.dmproperties.com\/?p=17262"},"modified":"2023-01-27T09:49:27","modified_gmt":"2023-01-27T08:49:27","slug":"elecciones-francesas-europa-euro","status":"publish","type":"post","link":"https:\/\/www.dmproperties.com\/es\/17262-elecciones-francesas-europa-euro","title":{"rendered":"Elecciones francesas: soplo de aire fresco para Europa y el Euro."},"content":{"rendered":"<p><strong>Tanto si a usted le gusta el nuevo presidente electo de Francia, Emanuel Macron, o no, como si conjuga con sus pol\u00edticas econ\u00f3micas y sociales, el hecho es que tanto para los mercados y para la Uni\u00f3n Europea en su conjunto, su Victoria por un considerable margen ha sido un soplo de aire fresco para Europa.<\/strong><\/p>\n<picture><source sizes=\"(max-width: 575px) calc(100vw - 30px),(max-width: 767px) 510px,(max-width: 991px) 690px,(max-width: 1199px) 595px,(max-width: 1399px) 810px, 945px\" width=\"945\" height=\"630\" srcset=\"https:\/\/media.inmobalia.com\/imgV1\/B98Le8~d7Me8Ymh25g8UJ3ypDtZ8Y3FecBCLxExjtFW~kNtmDiPvo~DIQuVSZWz~B8cOgqypLAdfYgSonxMWAYCe1G2bVZhyATkTebpSl~gyQZ088fGWb0CD6k9fpUFCvzWhYJJXISSp4DP0Vieya1tPow--.jpg 945w,https:\/\/media.inmobalia.com\/imgV1\/B98Le8~d7MvRbj7Vv7fDLn6_Ew7ABi8pUTpfr~FoJsmhwgR1h1fB8_lyN~udGsKWhjkcv9FMCryyiOTJ4s5b5CBLMQj0lyS6n1SsGYNIeLHVv~3v32ZnEvmA5bDiqeOcP0SDfyWXMFLpUQ_evUgXIxfqMA--.jpg 595w\" type=\"image\/webp\"><img loading=\"lazy\" decoding=\"async\" class=\"aligncenter size-medium wp-image-17259\" width=\"818\" height=\"545\" alt=\"Elecciones Francesas\" src=\"https:\/\/media.inmobalia.com\/imgV1\/B98Le8~d7Me8YmhhhFsYM4czod~~P0fCuzkjRHefNZZlhRfNduPlI3aPbyA~VRE9VHhfPWX0FOyRrgTAdVTIEG~CGGWsdcHYwR3iTzE4UPSif6jUhuf3iyk4NOw61NWOyeYB.jpg\"><\/picture>\n<p>El joven que ha venido de \"la nada\" para ganar y resistir las pol\u00edticas de candidatos que estaban predestinados a ganar las elecciones, como la figura de centro-derecha Francois Fillon, es una alternativa m\u00e1s que aceptable, sobre todo para dar cierta estabilidad a la econom\u00eda y a la pol\u00edtica de su pa\u00eds, en el que Republicanos y Socialistas han dominado el electorado desde los a\u00f1os 50. Ha vencido a dos pol\u00edticos populistas como Jea-Luc Melenchon y a Marie Le Pen, quienes por cierto han superado sus expectativas de votos, quienes con sus pol\u00edticas anti-Europa, hab\u00edan generado cierto temor en los ciudadanos Franceses.<\/p>\n<h2 ><span class=\"position-absolute\" style=\"top: -120px\" id=\"estabilidad+y+continuidad\"><\/span>Estabilidad y continuidad.<\/h2>\n<p>Este miedo ha sido ahora superado, y en Macron, el viejo continente tiene a un l\u00edder pro-Europeo que intentara mantener y reforzar el status quo que hist\u00f3ricamente ha tenido Francia, a la vez que intentara liberalizar la econom\u00eda Francesa y el mercado laboral. Macron tendr\u00e1 que hacer frente a las necesidades de la econom\u00eda Francesa, y a una poblaci\u00f3n disgustada con su clase pol\u00edtica, a la que tildan de elitista y clasista, siendo \u00e9l un pol\u00edtico al que se considera como moderado.<\/p>\n<p>Los mercados han respondido con alivio, el Euro mantuvo su valor, y ahora todos miran con esperanza si Macron ser\u00e1 capaz de cumplir sus promesas y relanzar a la segunda econom\u00eda m\u00e1s grande de la Eurozona. Para Espa\u00f1a (particularmente para la Costa del Sol), esto son buenas noticas, ya que el mercado Franc\u00e9s hab\u00eda ganado importancia en los \u00faltimos a\u00f1os, pero como dec\u00edamos durante el primer periodo de Francois Hollande, incluso un presidente con baja popularidad puede causar que sus habitantes descubran las bondades de Marbella.<\/p>\n","protected":false},"excerpt":{"rendered":"<p>Tanto si a usted le gusta el nuevo presidente electo de Francia, Emanuel Macron, o no, como si conjuga con sus pol\u00edticas econ\u00f3micas y sociales, el hecho es que tanto para los mercados y para la Uni\u00f3n Europea en su conjunto, su Victoria por un considerable margen ha sido un soplo de aire fresco para Europa.<\/p>\n","protected":false},"author":3,"featured_media":17259,"comment_status":"closed","ping_status":"closed","sticky":false,"template":"","format":"standard","meta":{"_acf_changed":false,"footnotes":""},"categories":[1333,1337],"tags":[],"class_list":["post-17262","post","type-post","status-publish","format-standard","has-post-thumbnail","hentry","category-informes","category-noticias"],"acf":[],"_links":{"self":[{"href":"https:\/\/www.dmproperties.com\/es\/wp-json\/wp\/v2\/posts\/17262","targetHints":{"allow":["GET"]}}],"collection":[{"href":"https:\/\/www.dmproperties.com\/es\/wp-json\/wp\/v2\/posts"}],"about":[{"href":"https:\/\/www.dmproperties.com\/es\/wp-json\/wp\/v2\/types\/post"}],"author":[{"embeddable":true,"href":"https:\/\/www.dmproperties.com\/es\/wp-json\/wp\/v2\/users\/3"}],"replies":[{"embeddable":true,"href":"https:\/\/www.dmproperties.com\/es\/wp-json\/wp\/v2\/comments?post=17262"}],"version-history":[{"count":0,"href":"https:\/\/www.dmproperties.com\/es\/wp-json\/wp\/v2\/posts\/17262\/revisions"}],"wp:featuredmedia":[{"embeddable":true,"href":"https:\/\/www.dmproperties.com\/es\/wp-json\/wp\/v2\/media\/17259"}],"wp:attachment":[{"href":"https:\/\/www.dmproperties.com\/es\/wp-json\/wp\/v2\/media?parent=17262"}],"wp:term":[{"taxonomy":"category","embeddable":true,"href":"https:\/\/www.dmproperties.com\/es\/wp-json\/wp\/v2\/categories?post=17262"},{"taxonomy":"post_tag","embeddable":true,"href":"https:\/\/www.dmproperties.com\/es\/wp-json\/wp\/v2\/tags?post=17262"}],"curies":[{"name":"wp","href":"https:\/\/api.w.org\/{rel}","templated":true}]}}