{"id":39767,"date":"2023-03-08T08:47:25","date_gmt":"2023-03-08T07:47:25","guid":{"rendered":"https:\/\/www.dmproperties.com\/39767-the-architect-series-2-villa-la-favorita-ms-design.html"},"modified":"2024-05-30T15:59:05","modified_gmt":"2024-05-30T13:59:05","slug":"the-architect-series-2-villa-la-favorita-ms-design","status":"publish","type":"post","link":"https:\/\/www.dmproperties.com\/es\/39767-the-architect-series-2-villa-la-favorita-ms-design","title":{"rendered":"The Architect Series 2: Villa La Favorita, MS Design"},"content":{"rendered":"<p><strong>Acomp\u00e1\u00f1enos en la segunda entrega de 'The Architect Series', una serie de v\u00eddeos en los que destacamos y reconocemos el trabajo y el cuidado que se emplean en la creaci\u00f3n de algunas de las casas m\u00e1s importantes de Marbella y a trav\u00e9s de los cuales apoyamos a la excepcional comunidad de arquitectos y dise\u00f1adores de nuestra zona. <\/strong><\/p>\n<picture><source sizes=\"(max-width: 575px) calc(100vw - 30px),(max-width: 767px) 510px,(max-width: 991px) 690px,(max-width: 1199px) 595px,(max-width: 1399px) 810px, 945px\" width=\"945\" height=\"531.5625\" srcset=\"https:\/\/media.inmobalia.com\/imgV1\/B98Le8~d7Me8Ymh25g8UJ3ypDtZ8Y3FecBCLxExjtFW~kNtmDiPvo~DIQuVSZWz~B8cOgqypLAdfYgSonxMWAYCe1G2bVZhyATkTebpSl~gyQZ088fLjBPSbSet3LYGOw2ezBbHb24RZJB~R5DdF_wBMzQ--.png 945w,https:\/\/media.inmobalia.com\/imgV1\/B98Le8~d7MvRbj7Vv7fDLn6_Ew7ABi8pUTpfr~FoJsmhwgR1h1fB8_lyN~udGsKWhjkcv9FMCryyiOTJ4s5b5CBLMQj0lyS6n1SsGYNIeLHVv~3v32XgI0JP_0H339hEIODyM6B0Davz0N4l9EkM5sGdXw--.png 595w\" type=\"image\/webp\"><img loading=\"lazy\" decoding=\"async\" class=\"aligncenter size-full wp-image-39669 img-fluid\" width=\"3840\" height=\"2160\" alt=\"The Architect Series\" src=\"https:\/\/media.inmobalia.com\/imgV1\/B98Le8~d7Me8Ymh25g8UIzDdxwFRXqutMnSHloCYHTQ5yVss8vD8TSzkJ5lQzTfSJ_KskjuKtkWXSlkjS4nX66MSp5Am7vCEBGdKc~r2XgM~VdV4ldeDxJVSob8xO3GC08sJUaFdb9Tu4ipl.png\"><\/picture>\n<p>En este episodio, el arquitecto local Maurice Sainz, nos gu\u00eda a trav\u00e9s del proceso de dise\u00f1o de la espectacular Villa La Favorita, una de las creaciones de su estudio en Marbella: MS Design. Villa La Favorita est\u00e1 situada en La Zagaleta Golf &amp; Country Club, una exclusiva urbanizaci\u00f3n en la zona de Marbella, en el sur de Espa\u00f1a.<\/p>\n<h2 ><span class=\"position-absolute\" style=\"top: -120px\" id=\"villa+la+favorita+la+zagaleta++ms+design\"><\/span>Villa La Favorita, La Zagaleta - MS Design<\/h2>\n<figure class=\"position-relative\"><a class=\"isVideo\" href=\"https:\/\/youtu.be\/1hmHYpyCoFo\" data-fancybox=\"video\" target=\"_blank\" rel=\"noopener\"><i class=\"icon icon-play content-play\"><\/i><picture><source sizes=\"(max-width: 575px) calc(100vw - 30px),(max-width: 767px) 510px,(max-width: 991px) 690px,(max-width: 1199px) 595px,(max-width: 1399px) 810px, 945px\" width=\"945\" srcset=\"https:\/\/media.inmobalia.com\/imgV1\/B98Le8~d7Me8Ymh25g8UJ3ypDtZ8Y3FecBCLxExjtFW~kNtmDiPvo~DIQvv4EDo6Ek0jXwehYOzbPAqdekhl~XOQgag4E7iW_egBh5DxXWUtqx_llaBU7lim1Q--.jpg 945w,https:\/\/media.inmobalia.com\/imgV1\/B98Le8~d7MvRbj7Vv7fDLn6_Ew7ABi8pUTpfr~FoJsmhwgR1h1fB8_lyN_W46cT2Gv9vu1q3ICloAQS5nCnV3CnxLc3ZZgszf9PzggOG7OfZWCxNYMa_2rLgBQ--.jpg 595w\" type=\"image\/webp\"><img decoding=\"async\" loading=\"lazy\" class=\"img-fluid d-block my-4\" width=\"945\" height=\"532\" alt=\"The Architect Series 2: Villa La Favorita, MS Design\" src=\"https:\/\/media.inmobalia.com\/imgV1\/B98Le8~d7Me8YmhhhFsYM4czod~~P0fCuzkjWiM7awICCiRru4VbV94Mf0IUW9f3q8v9dAzozHqlB~30Cdp8rs~OO5Hwc_qUwiKA.jpg\"><\/picture><\/a><script type=\"application\/ld+json\">\n\t\t\t{\n\t\t\t\t\"@context\": \"https:\/\/schema.org\",\n\t\t\t\t\"@type\": \"VideoObject\",\n\t\t\t\t\"name\": \"The Architect Series 2: Villa La Favorita, MS Design\",\n\t\t\t\t\"description\": \"Acomp\u00e1\u00f1enos en la segunda entrega de &#039;The Architect Series&#039;, una serie de v\u00eddeos en los que destacamos y reconocemos el...\",\n\t\t\t\t\"thumbnailUrl\": \"https:\/\/img.youtube.com\/vi\/1hmHYpyCoFo\/maxresdefault.jpg\",\n\t\t\t\t\"uploadDate\": \"2023-03-08T08:47:25+0100\", \"embedUrl\": \"https:\/\/youtu.be\/1hmHYpyCoFo\"\t\t\t\n\t\t\t}\n\t\t\t<\/script><\/figure>\n<p><a href=\"https:\/\/www.dmproperties.com\/es\/propiedades\/benahavis\/la-zagaleta\/villas-y-chalets\/DM4401\">Vea m\u00e1s informaci\u00f3n sobre Villa La Favorita<\/a>.<\/p>\n<p><strong>Transcripci\u00f3n del v\u00eddeo<\/strong><\/p>\n<p>Estamos en la urbanizaci\u00f3n La Zagaleta, que es una de las urbanizaciones m\u00e1s exclusivas de Europa en cuanto a calidad y tambi\u00e9n por ubicaci\u00f3n.<br \/>\nY precisamente, esta parcela es una de las mejor situadas porque tiene una vista de 180 grados alrededor de la casa, al mar Mediterr\u00e1neo y directamente al Estrecho de Gibraltar.<\/p>\n<p>Soy Maurice S\u00e1inz, trabajo en MS Design y mi tarea principal es el dise\u00f1o y la supervisi\u00f3n de todos los proyectos y supervisar cada uno de los dise\u00f1os y dibujos que salen del estudio y llegan a la obra.<\/p>\n<p>Cuando llegamos aqu\u00ed con el cliente, la situaci\u00f3n de la casa era realmente solo en estructura, pilares y losas. No se hab\u00eda nivelado la parcela, as\u00ed que tuvimos que empezar con lo que hab\u00eda. Lo cual, desde el punto de vista del dise\u00f1o, puede resultar extra\u00f1o, pero tambi\u00e9n delimita y establece un marco en el que tienes que trabajar.<\/p>\n<p>El principal desaf\u00edo aqu\u00ed fue nivelar y crear todas las plataformas para una distribuci\u00f3n adecuada del interior y exterior y la forma en que funciona la casa en todos sus niveles.<br \/>\nNuestro nivel de implicaci\u00f3n fue del 100% en dise\u00f1o de interiores, materiales, paisajismo y todo el conjunto de 360\u00b0 de la casa depend\u00eda de nosotros.<\/p>\n<p>Desde elegir los materiales, los colores, c\u00f3mo se combinan, la forma en que se debe esculpir la piedra, enmarcar las vistas con el paisaje y trabajar el paisajismo para que se integre con el dise\u00f1o de la casa.<\/p>\n<p>El dise\u00f1o de la piscina, una piscina interior pero abierta al exterior, fue algo muy meditado y realmente nunca ves una piscina interior con vistas al mar, vistas al jard\u00edn y acceso directo al jard\u00edn. Est\u00e1 escondida en su propio rinc\u00f3n.<\/p>\n<p>La opci\u00f3n m\u00e1s bonita era tener un jard\u00edn esculpido, siguiendo la tradici\u00f3n francesa de elementos verdes muy estructurados, marcando accesos y vistas. En colaboraci\u00f3n con Jes\u00fas Ib\u00e1\u00f1ez, que creo que es uno de los mejores paisajistas de Espa\u00f1a, logramos integrar casi a la perfecci\u00f3n la escultura y el dise\u00f1o de los elementos verdes, junto con los elementos arquitect\u00f3nicos y aquellos fuertes y pesados, de modo que todo se funde, haciendo que el espacio se sienta mucho m\u00e1s grande.<\/p>\n<p>La escalera deb\u00eda aportar suavidad a todo el espacio. Por eso es m\u00e1s bien un elemento escultural y curvo, que se mimetiza bien con la rigidez y sobriedad del trazado de la casa.<br \/>\nLa inclinaci\u00f3n de los tejados en la arquitectura oriental ayuda a que todo el edificio tenga una escala natural que se inclina hacia arriba.<\/p>\n<p>Esta casa es la expresi\u00f3n perfecta de uno de nuestros mejores dise\u00f1os. Son muy pocos, pero Villa La Favorita es b\u00e1sicamente como el \u00e1pice de la l\u00ednea de dise\u00f1o que inici\u00f3 mi padre y luego continu\u00f3 en el estudio.<\/p>\n<p>Para nosotros es uno de nuestros mejores trabajos y es una casa atemporal.<\/p>\n","protected":false},"excerpt":{"rendered":"<p>Acomp\u00e1\u00f1enos en la segunda entrega de &#8216;The Architect Series&#8217;, una serie de v\u00eddeos en los que destacamos y reconocemos el trabajo y el cuidado que se emplean en la creaci\u00f3n de algunas de las casas m\u00e1s importantes de Marbella y a trav\u00e9s de los cuales apoyamos a la excepcional comunidad de arquitectos y dise\u00f1adores de&#8230;<\/p>\n","protected":false},"author":3,"featured_media":39764,"comment_status":"closed","ping_status":"closed","sticky":false,"template":"","format":"standard","meta":{"_acf_changed":false,"footnotes":""},"categories":[2011,1341],"tags":[1364,1988],"class_list":["post-39767","post","type-post","status-publish","format-standard","has-post-thumbnail","hentry","category-the-architect-series-es","category-propiedades","tag-featured-post-es","tag-the-architect-series-es"],"acf":[],"_links":{"self":[{"href":"https:\/\/www.dmproperties.com\/es\/wp-json\/wp\/v2\/posts\/39767","targetHints":{"allow":["GET"]}}],"collection":[{"href":"https:\/\/www.dmproperties.com\/es\/wp-json\/wp\/v2\/posts"}],"about":[{"href":"https:\/\/www.dmproperties.com\/es\/wp-json\/wp\/v2\/types\/post"}],"author":[{"embeddable":true,"href":"https:\/\/www.dmproperties.com\/es\/wp-json\/wp\/v2\/users\/3"}],"replies":[{"embeddable":true,"href":"https:\/\/www.dmproperties.com\/es\/wp-json\/wp\/v2\/comments?post=39767"}],"version-history":[{"count":0,"href":"https:\/\/www.dmproperties.com\/es\/wp-json\/wp\/v2\/posts\/39767\/revisions"}],"wp:featuredmedia":[{"embeddable":true,"href":"https:\/\/www.dmproperties.com\/es\/wp-json\/wp\/v2\/media\/39764"}],"wp:attachment":[{"href":"https:\/\/www.dmproperties.com\/es\/wp-json\/wp\/v2\/media?parent=39767"}],"wp:term":[{"taxonomy":"category","embeddable":true,"href":"https:\/\/www.dmproperties.com\/es\/wp-json\/wp\/v2\/categories?post=39767"},{"taxonomy":"post_tag","embeddable":true,"href":"https:\/\/www.dmproperties.com\/es\/wp-json\/wp\/v2\/tags?post=39767"}],"curies":[{"name":"wp","href":"https:\/\/api.w.org\/{rel}","templated":true}]}}