{"id":40058,"date":"2023-04-21T13:18:18","date_gmt":"2023-04-21T11:18:18","guid":{"rendered":"https:\/\/www.dmproperties.com\/?p=40058"},"modified":"2024-05-30T15:59:09","modified_gmt":"2024-05-30T13:59:09","slug":"the-architect-series-3-villa-camojan-55-juan-carlos-tortosa","status":"publish","type":"post","link":"https:\/\/www.dmproperties.com\/es\/40058-the-architect-series-3-villa-camojan-55-juan-carlos-tortosa","title":{"rendered":"The Architect Series 3: Villa Camoj\u00e1n 55"},"content":{"rendered":"<p><strong>Nos complace presentarles el tercer episodio de The Architect Series, una serie de v\u00eddeos en los que destacamos y reconocemos el trabajo y el cuidado que se dedica a la creaci\u00f3n de algunas de las casas m\u00e1s importantes de Marbella y a trav\u00e9s de los cuales apoyamos a la comunidad de arquitectos y dise\u00f1adores de nuestra zona.<\/strong><\/p>\n<figure class=\"position-relative\"><a class=\"isVideo\" href=\"https:\/\/youtu.be\/H0scoZHhMDM\" data-fancybox=\"video\" target=\"_blank\" rel=\"noopener\"><i class=\"icon icon-play content-play\"><\/i><picture><source sizes=\"(max-width: 575px) calc(100vw - 30px),(max-width: 767px) 510px,(max-width: 991px) 690px,(max-width: 1199px) 595px,(max-width: 1399px) 810px, 945px\" width=\"945\" srcset=\"https:\/\/media.inmobalia.com\/imgV1\/B98Le8~d7Me8Ymh25g8UJ3ypDtZ8Y3FecBCLxExjtFW~kNtmDiPvo~DIQvv4EDo6Ek0jXwehYOzbPAqdekgcUdBtKgTWmTtMyhSd~Hl2jkhV_2H8eAsBCJnbsA--.jpg 945w,https:\/\/media.inmobalia.com\/imgV1\/B98Le8~d7MvRbj7Vv7fDLn6_Ew7ABi8pUTpfr~FoJsmhwgR1h1fB8_lyN_W46cT2Gv9vu1q3ICloAQS5nCmsUIXiOa~KbRpZsjYSqxQiMVPssj5z3T9Gy5BjOA--.jpg 595w\" type=\"image\/webp\"><img loading=\"lazy\" decoding=\"async\" class=\"img-fluid d-block my-4\" width=\"945\" height=\"532\" alt=\"The Architect Series 3: Villa Camoj\u00e1n 55\" src=\"https:\/\/media.inmobalia.com\/imgV1\/B98Le8~d7Me8YmhhhFsYM4czod~~P0fCuzkjWiM7awICCiRru4VbV94Mf0IUW65Jypu74YvYG4iEmG7Q~LOLDeuU3Tkj5aSOQ07L.jpg\"><\/picture><\/a><script type=\"application\/ld+json\">\n\t\t\t{\n\t\t\t\t\"@context\": \"https:\/\/schema.org\",\n\t\t\t\t\"@type\": \"VideoObject\",\n\t\t\t\t\"name\": \"The Architect Series 3: Villa Camoj\u00e1n 55\",\n\t\t\t\t\"description\": \"Nos complace presentarles el tercer episodio de The Architect Series, una serie de v\u00eddeos en los que destacamos y reconocemos...\",\n\t\t\t\t\"thumbnailUrl\": \"https:\/\/img.youtube.com\/vi\/H0scoZHhMDM\/maxresdefault.jpg\",\n\t\t\t\t\"uploadDate\": \"2023-04-21T13:18:18+0200\", \"embedUrl\": \"https:\/\/youtu.be\/H0scoZHhMDM\"\t\t\t\n\t\t\t}\n\t\t\t<\/script><\/figure>\n<p>En esta entrega, el arquitecto Juan Carlos Tortosa destaca la ubicaci\u00f3n \u00fanica y el enclave natural de la villa en Cascada de Camoj\u00e1n -una de las urbanizaciones m\u00e1s prestigiosas de la Milla de Oro de Marbella-, as\u00ed como la relaci\u00f3n fluida entre los espacios interiores y exteriores. Un proyecto impresionante en el que el Grupo Vasari dio a los arquitectos libertad casi total para crear una mansi\u00f3n contempor\u00e1nea con una fuerte conexi\u00f3n con el entorno.<\/p>\n<h2 ><span class=\"position-absolute\" style=\"top: -120px\" id=\"villa+camojan+55+cascada+de+camojan++juan+carlos+tortosa\"><\/span>Villa Camoj\u00e1n 55, Cascada de Camoj\u00e1n - Juan Carlos Tortosa<\/h2>\n<p><a href=\"https:\/\/www.dmproperties.com\/es\/propiedades\/marbella-todo\/marbella-milla-de-oro\/cascada-de-camojan\/villas-y-chalets\/DM4977-05\">Vea m\u00e1s informaci\u00f3n sobre Villa Camoj\u00e1n 55<\/a>.<\/p>\n<p><strong>Transcripci\u00f3n del video<\/strong><\/p>\n<p>Esta villa se encuentra dentro de la urbanizaci\u00f3n Cascada de Camojan.<\/p>\n<p>Es una de las urbanizaciones de la zona m\u00e1s prestigiosas, no solamente de Marbella, sino de toda la Costa del Sol.<\/p>\n<p>Son varios los valores que la hacen \u00fanica especialmente el enclave natural en el que se encuentra, las vistas impresionantes a toda la costa y luego su cercan\u00eda, tanto al centro de Marbella como a la Milla de Oro, como a Puerto Ban\u00fas.<\/p>\n<p>Soy Juan Carlos Tortosa. Soy el arquitecto responsable de la Villa Camojan 55 para el Grupo Vasari.<\/p>\n<p>Es, digamos, una villa del m\u00e1s alto nivel, de grandes superficies y luego, por lo que he dicho antes, por el sitio, el lugar impresionante con el valor del enclave natural.<br \/>\nY eso hac\u00eda que este proyecto fuese muy atractivo para todo el equipo.<\/p>\n<p>Cuando llegamos aqu\u00ed, cuando recibimos el encargo, llegamos a ver la parcela, pues pr\u00e1cticamente hab\u00eda una parcela que no estaba construida. Era pr\u00e1cticamente tierra de cultivo y, salvo en la zona norte, que hab\u00eda una serie de \u00e1rboles en la ribera del arroyo y que se han mantenido a lo largo del proyecto.<\/p>\n<p>Y b\u00e1sicamente es como empezar con un folio en blanco, o sea, es empezar el proyecto desde cero.<\/p>\n<p>Una constante, digamos, que se mantiene en todo el proyecto y tenemos que en todo, en todos los puntos de la vivienda, es que haya una relaci\u00f3n muy fluida con el exterior, que no solamente el exterior se haga presente dentro de la vivienda, sino que a su vez la transici\u00f3n de los espacios interiores a los exteriores sea muy natural, pausada y sin gran dramatismo.<\/p>\n<p>En algunos puntos, pues se puede ver que hay elementos vegetales dentro de la casa, grandes ventanales y eso pues, b\u00e1sicamente es lo que se ha perseguido en todo el proyecto. El principal handicap que ten\u00edamos eran las proporciones un poco singulares de esta parcela, que era muy alargada.<\/p>\n<p>Entonces el proyecto ten\u00eda que solventar este tema y al final, bueno creo que se ha conseguido con la estructuraci\u00f3n de los espacios, con este gran hall que hay en la entrada, que permite articular todo el edificio y sin que d\u00e9 la sensaci\u00f3n de ser un espacio alargado ni much\u00edsimo menos entonces creo que el handicap inicial ha sido superado con creces con el proyecto.<\/p>\n<p>Se pretend\u00eda pues generar una entrada importante al nivel de la propia vivienda entonces de ah\u00ed esa escalera a su vez esa escalera tambi\u00e9n va apoyada, o la idea es que vaya apoyada en un muro de piedra, que ese muro de piedra hace un poco como la estructura de la vivienda y, a su vez, le da esa proporcionalidad que se pretend\u00eda desde el principio.<\/p>\n<p>La escultura se sit\u00faa en un patio. En un patio trasero pero est\u00e1 situada a prop\u00f3sito en ese punto para que sirva un poco como el eje de entrada a la vivienda.<\/p>\n<p>La vivienda parte de un cuerpo central, el punto de fuga tras el gran vest\u00edbulo de entrada es la escultura.<\/p>\n<p>Esa escultura, digamos, sirve de uni\u00f3n entre lo que es la entrada del visitante a la vivienda, como luego despu\u00e9s si est\u00e1s dentro de la vivienda, se puede ver a trav\u00e9s del propio comedor, la propia cocina, un poco \u00e9se es el punto de atracci\u00f3n desde la entrada.<\/p>\n<p>El volumen norte, donde est\u00e1 el gimnasio que es el volumen un poco m\u00e1s significativo por la forma y dem\u00e1s pues lleva una estructura importante porque es un cuerpo que est\u00e1 totalmente volado entonces hubo que meter una estructura triangular, estructura met\u00e1lica y cuando estaba ya la estructura hecha, pues el promotor pidi\u00f3 que por qu\u00e9 no se dejaba ver y al final pues as\u00ed hicimos, o sea, eso estaba previsto que fuese totalmente revestido de piedra y al final se puede ver que hay unos elementos met\u00e1licos que, digamos forman parte de la estructura y es algo natural que ha surgido sobre la marcha y yo creo que al final, pues ha sido interesante.<\/p>\n<p>Partimos de la base de que estamos con una villa contempor\u00e1nea de grandes dimensiones, que ten\u00eda, digamos muchos indicios de que pod\u00eda llegar a ser una villa muy fr\u00eda, por las dimensiones y por el tipo de arquitectura, entonces se han utilizado materiales muy c\u00e1lidos, especialmente la piedra travertino y la madera.<\/p>\n<p>Eso pues contribuye un poco a hacerlo m\u00e1s acogedor y aparte de que se integra mucho mejor en todo lo que es el entorno, aparte tambi\u00e9n del tema de los elementos vegetales que se reparten por toda la vivienda, la relaci\u00f3n con las terrazas y dem\u00e1s.<\/p>\n<p>Tiene importantes desaf\u00edos estructurales, por ejemplo, los porches. Si te das cuenta son unos porches grandes, sin pilares, todo volado, o sea, crea grandes espacios y bueno, pues a nivel estructural ha sido bastante importante tanto lo que hablaba antes del cuerpo trasero del gimnasio, que va totalmente volado sobre el porche, como en el porche que da al sur.<\/p>\n<p>Tanto en planta baja como en planta superior la idea que se pretend\u00eda es de planta libre, que no hubiese pilares, que el entorno, como vemos al principio, se meta dentro de lo que es la propia vivienda y que haya un contacto directo y fluido entre el interior de la vivienda y el exterior.<\/p>\n<p>Es importante en este tipo de villa un poco cuidar los detalles y que los detalles est\u00e9n a nivel del tipo de vivienda que estamos trabajando.<\/p>\n<p>Aqu\u00ed se ha tenido mucho cuidado con el tema del dise\u00f1o de los techos, que es algo singular, con la altura del rodapi\u00e9s, una altura m\u00e1s alta de lo est\u00e1ndar, de lo normal, y el formato del suelo, que es en piedra natural, piedra caliza palancar de gran formato.<\/p>\n<p>El dise\u00f1o de todo lo que son las habitaciones, del guardarropa, por ejemplo, la carpinter\u00eda va suelo techo, a una altura m\u00e1s alta de lo normal todo un poco para ir en l\u00ednea con este tipo de vivienda que queremos construir o, en este caso, que se ha construido y en base un poco a la exigencia del mercado.<\/p>\n<p>La zona norte, el gimnasio, para m\u00ed es un punto fant\u00e1stico porque es un encuentro entre el entorno, que habl\u00e1bamos antes, se ve toda La Concha, el espacio es ideal.<\/p>\n<p>Luego, como antesala a ese gimnasio, hay un elemento vegetal que es un olivo que hace de filtro, para un poco ir pausando ese contacto con el exterior y, a su vez tambi\u00e9n sirve un poco como punto de atracci\u00f3n una vez que est\u00e1s en el hall y miras hacia el norte y ves como el exterior se hace presente dentro de la vivienda. Entonces yo creo que ese espacio es \u00fanico.<\/p>\n<p>Cuando recibimos el encargo, nuestro cliente el Grupo Vasari nos dio libertad pr\u00e1cticamente total en hacer lo que crey\u00e9ramos conveniente.<\/p>\n<p>Es verdad que siempre participa un poco en todo, colabora con nosotros, pero la idea b\u00e1sicamente era hacer una villa contempor\u00e1nea y mantener esa relaci\u00f3n con el entorno, o sea, hacer que el entorno se hiciera presente en todos los puntos de la vivienda y creo que al final eso se ha conseguido.<\/p>\n","protected":false},"excerpt":{"rendered":"<p>Nos complace presentarles el tercer episodio de The Architect Series, una serie de v\u00eddeos en los que destacamos y reconocemos el trabajo y el cuidado que se dedica a la creaci\u00f3n de algunas de las casas m\u00e1s importantes de Marbella y a trav\u00e9s de los cuales apoyamos a la comunidad de arquitectos y dise\u00f1adores de&#8230;<\/p>\n","protected":false},"author":3,"featured_media":40056,"comment_status":"closed","ping_status":"closed","sticky":false,"template":"","format":"standard","meta":{"_acf_changed":false,"footnotes":""},"categories":[2011,1341],"tags":[1967,1988],"class_list":["post-40058","post","type-post","status-publish","format-standard","has-post-thumbnail","hentry","category-the-architect-series-es","category-propiedades","tag-dm4977-05-es","tag-the-architect-series-es"],"acf":[],"_links":{"self":[{"href":"https:\/\/www.dmproperties.com\/es\/wp-json\/wp\/v2\/posts\/40058","targetHints":{"allow":["GET"]}}],"collection":[{"href":"https:\/\/www.dmproperties.com\/es\/wp-json\/wp\/v2\/posts"}],"about":[{"href":"https:\/\/www.dmproperties.com\/es\/wp-json\/wp\/v2\/types\/post"}],"author":[{"embeddable":true,"href":"https:\/\/www.dmproperties.com\/es\/wp-json\/wp\/v2\/users\/3"}],"replies":[{"embeddable":true,"href":"https:\/\/www.dmproperties.com\/es\/wp-json\/wp\/v2\/comments?post=40058"}],"version-history":[{"count":0,"href":"https:\/\/www.dmproperties.com\/es\/wp-json\/wp\/v2\/posts\/40058\/revisions"}],"wp:featuredmedia":[{"embeddable":true,"href":"https:\/\/www.dmproperties.com\/es\/wp-json\/wp\/v2\/media\/40056"}],"wp:attachment":[{"href":"https:\/\/www.dmproperties.com\/es\/wp-json\/wp\/v2\/media?parent=40058"}],"wp:term":[{"taxonomy":"category","embeddable":true,"href":"https:\/\/www.dmproperties.com\/es\/wp-json\/wp\/v2\/categories?post=40058"},{"taxonomy":"post_tag","embeddable":true,"href":"https:\/\/www.dmproperties.com\/es\/wp-json\/wp\/v2\/tags?post=40058"}],"curies":[{"name":"wp","href":"https:\/\/api.w.org\/{rel}","templated":true}]}}