{"id":4055,"date":"2012-09-04T14:47:15","date_gmt":"2012-09-04T13:47:15","guid":{"rendered":"https:\/\/www.dmproperties.com\/es\/?p=4055"},"modified":"2023-06-26T08:34:54","modified_gmt":"2023-06-26T06:34:54","slug":"festival-de-la-luna-mora-en-guaro","status":"publish","type":"post","link":"https:\/\/www.dmproperties.com\/es\/4055-festival-de-la-luna-mora-en-guaro","title":{"rendered":"Festival de la Luna Mora en Guaro"},"content":{"rendered":"<p><strong>Cada a\u00f1o, en Septiembre, en el bonito pueblo de Guaro situado en la monta\u00f1a detr\u00e1s de Marbella dentro de la <a href=\"https:\/\/www.dmproperties.com\/es\/propiedades\" title=\"Marbella, Propiedades en venta en la Costa del Sol\">provincia de M\u00e1laga<\/a>, se organiza un festival de cultura y espiritualidad que puede considerarse \u00fanico y especial, incluso en este pa\u00eds tan propicio a las ferias, carnavales y celebraciones populares.<\/strong><\/p>\n<picture><source sizes=\"(max-width: 575px) calc(100vw - 30px),(max-width: 767px) 510px,(max-width: 991px) 690px,(max-width: 1199px) 595px,(max-width: 1399px) 810px, 945px\" width=\"945\" height=\"708.75\" srcset=\"https:\/\/media.inmobalia.com\/imgV1\/B98Le8~d7Me8Ymh25g8UJ3ypDtZ8Y3FecBCLxExjtFW~kNtmDiPvo~DIQuVSZWz~B8cOgqypLAdfYgSonxMWAYCe1G2bVZhyATkTebpSl~gyQZ088fGTzJEeLmz~7~SryjD8AU2_IsrhyJX9hD5elI1WXQ--.jpg 945w,https:\/\/media.inmobalia.com\/imgV1\/B98Le8~d7MvRbj7Vv7fDLn6_Ew7ABi8pUTpfr~FoJsmhwgR1h1fB8_lyN~udGsKWhjkcv9FMCryyiOTJ4s5b5CBLMQj0lyS6n1SsGYNIeLHVv~3v32ZiqGL_bCcbbRiYfpvlXcbjkI1qqjvtsJzsYCLL6A--.jpg 595w\" type=\"image\/webp\"><img loading=\"lazy\" decoding=\"async\" class=\"aligncenter size-large wp-image-4056\" width=\"610\" height=\"457\" alt=\"Luna Mora de Guaro\" src=\"https:\/\/media.inmobalia.com\/imgV1\/B98Le8~d7Me8YmhhhFsYM4czod~~P0fCuzkjRHefNZZlhRfNduPlI3aPbyA~VRE9VHhfPWX0FOyRrgTAdVTIEG~CGGWsdcSkLdrnvnHUNffDhN4MAgCbfkHb67qssF2drPYv.jpg\"><\/picture>\n<p>Como uno de los escasos eventos anuales que se centra espec\u00edficamente en el gran legado de la cultura \u00e1rabe en esta regi\u00f3n de al-Andalus, el Festival de la Luna Mora en Guaro es una oportunidad para viajar en el tiempo a un pasado en el que la mayor\u00eda del territorio espa\u00f1ol estaba bajo el dominio de los conquistadores \u00e1rabes del norte de \u00c1frica. Trajeron su cultura, religi\u00f3n y m\u00fasica, y su influencia ha quedado patente desde entonces, incluso despu\u00e9s de la Reconquista cat\u00f3lica de la Pen\u00ednsula Ib\u00e9rica. <\/p>\n<p><picture><source sizes=\"(max-width: 575px) calc(100vw - 30px),(max-width: 767px) 510px,(max-width: 991px) 242px,(max-width: 1199px) 209px,(max-width: 1399px) 284px, 331px\" width=\"400\" height=\"266\" srcset=\"https:\/\/media.inmobalia.com\/imgV1\/B98Le8~d7MrcTEXIW37dXkrAY6oRPWbeHaQzIG~jTlNgIA8HILVNjmpboAp64O~7hHceVcwMEXppIoExIYdqikzsXPv9lIo6TOEKZAeO939gZI2GmJOmGlof9nIFbinKhLu_lcdbhNXEaRRtpdE-.jpg 400w\" type=\"image\/webp\"><img decoding=\"async\" loading=\"lazy\" class=\"alignright size-medium wp-image-4959\" width=\"305\" height=\"202\" alt=\"Luna Mora, Guaro\" src=\"https:\/\/media.inmobalia.com\/imgV1\/B98Le8~d7MrcTEXfoROUTGUjklVbTeUvQq9Bzv_v1n1Bi_6NgvBdaKxT2lS1iL4S4pPBQcbmjHt6a2fOe6FimSIJ07KxXAEiYfH3Eti5wM~hrQ7TDXrU1ENsKL8aFg--.jpg\"><\/picture>La Luna Mora celebra la grandeza de todo lo que los \u00e1rabes trajeron a Andaluc\u00eda, desde arte, poes\u00eda y literatura hasta cultura, trajes t\u00edpicos, comida y las ciencias cl\u00e1sicas que progresaron durante su hegemon\u00eda. Por ello el pueblo de Guaro adopta una apariencia algo peculiar durante este festival, para que su aspecto y ambiente nos trasladen de la manera m\u00e1s aut\u00e9ntica a un escenario propio de 500 a\u00f1os atr\u00e1s.<\/p>\n<p><strong>Luna Mora 2012<\/strong><\/p>\n<p>Este a\u00f1o, el festival comienza el viernes 7 de septiembre, con la apertura del zoco morisco de artesanos a las 17:00 en el pintoresco centro del pueblo. Este acto es el primero de una serie de eventos y actividades en diferentes puntos de Guaro, desde talleres de pintura y galer\u00edas de arte al entretenimiento interactivo para los m\u00e1s peque\u00f1os, si bien lo m\u00e1s caracter\u00edstico de este festival es el encendido de m\u00e1s de 20.000 velas que transforman las calles y plazas de este pueblo blanco en uno de los lugares con m\u00e1s encanto y ambiente singular de toda Europa, no solo de Espa\u00f1a.<\/p>\n<p>Una vez iluminadas, las calles se convierten en el escenario de una celebraci\u00f3n visualmente m\u00e1gica dentro de un ambiente relativamente tranquilo, en la que se conmemora la historia y naturaleza de este lugar mientras cientos de personas pasean por todo el pueblo entre la multitud compuesta de vecinos locales y visitantes por igual. En su parte espiritual, Luna Mora difiere bastante de las fiestas espa\u00f1olas m\u00e1s t\u00edpicas, en las que predomina la diversi\u00f3n bulliciosa. Los organizadores son consecuentes con ello, sirviendo como tel\u00f3n de fondo de un festival cultural y musical con un toque diferente.<\/p>\n<p><picture><source sizes=\"(max-width: 575px) calc(100vw - 30px),(max-width: 767px) 510px,(max-width: 991px) 242px,(max-width: 1199px) 209px,(max-width: 1399px) 284px, 331px\" width=\"510\" height=\"536.84210526316\" srcset=\"https:\/\/media.inmobalia.com\/imgV1\/B98Le8~d7MvZypuPyYxIC9Go4pGcJ6BFKz0a~7bst1Zx2hhS0xNgJNBoRY~WFnGbk6Gep5NC2F2uX28KFNE8u8ph8TXvmWHTa2Eqv00lo6qv1chrlX~Ns3fn_808HejH0YGmH2lSOl~XI0uh5rW5Siy9vg--.jpg 510w,https:\/\/media.inmobalia.com\/imgV1\/B98Le8~d7MvfJnLue6DCNHX0XMHDzg~qsAc6_a~VuqH~diyY5Ch0CUxkEUccO7NCbeJqfr8PhS_WYcC67PoWYnUZa3zASLJlDBxIsS4PAX6NloQ2di11AGTf5URL2mb8DvRG7upjQ3JhQiP0IJbhLCbcWA--.jpg 570w\" type=\"image\/webp\"><img decoding=\"async\" loading=\"lazy\" class=\"alignright size-medium wp-image-4960\" width=\"305\" height=\"321\" alt=\"Luna Mora Guaro 2012\" src=\"https:\/\/media.inmobalia.com\/imgV1\/B98Le8~d7MvZypuYbhLulf74I7cGH1t4yG~zNysJTUh9Wcum7kcWKvZMlxdjF1YrPv4LFQgUrkucJCsDeHoUZE3do5B02BG31aQbDfAHZsE6yIuskRSIjYTBIScgfrbtBUCR.jpg\"><\/picture>El festival empieza el viernes 7 de septiembre y contin\u00faa el s\u00e1bado, con m\u00e1s actividades relacionadas con el arte, cultura y diversi\u00f3n que inundan las calles con un ambiente especial y poco habitual en este tranquilo pueblo rodeado de monta\u00f1as. M\u00fasica, poes\u00eda y literatura adquieren gran relevancia en el programa del festival, como recuerdo al pasado morisco de Guaro y su herencia cultural. <\/p>\n<p>La vida en <a href=\"http:\/\/guaro.es\/\" title=\"www.guaro.es\" rel=\"nofollow noopener noreferrer\" target=\"_blank\">Guaro<\/a> vuelve a la normalidad durante la semana siguiente, hasta el viernes 14 cuando el Festival de la Luna Mora alcanza su punto \u00e1lgido y especialmente el s\u00e1bado 15 de septiembre, culminando con un desfile de caftanes, cuenta-cuentos, espect\u00e1culos de danza, m\u00fasica y teatro mientras se van encendiendo m\u00e1s de 20.000 velas.<\/p>\n","protected":false},"excerpt":{"rendered":"<p>Cada a\u00f1o, en Septiembre, en el bonito pueblo de Guaro situado en la monta\u00f1a detr\u00e1s de Marbella dentro de la provincia de M\u00e1laga, se organiza un festival de cultura y espiritualidad que puede considerarse \u00fanico y especial, incluso en este pa\u00eds tan propicio a las ferias, carnavales y celebraciones populares.<\/p>\n","protected":false},"author":2,"featured_media":4056,"comment_status":"closed","ping_status":"closed","sticky":false,"template":"","format":"standard","meta":{"_acf_changed":false,"footnotes":""},"categories":[1329,1337],"tags":[],"class_list":["post-4055","post","type-post","status-publish","format-standard","has-post-thumbnail","hentry","category-estilo-de-vida","category-noticias"],"acf":[],"_links":{"self":[{"href":"https:\/\/www.dmproperties.com\/es\/wp-json\/wp\/v2\/posts\/4055","targetHints":{"allow":["GET"]}}],"collection":[{"href":"https:\/\/www.dmproperties.com\/es\/wp-json\/wp\/v2\/posts"}],"about":[{"href":"https:\/\/www.dmproperties.com\/es\/wp-json\/wp\/v2\/types\/post"}],"author":[{"embeddable":true,"href":"https:\/\/www.dmproperties.com\/es\/wp-json\/wp\/v2\/users\/2"}],"replies":[{"embeddable":true,"href":"https:\/\/www.dmproperties.com\/es\/wp-json\/wp\/v2\/comments?post=4055"}],"version-history":[{"count":0,"href":"https:\/\/www.dmproperties.com\/es\/wp-json\/wp\/v2\/posts\/4055\/revisions"}],"wp:featuredmedia":[{"embeddable":true,"href":"https:\/\/www.dmproperties.com\/es\/wp-json\/wp\/v2\/media\/4056"}],"wp:attachment":[{"href":"https:\/\/www.dmproperties.com\/es\/wp-json\/wp\/v2\/media?parent=4055"}],"wp:term":[{"taxonomy":"category","embeddable":true,"href":"https:\/\/www.dmproperties.com\/es\/wp-json\/wp\/v2\/categories?post=4055"},{"taxonomy":"post_tag","embeddable":true,"href":"https:\/\/www.dmproperties.com\/es\/wp-json\/wp\/v2\/tags?post=4055"}],"curies":[{"name":"wp","href":"https:\/\/api.w.org\/{rel}","templated":true}]}}