{"id":42368,"date":"2024-04-08T09:01:13","date_gmt":"2024-04-08T07:01:13","guid":{"rendered":"https:\/\/www.dmproperties.com\/?p=42368"},"modified":"2025-05-02T10:50:03","modified_gmt":"2025-05-02T08:50:03","slug":"pedro-pena-interiorismo","status":"publish","type":"post","link":"https:\/\/www.dmproperties.com\/es\/42368-pedro-pena-interiorismo","title":{"rendered":"Pedro Pe\u00f1a: un legado de interiorismo de lujo"},"content":{"rendered":"<p><strong>En nuestra <a href=\"https:\/\/www.dmproperties.com\/es\/cat\/the-professional-series-es\">Inside Marbella Luxury<\/a> serie que examina a las profesionales m\u00e1s destacados del mundo inmobiliario y del dise\u00f1o de Marbella, era inevitable llegar a la puerta de Pedro Pe\u00f1a, el l\u00edder del dise\u00f1o de interiores reconocido por sus creaciones vanguardistas, que han establecido un estilo propio y exclusivo que ha perdurado a lo largo de las d\u00e9cadas. <\/strong><\/p>\n<h2 ><span class=\"position-absolute\" style=\"top: -120px\" id=\"quien+es+pedro+pena\"><\/span>\u00bfQui\u00e9n es Pedro Pe\u00f1a?<\/h2>\n<p><picture><source sizes=\"(max-width: 575px) calc(100vw - 30px),(max-width: 767px) 510px,(max-width: 991px) 242px,(max-width: 1199px) 209px,(max-width: 1399px) 284px, 331px\" width=\"510\" height=\"905.72222222222\" srcset=\"https:\/\/media.inmobalia.com\/imgV1\/B98Le8~d7MvZypuPyYxIC9Go4pGcJ6BFKz0a~7bst1Zx2hhS0xNgJNBoRY~WFnGbk6Gep5NC2F2uX28KFNE8u8ph8TXvmWHTa2Eqv00lo6qv1chrlXwKk_w0dz~a57k0OT25~F2LAG0ctL7bwvNhjg--.jpg 510w,https:\/\/media.inmobalia.com\/imgV1\/B98Le8~d7Me8Ymh25g8UJ3ypDtZ8Y3FecBCLxExjtFW~kNtmDiPvo~DIQuVSZWz~B8cOgqypLAdfYgSonxMWAYCe1G2bVZhyATkTebpSl~gyQZ088fLkbrTfNANUZBalSgTdZNhVkhPfXCjcp1lF~Q--.jpg 945w\" type=\"image\/webp\"><img loading=\"lazy\" decoding=\"async\" class=\"alignright size-full wp-image-42342 img-fluid\" width=\"1080\" height=\"1918\" alt=\"Fotograf\u00eda de Pedro Pe\u00f1a\" src=\"https:\/\/media.inmobalia.com\/imgV1\/B98Le8~d7MvZypuYbhLulf74I7cGH1t4yG~zNysJTUh9Wcum7kcWKvZMlxdjF1YrPv4LFQgUrkucJCsDeHoUZE3do5B02_W72N4~sBLTcYzm4utAVWtE6Ujjs7lUTbV7.jpg\"><\/picture><br \/>\nCon m\u00e1s de 40 a\u00f1os de experiencia, Pe\u00f1a se ha convertido en un punto de referencia para el interiorismo de lujo de Marbella, perfeccionando su talento a trav\u00e9s de la exposici\u00f3n a diversas corrientes art\u00edsticas del panorama internacional. Sus proyectos, tanto a nivel nacional como internacional, en ciudades como Par\u00eds, Londres, Nueva York, Madrid y, sobre todo, Marbella, foco de su inspiraci\u00f3n, destacan por su originalidad y exclusividad.<\/p>\n<p>Contin\u00fae leyendo y descubra en qu\u00e9 se inspira, d\u00f3nde se ubica su estudio y showroom y qu\u00e9 le depara el futuro a este inspirador incondicional de Marbella.<\/p>\n<h2 ><span class=\"position-absolute\" style=\"top: -120px\" id=\"fundacion+y+evolucion\"><\/span>Fundaci\u00f3n y evoluci\u00f3n<\/h2>\n<p>La creaci\u00f3n de la empresa hom\u00f3nima de Pedro Pe\u00f1a en 1972 marc\u00f3 el comienzo de un viaje transformador en la industria del dise\u00f1o de interiores de lujo. La temprana fascinaci\u00f3n de Pe\u00f1a por la arquitectura sent\u00f3 las bases de lo que se convirti\u00f3 en una pasi\u00f3n por el dise\u00f1o que le acompa\u00f1ar\u00eda toda la vida. Sus a\u00f1os de formaci\u00f3n transcurrieron inmerso en los vibrantes c\u00edrculos art\u00edsticos de Madrid durante los a\u00f1os 60 y 70, un periodo que influy\u00f3 profundamente en su sensibilidad est\u00e9tica y su enfoque del espacio, la forma y el color.<\/p>\n<p>Sin embargo, fue su posterior traslado a Marbella lo que realmente cataliz\u00f3 su carrera en el dise\u00f1o de interiores. La din\u00e1mica vida social de la Marbella de la \u00e9poca, unida a sus v\u00ednculos con arquitectos de renombre, constituyeron el tel\u00f3n de fondo perfecto para que Pe\u00f1a fusionara sus conocimientos de arquitectura con su creciente inter\u00e9s por las artes.<\/p>\n<p>A pesar de que sus estudios de arquitectura le proporcionaron una base s\u00f3lida, la carrera de Pe\u00f1a en el dise\u00f1o de interiores fue en gran medida autodidacta, caracterizada por la experiencia pr\u00e1ctica y una b\u00fasqueda incesante de la excelencia en el dise\u00f1o, impulsada por su pasi\u00f3n por las artes. Este enfoque art\u00edstico le permiti\u00f3 desarrollar un estilo \u00fanico que no tiene comparaci\u00f3n.<\/p>\n<p>En la actualidad, la empresa ha ampliado su oferta con un equipo multidisciplinar de casi cien profesionales, una planta de producci\u00f3n de muebles a medida de \u00faltima generaci\u00f3n, una exclusiva sala de exposiciones con marcas de prestigio y una galer\u00eda de arte. Al frente de este empe\u00f1o se encuentra el propio Pedro Pe\u00f1a, junto a la segunda generaci\u00f3n y un consolidado equipo de l\u00edderes en cada uno de sus respectivos campos.<\/p>\n<h2 ><span class=\"position-absolute\" style=\"top: -120px\" id=\"modestos+comienzos\"><\/span>Modestos comienzos<\/h2>\n<p>La oficina inicial de la empresa en la Urbanizaci\u00f3n El Capricho fue un comienzo modesto, que sent\u00f3 las bases de lo que se convertir\u00eda en un reconocido estudio de dise\u00f1o. En el a\u00f1o 2000, Pedro Pe\u00f1a se traslad\u00f3 a su sede actual en la Milla de Oro de Marbella, impulsado por el deseo de crear un espacio que reflejara fielmente su filosof\u00eda de dise\u00f1o.<\/p>\n<p>Este traslado no fue s\u00f3lo un cambio de ubicaci\u00f3n, sino un paso importante para hacer realidad el sue\u00f1o de exhibir su cuidada selecci\u00f3n de muebles y obras de arte. En la actualidad, Pedro Pe\u00f1a emplea a casi un centenar de profesionales de diversas disciplinas, todos ellos dedicados a dar vida a dise\u00f1os visionarios.<\/p>\n<h2 ><span class=\"position-absolute\" style=\"top: -120px\" id=\"un+destino+de+diseno\"><\/span>Un destino de dise\u00f1o<\/h2>\n<p>Situado en el coraz\u00f3n de Marbella, el showroom de Pedro Pe\u00f1a es un testimonio del compromiso de la marca con la innovaci\u00f3n y la creatividad. Famoso por sus exposiciones din\u00e1micas y en constante evoluci\u00f3n, el showroom atrae a visitantes de todo el mundo, deseosos de experimentar las \u00faltimas tendencias e innovaciones en dise\u00f1o de interiores. Este espacio es m\u00e1s que una sala de exposiciones; es un destino donde convergen el arte y el dise\u00f1o, mostrando el estilo \u00fanico y la creatividad de Pedro Pe\u00f1a en ambientes ecl\u00e9cticos que cautivan e inspiran.<\/p>\n<picture><source sizes=\"(max-width: 575px) calc(100vw - 30px),(max-width: 767px) 510px,(max-width: 991px) 690px,(max-width: 1199px) 595px,(max-width: 1399px) 810px, 945px\" width=\"945\" height=\"531.5625\" srcset=\"https:\/\/media.inmobalia.com\/imgV1\/B98Le8~d7Me8Ymh25g8UJ3ypDtZ8Y3FecBCLxExjtFW~kNtmDiPvo~DIQuVSZWz~B8cOgqypLAdfYgSonxMWAYCe1G2bVZhyATkTebpSl~gyQZ088fLkbrTfNANUZBalSgTdZNhVnAuQdNX5Nb6XFnXVVjnOQP71pQ1GpvuWyNmVpIIwzbDeAuk-.jpg 945w,https:\/\/media.inmobalia.com\/imgV1\/B98Le8~d7MvRbj7Vv7fDLn6_Ew7ABi8pUTpfr~FoJsmhwgR1h1fB8_lyN~udGsKWhjkcv9FMCryyiOTJ4s5b5CBLMQj0lyS6n1SsGYNIeLHVv~3v32Xn9kmrnOsCzvTxMfuswG35FGWTvcgb3YABmxfy7jHi23UnpUrfP5pzuttiWMCYwmrmFqM-.jpg 595w\" type=\"image\/webp\"><img decoding=\"async\" loading=\"lazy\" class=\"alignnone size-full wp-image-42362 img-fluid\" width=\"1920\" height=\"1080\" alt=\"Foto del showroom de Pedro Pe\u00f1a\" src=\"https:\/\/media.inmobalia.com\/imgV1\/B98Le8~d7Me8YmhhhFsYM4czod~~P0fCuzkjRHefNZZlhRfNduPlI3aPbyA~VRE9VHhfPWX0FOyRrgTAdVTIEG~CGGWsdoFFar2r2T5X~rn_TbjFHrKCxpSdsrC6L8E7Q_rrFDhpqCPylK_CK8QqzyZM8jVVXCLw8g--.jpg\"><\/picture>\n<h2 ><span class=\"position-absolute\" style=\"top: -120px\" id=\"proceso+de+diseno\"><\/span>Proceso de dise\u00f1o<\/h2>\n<p>Pedro Pe\u00f1a Interior Design est\u00e1 totalmente comprometido con cada proyecto de principio a fin. El proceso comienza con la comprensi\u00f3n de la visi\u00f3n y las necesidades del cliente, seguido de la concepci\u00f3n de un espacio que es a la vez \u00fanico y funcional. El enfoque de Pe\u00f1a se centra en el cliente y en crear un entorno del que no s\u00f3lo se sienta orgulloso, sino que tambi\u00e9n disfrute viviendo en \u00e9l. Esta dedicaci\u00f3n a la satisfacci\u00f3n del cliente y la atenci\u00f3n al detalle es lo que distingue a Pedro Pe\u00f1a en el mundo del dise\u00f1o de interiores de lujo.<\/p>\n<h2 ><span class=\"position-absolute\" style=\"top: -120px\" id=\"gama+de+servicios\"><\/span>Gama de servicios<\/h2>\n<p>Pedro Pe\u00f1a ofrece un servicio de interiorismo exclusivo y personalizado que va m\u00e1s all\u00e1 de la mera decoraci\u00f3n. Su estudio es conocido por un dise\u00f1o caracterizado por proporciones y formas atrevidas que fusionan luz y contraste con un ambiente c\u00e1lido. Para conseguirlo, Pe\u00f1a y su equipo se apoyan en firmas de dise\u00f1o de alta gama y en materiales de calidad excepcional, como las maderas y chapas m\u00e1s nobles, combinadas con tejidos exclusivos, pieles y metales pulidos de forma elaborada.<\/p>\n<p>Este enfoque permite crear ambientes \u00fanicos en los que se aprecia una mezcla intensa pero coherente de diferentes estilos e influencias mediterr\u00e1neas, como los intensos colores espa\u00f1oles, la sofisticaci\u00f3n francesa o el exotismo isl\u00e1mico. Como defensor de la artesan\u00eda, el arte y la innovaci\u00f3n, Pedro Pe\u00f1a representa en Espa\u00f1a a la casa italiana Boffi, conocida por su sostenibilidad, funcionalidad y exquisito dise\u00f1o, entre otras marcas de dise\u00f1o italianas e internacionales, como Armani Casa, Exteta y Henge.<\/p>\n<h2 ><span class=\"position-absolute\" style=\"top: -120px\" id=\"espera+lo+inesperado\"><\/span>Espera lo inesperado<\/h2>\n<p>Pedro Pe\u00f1a no es s\u00f3lo un dise\u00f1ador de interiores: los clientes de la empresa tambi\u00e9n pueden beneficiarse de piezas \u00fanicas creadas en su taller de Marbella, que produce una serie limitada de muebles exclusivos, hechos a mano, a partir de m\u00e1s de treinta a\u00f1os de artesan\u00eda. Estas piezas, caracterizadas por su dise\u00f1o innovador y materiales superiores, reflejan la apuesta de Pedro Pe\u00f1a por una est\u00e9tica vanguardista, protagonizada por colores vibrantes y formas abstractas.<\/p>\n<p>En 2018, la empresa fue pionera en una divisi\u00f3n para fusionar las nuevas tecnolog\u00edas con el dise\u00f1o de interiores, mejorando notablemente sus muebles mezclando t\u00e9cnicas ancestrales con la \u00faltima tecnolog\u00eda. La experiencia del estudio en la combinaci\u00f3n de materiales raros e innovadores da como resultado muebles distintivos que destacan por su calidad y dise\u00f1o. Utilizando maderas ecol\u00f3gicas, piedras en bruto, lat\u00f3n y pieles y tejidos nobles, Pedro Pe\u00f1a crea piezas cautivadoras y vers\u00e1tiles que satisfacen los gustos de los decoradores m\u00e1s aventureros.<\/p>\n<picture><source sizes=\"(max-width: 575px) calc(100vw - 30px),(max-width: 767px) 510px,(max-width: 991px) 690px,(max-width: 1199px) 595px,(max-width: 1399px) 810px, 945px\" width=\"945\" height=\"434.6015625\" srcset=\"https:\/\/media.inmobalia.com\/imgV1\/B98Le8~d7Me8Ymh25g8UJ3ypDtZ8Y3FecBCLxExjtFW~kNtmDiPvo~DIQuVSZWz~B8cOgqypLAdfYgSonxMWAYCe1G2bVZhyATkTebpSl~gyQZ088fLkbrTfNANUZBalSgTdZNhVnAuQdNX5Nb6XFnXVVjnOQL6FW8asFH_kZk5Jig--.jpg 945w,https:\/\/media.inmobalia.com\/imgV1\/B98Le8~d7MvRbj7Vv7fDLn6_Ew7ABi8pUTpfr~FoJsmhwgR1h1fB8_lyN~udGsKWhjkcv9FMCryyiOTJ4s5b5CBLMQj0lyS6n1SsGYNIeLHVv~3v32Xn9kmrnOsCzvTxMfuswG35FGWTvcgb3YABmxfy7jHi2zVPaU~OiAl7dXmwdA--.jpg 595w\" type=\"image\/webp\"><img decoding=\"async\" loading=\"lazy\" class=\"alignnone size-full wp-image-42352 img-fluid\" width=\"1920\" height=\"883\" alt=\"Foto de un interior dise\u00f1ado por Pedro Pe\u00f1a\" src=\"https:\/\/media.inmobalia.com\/imgV1\/B98Le8~d7Me8YmhhhFsYM4czod~~P0fCuzkjRHefNZZlhRfNduPlI3aPbyA~VRE9VHhfPWX0FOyRrgTAdVTIEG~CGGWsdoFFar2r2T5X~rn_TbjFHrKCxpSdsrC6L8E7Q_rrFDhp6BM32Fj_zI6P51Ee.jpg\"><\/picture>\n<h2 ><span class=\"position-absolute\" style=\"top: -120px\" id=\"proyectos+destacados\"><\/span>Proyectos destacados<\/h2>\n<p>Los proyectos emblem\u00e1ticos de Pedro Pe\u00f1a reflejan su compromiso de crear lugares \u00fanicos, suntuosos y funcionales donde los clientes puedan sentirse c\u00f3modos y disfrutar de cada momento. Estos proyectos muestran una mezcla especial de estilos mediterr\u00e1neos, logrando armon\u00eda con una fuerte personalidad y un toque contempor\u00e1neo. Cada concepto es un testimonio de la capacidad de Pe\u00f1a para escuchar e interpretar las diferentes necesidades del cliente, dise\u00f1ando espacios que no s\u00f3lo son est\u00e9ticamente agradables, sino tambi\u00e9n profundamente personales y que reflejan el estilo de vida del cliente.<\/p>\n<p>Cuando se le pide que destaque proyectos concretos, Pe\u00f1a se muestra reticente e insiste en que todos los proyectos de su empresa se abordan con el mismo nivel de dedicaci\u00f3n, creatividad y excelencia, por lo que es dif\u00edcil decantarse por uno u otro.<\/p>\n<blockquote class=\"blockquote position-relative font-italic bg-light pt-4 pr-4 pb-4 pl-6 my-5\"><p>\"Estamos orgullosos de todos nuestros proyectos porque siempre destacamos en todos los aspectos de nuestro servicio, ya sea en el dise\u00f1o o en la ejecuci\u00f3n\". - Pedro Pe\u00f1a<\/p><\/blockquote>\n<p>Esta perspectiva se basa en la creencia de que el valor y el impacto del trabajo no pueden cuantificarse mediante comparaciones. Por el contrario, Pe\u00f1a se enorgullece de los retos y logros \u00fanicos que presenta cada proyecto, consider\u00e1ndolos como oportunidades para sobresalir y ampliar los l\u00edmites del dise\u00f1o.<\/p>\n<h2 ><span class=\"position-absolute\" style=\"top: -120px\" id=\"colaboracion+con+el+cliente+y+tecnologia\"><\/span>Colaboraci\u00f3n con el cliente y tecnolog\u00eda<\/h2>\n<p>La base del \u00e9xito de Pedro Pe\u00f1a es un profundo compromiso con la colaboraci\u00f3n con el cliente. El proceso de dise\u00f1o es un viaje de aprendizaje mutuo, en el que se intercambian ideas sobre el estilo de vida y las preferencias del cliente, garantizando que cada proyecto refleje su visi\u00f3n. Este esp\u00edritu de colaboraci\u00f3n se refuerza con im\u00e1genes detalladas y muestras f\u00edsicas que permiten a los clientes visualizar el resultado de sus proyectos.<\/p>\n<p>La tecnolog\u00eda, especialmente las innovaciones en im\u00e1genes 3D, ha revolucionado la forma en que Pedro Pe\u00f1a aborda el dise\u00f1o. Estos avances permiten a los clientes considerar los dise\u00f1os con un nivel de detalle sin precedentes, facilitando el proceso creativo.<\/p>\n<picture><source sizes=\"(max-width: 575px) calc(100vw - 30px),(max-width: 767px) 510px,(max-width: 991px) 690px,(max-width: 1199px) 595px,(max-width: 1399px) 810px, 945px\" width=\"945\" height=\"519.75\" srcset=\"https:\/\/media.inmobalia.com\/imgV1\/B98Le8~d7Me8Ymh25g8UJ3ypDtZ8Y3FecBCLxExjtFW~kNtmDiPvo~DIQuVSZWz~B8cOgqypLAdfYgSonxMWAYCe1G2bVZhyATkTebpSl~gyQZ088fLkbrTfNANUZBalSgTdZNhVnAuQdNX5Nb6XFnXVVjnOQLw3q0kRI~FbiIrTWQ--.jpg 945w,https:\/\/media.inmobalia.com\/imgV1\/B98Le8~d7MvRbj7Vv7fDLn6_Ew7ABi8pUTpfr~FoJsmhwgR1h1fB8_lyN~udGsKWhjkcv9FMCryyiOTJ4s5b5CBLMQj0lyS6n1SsGYNIeLHVv~3v32Xn9kmrnOsCzvTxMfuswG35FGWTvcgb3YABmxfy7jHi2zdZi7yQDT9ruLHFGg--.jpg 595w\" type=\"image\/webp\"><img decoding=\"async\" loading=\"lazy\" class=\"alignnone size-full wp-image-42347 img-fluid\" width=\"1920\" height=\"1056\" alt=\"Foto de un dise\u00f1o de Pedro Pe\u00f1a\" src=\"https:\/\/media.inmobalia.com\/imgV1\/B98Le8~d7Me8YmhhhFsYM4czod~~P0fCuzkjRHefNZZlhRfNduPlI3aPbyA~VRE9VHhfPWX0FOyRrgTAdVTIEG~CGGWsdoFFar2r2T5X~rn_TbjFHrKCxpSdsrC6L8E7Q_rrFDhp6vt1G1g0kd_mZYox.jpg\"><\/picture>\n<h2 ><span class=\"position-absolute\" style=\"top: -120px\" id=\"sostenibilidad+y+perspectivas+de+futuro\"><\/span>Sostenibilidad y perspectivas de futuro<\/h2>\n<p><a href=\"https:\/\/www.dmproperties.com\/es\/12481-crecimiento-sostenible-lujo-triangulo-oro-marbella\">La sostenibilidad y los principios de dise\u00f1o respetuoso con el medio ambiente<\/a> son cada vez m\u00e1s importantes en los proyectos de la empresa. Su apuesta por los materiales naturales y los dise\u00f1os atemporales contribuye a la sostenibilidad medioambiental al prolongar la vida \u00fatil de las viviendas y su contenido.<\/p>\n<p>De cara al futuro, Pe\u00f1a est\u00e1 entusiasmado con el potencial de la tecnolog\u00eda para impulsar la innovaci\u00f3n en el dise\u00f1o de interiores. La pasi\u00f3n de la empresa por abrazar el cambio e integrar las nuevas tendencias con su experiencia en dise\u00f1o promete un mayor desarrollo y m\u00e1s innovaci\u00f3n y dise\u00f1os \u00fanicos.<\/p>\n<h2 ><span class=\"position-absolute\" style=\"top: -120px\" id=\"filosofia+del+diseno\"><\/span>Filosof\u00eda del dise\u00f1o<\/h2>\n<p>La filosof\u00eda de dise\u00f1o y trabajo de Pedro Pe\u00f1a, \"Superar las expectativas a trav\u00e9s del dise\u00f1o infinito y la excelencia\", resume el compromiso de superar las expectativas de los clientes y alcanzar la excelencia en cada proyecto. Esta filosof\u00eda impulsa la continua evoluci\u00f3n de la empresa en el <a href=\"https:\/\/www.dmproperties.com\/es\/40873-descubra-la-esencia-del-lujo-marbelli-inside-marbella-luxury\">sector del lujo<\/a>, garantizando que cada espacio que crea no sea s\u00f3lo testimonio de una proeza de dise\u00f1o, sino un espacio del que enamorarse.<\/p>\n<picture><source sizes=\"(max-width: 575px) calc(100vw - 30px),(max-width: 767px) 510px,(max-width: 991px) 690px,(max-width: 1199px) 595px,(max-width: 1399px) 810px, 945px\" width=\"945\" height=\"573.69308600337\" srcset=\"https:\/\/media.inmobalia.com\/imgV1\/B98Le8~d7Me8Ymh25g8UJ3ypDtZ8Y3FecBCLxExjtFW~kNtmDiPvo~DIQuVSZWz~B8cOgqypLAdfYgSonxMWAYCe1G2bVZhyATkTebpSl~gyQZ088fLkbrTfNANUZBalSgTdZNhVnAuQdNX5Nb6XFnXVVjnOQL80Ibi7q3YBgNgSFA--.jpg 945w,https:\/\/media.inmobalia.com\/imgV1\/B98Le8~d7MvRbj7Vv7fDLn6_Ew7ABi8pUTpfr~FoJsmhwgR1h1fB8_lyN~udGsKWhjkcv9FMCryyiOTJ4s5b5CBLMQj0lyS6n1SsGYNIeLHVv~3v32Xn9kmrnOsCzvTxMfuswG35FGWTvcgb3YABmxfy7jHi2zSiSCMsjFehKHm3PA--.jpg 595w\" type=\"image\/webp\"><img decoding=\"async\" loading=\"lazy\" class=\"alignnone size-full wp-image-42357 img-fluid\" width=\"1779\" height=\"1080\" alt=\"Foto de un dise\u00f1o de interior de Pedro Pe\u00f1a\" src=\"https:\/\/media.inmobalia.com\/imgV1\/B98Le8~d7Me8YmhhhFsYM4czod~~P0fCuzkjRHefNZZlhRfNduPlI3aPbyA~VRE9VHhfPWX0FOyRrgTAdVTIEG~CGGWsdoFFar2r2T5X~rn_TbjFHrKCxpSdsrC6L8E7Q_rrFDhp6bRF7U9azFb8lZ5N.jpg\"><\/picture>\n<h2 ><span class=\"position-absolute\" style=\"top: -120px\" id=\"datos\"><\/span>Datos:<\/h2>\n<ul>\n<li>Ubicaci\u00f3n: Marbella, Espa\u00f1a, con proyectos en todo el mundo.<\/li>\n<li>Especialidades: Dise\u00f1o de interiores vanguardista, arquitectura de interiores, producci\u00f3n artesanal de muebles y bellas artes.<\/li>\n<li>Materiales utilizados: Piedra natural, maderas nobles y chapas, metales pulidos, lat\u00f3n, pieles y tejidos exclusivos.<\/li>\n<li>Influencias: Integramos la esencia del estilo mediterr\u00e1neo contempor\u00e1neo con un rico tapiz de diversas perspectivas internacionales y multiculturales, enriquecidas por nuestra experiencia global.<\/li>\n<li>Representaciones: Armani Casa, Henge, Boffi - cocinas italianas, y Exteta, entre otras marcas.<\/li>\n<\/ul>\n","protected":false},"excerpt":{"rendered":"<p>En nuestra Inside Marbella Luxury serie que examina a las profesionales m\u00e1s destacados del mundo inmobiliario y del dise\u00f1o de Marbella, era inevitable llegar a la puerta de Pedro Pe\u00f1a, el l\u00edder del dise\u00f1o de interiores reconocido por sus creaciones vanguardistas, que han establecido un estilo propio y exclusivo que ha perdurado a lo largo&#8230;<\/p>\n","protected":false},"author":3,"featured_media":42378,"comment_status":"closed","ping_status":"closed","sticky":false,"template":"","format":"standard","meta":{"_acf_changed":false,"footnotes":""},"categories":[2015],"tags":[],"class_list":["post-42368","post","type-post","status-publish","format-standard","has-post-thumbnail","hentry","category-the-professional-series-es"],"acf":[],"_links":{"self":[{"href":"https:\/\/www.dmproperties.com\/es\/wp-json\/wp\/v2\/posts\/42368","targetHints":{"allow":["GET"]}}],"collection":[{"href":"https:\/\/www.dmproperties.com\/es\/wp-json\/wp\/v2\/posts"}],"about":[{"href":"https:\/\/www.dmproperties.com\/es\/wp-json\/wp\/v2\/types\/post"}],"author":[{"embeddable":true,"href":"https:\/\/www.dmproperties.com\/es\/wp-json\/wp\/v2\/users\/3"}],"replies":[{"embeddable":true,"href":"https:\/\/www.dmproperties.com\/es\/wp-json\/wp\/v2\/comments?post=42368"}],"version-history":[{"count":0,"href":"https:\/\/www.dmproperties.com\/es\/wp-json\/wp\/v2\/posts\/42368\/revisions"}],"wp:featuredmedia":[{"embeddable":true,"href":"https:\/\/www.dmproperties.com\/es\/wp-json\/wp\/v2\/media\/42378"}],"wp:attachment":[{"href":"https:\/\/www.dmproperties.com\/es\/wp-json\/wp\/v2\/media?parent=42368"}],"wp:term":[{"taxonomy":"category","embeddable":true,"href":"https:\/\/www.dmproperties.com\/es\/wp-json\/wp\/v2\/categories?post=42368"},{"taxonomy":"post_tag","embeddable":true,"href":"https:\/\/www.dmproperties.com\/es\/wp-json\/wp\/v2\/tags?post=42368"}],"curies":[{"name":"wp","href":"https:\/\/api.w.org\/{rel}","templated":true}]}}