{"id":43101,"date":"2024-06-18T12:43:44","date_gmt":"2024-06-18T10:43:44","guid":{"rendered":"https:\/\/www.dmproperties.com\/?p=43101"},"modified":"2024-06-18T13:16:52","modified_gmt":"2024-06-18T11:16:52","slug":"costa-del-sol-nuevas-iniciativas","status":"publish","type":"post","link":"https:\/\/www.dmproperties.com\/es\/43101-costa-del-sol-nuevas-iniciativas","title":{"rendered":"Costa del Sol en Auge: El Resurgir Econ\u00f3mico Impulsa Nuevas Iniciativas"},"content":{"rendered":"<p><strong>Desde el fin de las restricciones del COVID, la econom\u00eda de la Costa del Sol ha mostrado un crecimiento notable. Hemos visto r\u00e9cords en ventas inmobiliarias y un aumento en las visitas tur\u00edsticas. Esta recuperaci\u00f3n se debe a la demanda acumulada, la renovada confianza del consumidor y las inversiones estrat\u00e9gicas. El mercado inmobiliario ha alcanzado m\u00e1ximos hist\u00f3ricos en ventas de propiedades. El sector tur\u00edstico, clave para la econom\u00eda local, tambi\u00e9n se ha revitalizado significativamente.<\/strong><\/p>\n<picture><source sizes=\"(max-width: 575px) calc(100vw - 30px),(max-width: 767px) 510px,(max-width: 991px) 690px,(max-width: 1199px) 595px,(max-width: 1399px) 810px, 945px\" width=\"945\" height=\"629.22318125771\" srcset=\"https:\/\/media.inmobalia.com\/imgV1\/B98Le8~d7Me8Ymh25g8UJ3ypDtZ8Y3FecBCLxExjtFW~kNtmDiPvo~DIQuVSZWz~B8cOgqypLAdfYgSonxMWAYCe1G2bVZhyATkTebpSl~gyQZ088fLkbrTdPK3M01uXze9zceZKk~48p~5v7XxLfSz_PL1E649nhe84Iw--.jpg 945w,https:\/\/media.inmobalia.com\/imgV1\/B98Le8~d7MvRbj7Vv7fDLn6_Ew7ABi8pUTpfr~FoJsmhwgR1h1fB8_lyN~udGsKWhjkcv9FMCryyiOTJ4s5b5CBLMQj0lyS6n1SsGYNIeLHVv~3v32Xn9kmpME6fMlFHzzbd~hNlb5QgMYeNkZfIupnBtnfgg2Aig6EZ4g--.jpg 595w\" type=\"image\/webp\"><img loading=\"lazy\" decoding=\"async\" class=\"alignnone size-full wp-image-43080 img-fluid\" width=\"1622\" height=\"1080\" alt=\"Estepona\" src=\"https:\/\/media.inmobalia.com\/imgV1\/B98Le8~d7Me8YmhhhFsYM4czod~~P0fCuzkjRHefNZZlhRfNduPlI3aPbyA~VRE9VHhfPWX0FOyRrgTAdVTIEG~CGGWsdoFFar~ZMQ1qsgW9_obY3KK2FNESXEYZH_WaS1QtmF6yJyFxNiYZ.jpg\"><\/picture>\n<p>Este auge econ\u00f3mico ha desencadenado un dinamismo empresarial. Tanto emprendedores como empresas consolidadas est\u00e1n aprovechando para innovar y expandirse. El aumento de turistas y nuevos residentes ha beneficiado a empresas de hosteler\u00eda, ocio, tecnolog\u00eda y desarrollo sostenible.<\/p>\n<p>Como resultado, se est\u00e1n desarrollando nuevos y ambiciosos proyectos para mejorar infraestructuras, oferta cultural y la calidad de vida en la regi\u00f3n. Estos proyectos no solo demuestran la resistencia de la Costa del Sol, sino que tambi\u00e9n impulsan el crecimiento econ\u00f3mico, creando empleos y atrayendo inversiones. Esto sienta las bases para un futuro pr\u00f3spero en la regi\u00f3n.<\/p>\n<ul class=\"d-none d-lg-block bg-light p-3 p-md-5 list-unstyled my-5\"><li class=\"font-weight-bold text-uppercase p-0 mb-3\">Tabla de Contenidos<\/li><li class=\"list-unstyled mb-1\"><a class=\"border-0\" href=\"#auge+tecnologico+en+malaga+crecimiento+e+innovacion\">Auge tecnol\u00f3gico en M\u00e1laga: crecimiento e innovaci\u00f3n<\/a><\/li>\n<li class=\"list-unstyled mb-1\"><a class=\"border-0\" href=\"#marbella+desafia+a+malaga+como+centro+tecnologico\">Marbella desaf\u00eda a M\u00e1laga como centro tecnol\u00f3gico<\/a><\/li>\n<li class=\"list-unstyled mb-1\"><a class=\"border-0\" href=\"#nuevos+proyectos+en+estepona\">Nuevos proyectos en Estepona<\/a><\/li>\n<li class=\"list-unstyled mb-1 ml-3\"><a class=\"border-0\" href=\"#el+puerto+deportivo+de+estepona\">El Puerto Deportivo de Estepona<\/a><\/li>\n<li class=\"list-unstyled mb-1 ml-3\"><a class=\"border-0\" href=\"#nuevo+recinto+de+conciertos+starlite\">Nuevo recinto de conciertos Starlite<\/a><\/li>\n<li class=\"list-unstyled mb-1 ml-3\"><a class=\"border-0\" href=\"#universidad+de+estepona\">Universidad de Estepona<\/a><\/li>\n<li class=\"list-unstyled mb-1 ml-3\"><a class=\"border-0\" href=\"#otras+mejoras+de+infraestructuras\">Otras mejoras de infraestructuras<\/a><\/li><\/ul>\n<div id=\"mobiletablecontent\" class=\"position-sticky sticky-top dropdown d-flex d-lg-none my-5\" ><button class=\"btn btn-primary d-flex justify-content-start align-items-center w-100 dropdown-toggle\" type=\"button\" id=\"dropdownMenuButton\" data-toggle=\"dropdown\" aria-haspopup=\"true\" aria-expanded=\"false\">Tabla de Contenidos<\/button><div class=\"dropdown-menu w-100 bg-white\" aria-labelledby=\"dropdownMenuButton\"><a class=\"dropdown-item border-0 text-wrap\" href=\"#auge+tecnologico+en+malaga+crecimiento+e+innovacion\">Auge tecnol\u00f3gico en M\u00e1laga: crecimiento e innovaci\u00f3n<\/a>\n<a class=\"dropdown-item border-0 text-wrap\" href=\"#marbella+desafia+a+malaga+como+centro+tecnologico\">Marbella desaf\u00eda a M\u00e1laga como centro tecnol\u00f3gico<\/a>\n<a class=\"dropdown-item border-0 text-wrap\" href=\"#nuevos+proyectos+en+estepona\">Nuevos proyectos en Estepona<\/a>\n<a class=\"dropdown-item border-0 text-wrap ml-3\" href=\"#el+puerto+deportivo+de+estepona\">El Puerto Deportivo de Estepona<\/a>\n<a class=\"dropdown-item border-0 text-wrap ml-3\" href=\"#nuevo+recinto+de+conciertos+starlite\">Nuevo recinto de conciertos Starlite<\/a>\n<a class=\"dropdown-item border-0 text-wrap ml-3\" href=\"#universidad+de+estepona\">Universidad de Estepona<\/a>\n<a class=\"dropdown-item border-0 text-wrap ml-3\" href=\"#otras+mejoras+de+infraestructuras\">Otras mejoras de infraestructuras<\/a><\/div><\/div>\n<h2 ><span class=\"position-absolute\" style=\"top: -120px\" id=\"auge+tecnologico+en+malaga+crecimiento+e+innovacion\"><\/span>Auge tecnol\u00f3gico en M\u00e1laga: crecimiento e innovaci\u00f3n<\/h2>\n<p>El panorama tecnol\u00f3gico de M\u00e1laga sigue siendo boyante, con un crecimiento procedente de empresas como el IMEC (Centro Interuniversitario de Microelectr\u00f3nica), que establecer\u00e1 una instalaci\u00f3n especializada en tecnolog\u00eda de chips en el centro tecnol\u00f3gico de la ciudad, junto con la empresa sueca de tecnolog\u00eda financiera Brite, que pretende ampliar sus operaciones en M\u00e1laga, al igual que Kadans Science Partner de los Pa\u00edses Bajos.<\/p>\n<p>La brit\u00e1nica IWG (International Workplace Group) abrir\u00e1 un tercer centro de co-working en la ciudad y Vodafone crear\u00e1 400 nuevos puestos de trabajo en su sede de M\u00e1laga, a la que seguir\u00e1 la empresa espa\u00f1ola de transformaci\u00f3n digital Serviform con 150 nuevos puestos. La consultora inform\u00e1tica Consoleco tambi\u00e9n se ha trasladado a la ciudad, mientras que Mastercard utilizar\u00e1 la capital de la provincia como destino piloto para uno de sus proyectos de IA. Es justo decir que el Parque Tecnol\u00f3gico de M\u00e1laga est\u00e1 prosperando, cerrando 2023 con unos ingresos de casi 3.500 millones de euros y empleando a m\u00e1s de 25.000 personas, incrementos de casi el 25% y el 2,8% respectivamente.<\/p>\n<figure id=\"attachment_43090\" aria-describedby=\"caption-attachment-43090\" style=\"width: 2000px\" class=\"wp-caption alignnone\"><picture><source sizes=\"(max-width: 575px) calc(100vw - 30px),(max-width: 767px) 510px,(max-width: 991px) 690px,(max-width: 1199px) 595px,(max-width: 1399px) 810px, 945px\" width=\"945\" height=\"633.15\" srcset=\"https:\/\/media.inmobalia.com\/imgV1\/B98Le8~d7Me8Ymh25g8UJ3ypDtZ8Y3FecBCLxExjtFW~kNtmDiPvo~DIQuVSZWz~B8cOgqypLAdfYgSonxMWAYCe1G2bVZhyATkTebpSl~gyQZ088fLkbrTdPK3flGMvGhFzuZ0jIqJPYz1tqOG3SAg-.jpg 945w,https:\/\/media.inmobalia.com\/imgV1\/B98Le8~d7MvRbj7Vv7fDLn6_Ew7ABi8pUTpfr~FoJsmhwgR1h1fB8_lyN~udGsKWhjkcv9FMCryyiOTJ4s5b5CBLMQj0lyS6n1SsGYNIeLHVv~3v32Xn9kmpME6MtHFR4sG~ROXgpF4BPLT~XsM27Zw-.jpg 595w\" type=\"image\/webp\"><img decoding=\"async\" loading=\"lazy\" class=\"img-fluid wp-image-43090 size-full\" width=\"2000\" height=\"1340\" alt=\"Parque tecnol\u00f3gico M\u00e1laga\" src=\"https:\/\/media.inmobalia.com\/imgV1\/B98Le8~d7Me8YmhhhFsYM4czod~~P0fCuzkjRHefNZZlhRfNduPlI3aPbyA~VRE9VHhfPWX0FOyRrgTAdVTIEG~CGGWsdoFFar~ZMR4WgvZuTDAhrS5YVT0SaBbmIySFOQ--.jpg\"><\/picture><figcaption id=\"caption-attachment-43090\" class=\"wp-caption-text\">Parque tecnol\u00f3gico M\u00e1laga<\/figcaption><\/figure>\n<p>El n\u00famero de empresas presentes creci\u00f3 un 5% hasta alcanzar m\u00e1s de 70 corporaciones no espa\u00f1olas procedentes de 21 pa\u00edses. No en vano, se est\u00e1n incorporando nuevos vuelos al aeropuerto de M\u00e1laga, como los de United Airlines a EE.UU. y Qatar Airways directo a Doha, y estamos asistiendo a una expansi\u00f3n del n\u00famero de ejecutivos y empresarios que se trasladan a la Costa del Sol.<\/p>\n<p>Por ahora, lo \u00fanico que falta es una l\u00ednea ferroviaria entre Marbella y M\u00e1laga, pero parece que se ha encontrado una soluci\u00f3n de alta tecnolog\u00eda, en forma de drones taxi a\u00e9reos sin piloto que crear\u00e1n un servicio de taxi a\u00e9reo M\u00e1laga-Marbella a partir de 2026. Los Lilium Jets VTOL (despegue vertical) despegar\u00e1n del aeropuerto de M\u00e1laga y tardar\u00e1n unos 20 minutos en llegar a Marbella, a un coste de 2 euros por pasajero y kil\u00f3metro recorrido, lo que equivale a unos 100 euros por persona. La alta tecnolog\u00eda llega de verdad a la Costa del Sol.<\/p>\n<h2 ><span class=\"position-absolute\" style=\"top: -120px\" id=\"marbella+desafia+a+malaga+como+centro+tecnologico\"><\/span>Marbella desaf\u00eda a M\u00e1laga como centro tecnol\u00f3gico<\/h2>\n<p>Despu\u00e9s de M\u00e1laga, Marbella tambi\u00e9n se est\u00e1 convirtiendo r\u00e1pidamente en un centro de empresas tecnol\u00f3gicas y de nueva creaci\u00f3n, que proceden del Tech Valley de M\u00e1laga y se suman al esp\u00edritu emprendedor existente en la ciudad. Durante muchos a\u00f1os, este esp\u00edritu estuvo dominado por inversores y empresarios extranjeros, pero en los \u00faltimos tiempos se han ido sumando a \u00e9l los malague\u00f1os, deseosos de abandonar el tradicional enfoque espa\u00f1ol hacia el funcionariado y las carreras profesionales en grandes empresas. La ciudad subi\u00f3 190 puestos en el ranking internacional de Mejor Ciudad para Fundar una Start-up, y eso se nota en el crecimiento de empresas diversificadas y espacios de co-working.<\/p>\n<h2 ><span class=\"position-absolute\" style=\"top: -120px\" id=\"nuevos+proyectos+en+estepona\"><\/span>Nuevos proyectos en Estepona<\/h2>\n<h3 ><span class=\"position-absolute\" style=\"top: -120px\" id=\"el+puerto+deportivo+de+estepona\"><\/span>El Puerto Deportivo de Estepona<\/h3>\n<figure id=\"attachment_43096\" aria-describedby=\"caption-attachment-43096\" style=\"width: 1706px\" class=\"wp-caption alignnone\"><picture><source sizes=\"(max-width: 575px) calc(100vw - 30px),(max-width: 767px) 510px,(max-width: 991px) 690px,(max-width: 1199px) 595px,(max-width: 1399px) 810px, 945px\" width=\"945\" height=\"531.77022274326\" srcset=\"https:\/\/media.inmobalia.com\/imgV1\/B98Le8~d7Me8Ymh25g8UJ3ypDtZ8Y3FecBCLxExjtFW~kNtmDiPvo~DIQuVSZWz~B8cOgqypLAdfYgSonxMWAYCe1G2bVZhyATkTebpSl~gyQZ088fLkbrTdPK3LNrz_iaZw511_XJbTIpvVuTc-.png 945w,https:\/\/media.inmobalia.com\/imgV1\/B98Le8~d7MvRbj7Vv7fDLn6_Ew7ABi8pUTpfr~FoJsmhwgR1h1fB8_lyN~udGsKWhjkcv9FMCryyiOTJ4s5b5CBLMQj0lyS6n1SsGYNIeLHVv~3v32Xn9kmpME6Yzf1Yjdl7k3QyT678HLBZZ8E-.png 595w\" type=\"image\/webp\"><img decoding=\"async\" loading=\"lazy\" class=\"img-fluid wp-image-43096 size-full\" width=\"1706\" height=\"960\" alt=\"Puerto Deportivo Estepona\" src=\"https:\/\/media.inmobalia.com\/imgV1\/B98Le8~d7Me8Ymh25g8UIzDdxwFRXqutMnSHloCYHTQ5yVss8vD8TSzkJ5lQzTfSJ_KskjuKtkWXSlkjS4nX66MSp5Am7vCEBGdKc~r2XgQTedb5ajFhoclbrOM11f1JKwdkEVDwVQ--.png\"><\/picture><figcaption id=\"caption-attachment-43096\" class=\"wp-caption-text\">Puerto Deportivo Estepona<\/figcaption><\/figure>\n<p>Tal vez la ciudad m\u00e1s ambiciosa de todas en los \u00faltimos tiempos haya sido Estepona, que planea una importante remodelaci\u00f3n de su puerto deportivo, donde est\u00e1 previsto que surja un nuevo y elegante puerto deportivo con restaurantes, cafeter\u00edas, boutiques y otras instalaciones de ocio adyacentes. El objetivo es crear un puerto deportivo de 57.000 m2 que se convierta en un referente de dise\u00f1o y sostenibilidad, con la inclusi\u00f3n de una planta desalinizadora y la mejora del saneamiento de las aguas residuales. La tecnolog\u00eda, por ejemplo en forma de puntos de recarga el\u00e9ctrica, ocupar\u00e1 un lugar destacado, y el proyecto elevar\u00e1 considerablemente la categor\u00eda del puerto deportivo. Uno de los nuevos proyectos hoteleros de la zona de Estepona es el Hotel Mett Marbella-Estepona, de 253 habitaciones, que supone una inversi\u00f3n de 27 millones de euros por parte de Sunset Hospitality Group y dar\u00e1 empleo a casi 250 personas en la zona.<\/p>\n<h3 ><span class=\"position-absolute\" style=\"top: -120px\" id=\"nuevo+recinto+de+conciertos+starlite\"><\/span>Nuevo recinto de conciertos Starlite<\/h3>\n<p>El Festival Starlite es uno de los acontecimientos m\u00e1s destacados del a\u00f1o en esta parte de Espa\u00f1a, y marca el punto \u00e1lgido de la temporada estival. Tanto es as\u00ed, que se ha convertido en una tradici\u00f3n y en un \u00e9xito rotundo cuya f\u00f3rmula engloba no s\u00f3lo a los mejores artistas espa\u00f1oles e internacionales, sino tambi\u00e9n un alt\u00edsimo nivel de hospitalidad y entretenimiento. Parte del \u00e9xito puede atribuirse al \u00fanico entorno del lugar, situado en una antigua cantera a los pies de la monta\u00f1a de La Concha, en Marbella. Sin embargo, la demanda ha sido tal que los organizadores se han embarcado en un proyecto a gran escala que incluir\u00e1 un nuevo recinto de conciertos Starlite cerca de Selwo (Estepona Este). El recinto, con capacidad para 15.000 personas, ir\u00e1 acompa\u00f1ado de instalaciones de hosteler\u00eda y ocio, as\u00ed como de un hotel y un centro de conferencias, en una ubicaci\u00f3n convenientemente cercana a Estepona, San Pedro Alc\u00e1ntara y Marbella. El proyecto, que supone una inversi\u00f3n de 286 millones de euros y se construir\u00e1 tambi\u00e9n en un entorno de canteras, crear\u00e1 450 puestos de trabajo.<\/p>\n<h3 ><span class=\"position-absolute\" style=\"top: -120px\" id=\"universidad+de+estepona\"><\/span>Universidad de Estepona<\/h3>\n<p>Estepona es sin duda un centro de actividad, ya que ahora tambi\u00e9n se ha dado luz verde a la creaci\u00f3n de una universidad en esta localidad en alza, el segundo campus privado de Andaluc\u00eda, tras la Universidad de Loyola. Se construir\u00e1 un nuevo campus, el \u00faltimo de una serie de nuevas infraestructuras a las que se han sumado en los \u00faltimos a\u00f1os un orquidario, un estadio de atletismo, un teatro y centro de congresos y un nuevo hospital, sin olvidar un bulevar peatonal junto a la playa que est\u00e1 casi terminado. Hasta que las nuevas instalaciones est\u00e9n listas, la universidad utilizar\u00e1 el espacio del Centro Cultural Padre Manuel, cedido gratuitamente por el Ayuntamiento de Estepona a trav\u00e9s de la asociaci\u00f3n ben\u00e9fica de construcci\u00f3n Santo Cristo de la Vera Cruz, con la condici\u00f3n de que sea utilizado por la universidad. Integrada en la red de centros educativos SEK, la nueva universidad se ubicar\u00e1 en la zona de Guadalob\u00f3n.<\/p>\n<h3 ><span class=\"position-absolute\" style=\"top: -120px\" id=\"otras+mejoras+de+infraestructuras\"><\/span>Otras mejoras de infraestructuras<\/h3>\n<figure id=\"attachment_43085\" aria-describedby=\"caption-attachment-43085\" style=\"width: 1400px\" class=\"wp-caption alignnone\"><picture><source sizes=\"(max-width: 575px) calc(100vw - 30px),(max-width: 767px) 510px,(max-width: 991px) 690px,(max-width: 1199px) 595px,(max-width: 1399px) 810px, 945px\" width=\"945\" height=\"587.925\" srcset=\"https:\/\/media.inmobalia.com\/imgV1\/B98Le8~d7Me8Ymh25g8UJ3ypDtZ8Y3FecBCLxExjtFW~kNtmDiPvo~DIQuVSZWz~B8cOgqypLAdfYgSonxMWAYCe1G2bVZhyATkTebpSl~gyQZ088fLkbrTdPLD_ovSi1aKeochNz2itsRR0aMA-.jpg 945w,https:\/\/media.inmobalia.com\/imgV1\/B98Le8~d7MvRbj7Vv7fDLn6_Ew7ABi8pUTpfr~FoJsmhwgR1h1fB8_lyN~udGsKWhjkcv9FMCryyiOTJ4s5b5CBLMQj0lyS6n1SsGYNIeLHVv~3v32Xn9kmpMFPjIXx5rAbg8tBoW7fU6EywMo8-.jpg 595w\" type=\"image\/webp\"><img decoding=\"async\" loading=\"lazy\" class=\"img-fluid wp-image-43085 size-full\" width=\"1400\" height=\"871\" alt=\"Mercado Fuengirola\" src=\"https:\/\/media.inmobalia.com\/imgV1\/B98Le8~d7Me8YmhhhFsYM4czod~~P0fCuzkjRHefNZZlhRfNduPlI3aPbyA~VRE9VHhfPWX0FOyRrgTAdVTIEG~CGGWsdoFFar~ZLHfXWecZUVugZiA2D9Oxv~MRKg--.jpg\"><\/picture><figcaption id=\"caption-attachment-43085\" class=\"wp-caption-text\">Mercado Fuengirola<\/figcaption><\/figure>\n<p>Mientras tanto, Fuengirola est\u00e1 cada vez m\u00e1s cerca de la apertura de su nuevo \"mercado de productos ecol\u00f3gicos\", un proyecto de 12 millones de euros que ha sido acogido con entusiasmo por los residentes y comercios locales. El antiguo mercado era un adefesio arquitect\u00f3nico de los a\u00f1os 70, y la mayor\u00eda de la gente est\u00e1 impaciente por comprar productos naturales -muchos de los cuales ser\u00e1n ahora ecol\u00f3gicos- en el atractivo nuevo centro. El proyecto ha sido financiado por el ayuntamiento con cargo al super\u00e1vit presupuestario de 2022 y estar\u00e1 listo en la primavera de 2025.<\/p>\n","protected":false},"excerpt":{"rendered":"<p>Desde el fin de las restricciones del COVID, la econom\u00eda de la Costa del Sol ha mostrado un crecimiento notable. Hemos visto r\u00e9cords en ventas inmobiliarias y un aumento en las visitas tur\u00edsticas. Esta recuperaci\u00f3n se debe a la demanda acumulada, la renovada confianza del consumidor y las inversiones estrat\u00e9gicas. El mercado inmobiliario ha alcanzado&#8230;<\/p>\n","protected":false},"author":3,"featured_media":43084,"comment_status":"closed","ping_status":"closed","sticky":false,"template":"","format":"standard","meta":{"_acf_changed":false,"footnotes":""},"categories":[1337],"tags":[],"class_list":["post-43101","post","type-post","status-publish","format-standard","has-post-thumbnail","hentry","category-noticias"],"acf":[],"_links":{"self":[{"href":"https:\/\/www.dmproperties.com\/es\/wp-json\/wp\/v2\/posts\/43101","targetHints":{"allow":["GET"]}}],"collection":[{"href":"https:\/\/www.dmproperties.com\/es\/wp-json\/wp\/v2\/posts"}],"about":[{"href":"https:\/\/www.dmproperties.com\/es\/wp-json\/wp\/v2\/types\/post"}],"author":[{"embeddable":true,"href":"https:\/\/www.dmproperties.com\/es\/wp-json\/wp\/v2\/users\/3"}],"replies":[{"embeddable":true,"href":"https:\/\/www.dmproperties.com\/es\/wp-json\/wp\/v2\/comments?post=43101"}],"version-history":[{"count":0,"href":"https:\/\/www.dmproperties.com\/es\/wp-json\/wp\/v2\/posts\/43101\/revisions"}],"wp:featuredmedia":[{"embeddable":true,"href":"https:\/\/www.dmproperties.com\/es\/wp-json\/wp\/v2\/media\/43084"}],"wp:attachment":[{"href":"https:\/\/www.dmproperties.com\/es\/wp-json\/wp\/v2\/media?parent=43101"}],"wp:term":[{"taxonomy":"category","embeddable":true,"href":"https:\/\/www.dmproperties.com\/es\/wp-json\/wp\/v2\/categories?post=43101"},{"taxonomy":"post_tag","embeddable":true,"href":"https:\/\/www.dmproperties.com\/es\/wp-json\/wp\/v2\/tags?post=43101"}],"curies":[{"name":"wp","href":"https:\/\/api.w.org\/{rel}","templated":true}]}}