{"id":4499,"date":"2012-12-12T12:44:02","date_gmt":"2012-12-12T11:44:02","guid":{"rendered":"https:\/\/www.dmproperties.com\/es\/?p=4499"},"modified":"2024-08-23T14:25:08","modified_gmt":"2024-08-23T12:25:08","slug":"el-encanto-de-la-navidad-en-el-casco-antiguo-de-marbella","status":"publish","type":"post","link":"https:\/\/www.dmproperties.com\/es\/4499-el-encanto-de-la-navidad-en-el-casco-antiguo-de-marbella","title":{"rendered":"El encanto de la Navidad en el Casco Antiguo de Marbella"},"content":{"rendered":"<p><strong>Pasear por el <a href=\"https:\/\/www.dmproperties.com\/es\/propiedades\" title=\"Propiedades en venta en Marbella centro\">centro hist\u00f3rico de Marbella<\/a> es una experiencia muy agradable durante todo el a\u00f1o, pero el mes de diciembre transforma el casco antiguo en un lugar especial a cualquier hora del d\u00eda. Callejear en una soleada ma\u00f1ana de invierno abre nuevas perspectivas y sensaciones, desde los elaborados detalles del estuco de una fachada y sus portones de madera antigua, a estrechos callejones y patios que revelan rincones desconocidos.<\/strong><\/p>\n<picture><source sizes=\"(max-width: 575px) calc(100vw - 30px),(max-width: 767px) 510px,(max-width: 991px) 690px,(max-width: 1199px) 595px,(max-width: 1399px) 810px, 945px\" width=\"722\" height=\"471\" srcset=\"https:\/\/media.inmobalia.com\/imgV1\/B98Le8~d7Mno_FU04jBBZigezfVLlG~xmbl~MiSu4MWNuTYkgzLPnqDE~YNlHEoUiywIYVzIq4d0Rdf5XLWeDHUlI3JlzfSJqEF~slLa6BLU6StdpFf0Xr_bq23YqalKlcSxQnQW5bJ05YUpkF4EUoisLMlmKWKUQJpdp6hrRw--.jpg 722w,https:\/\/media.inmobalia.com\/imgV1\/B98Le8~d7MvRbj7Vv7fDLn6_Ew7ABi8pUTpfr~FoJsmhwgR1h1fB8_lyN~udGsKWhjkcv9FMCryyiOTJ4s5b5CBLMQj0lyS6n1SsGYNIeLHVv~3v32ZiqGPCsDfR4~a4asmc4Z7hp88DybBQb7C6oCRS2eSkIQ85GFPyBs~vJg--.jpg 595w\" type=\"image\/webp\"><img loading=\"lazy\" decoding=\"async\" class=\"aligncenter size-large wp-image-4500\" width=\"610\" height=\"397\" alt=\"Navidad en el centro de Marbella\" src=\"https:\/\/media.inmobalia.com\/imgV1\/B98Le8~d7Mno_FUjsYMicxjWhimujiIkhgcE6TJ6dEpvXd7SXF22nO7Rqy0_zQSVmn6I8gv2PXnsjpmtcP5Q7lVYAvHOlYSQosNTV6fcbg7En8o4JtWAEe9~BDxk2x27XNN9ImlJUvfU4_ccjWM7.jpg\"><\/picture>\n<p>Peque\u00f1as plazas adornadas por naranjos y el murmullo de las fuentes acompa\u00f1ando el ir y venir de los viandantes, que de manera inconsciente ralentizan el paso a medida que se dibuja en su cara una cierta expresi\u00f3n de complacencia, en una actitud que resulta contagiosa. Este barrio tradicional, con sus tiendas, cafeter\u00edas, restaurantes y galer\u00edas de arte, es a\u00fan m\u00e1s fascinante a medida que se acerca la Navidad. <\/p>\n<p>Un lugar que atrae a amantes de la arquitectura, historia y sobre todo de los lugares con encanto, as\u00ed que si desea contagiarse del esp\u00edritu navide\u00f1o solo tiene que dar un paseo por las calles \u2013 la mayor\u00eda de ellas peatonales \u2013 tomar un caf\u00e9 en una terraza \u00f3 una tapa en alguno de los bares que a menudo se esconden en callejuelas estrechas. Al anochecer, el centro se rodea de un ambiente evocador con la calidez de los escaparates de comercios, pasteler\u00edas y panader\u00edas con sus atractivas decoraciones.   <\/p>\n<p><picture><source sizes=\"(max-width: 575px) calc(100vw - 30px),(max-width: 767px) 510px,(max-width: 991px) 242px,(max-width: 1199px) 209px,(max-width: 1399px) 284px, 331px\" width=\"332\" height=\"498\" srcset=\"https:\/\/media.inmobalia.com\/imgV1\/B98Le8~d7M1yuQhKeYRWHFD4wC8iih31X8rg_YS~4Xe5UH02jbPlRIV6HAR35kO50kOdYFUiyu3QyHWv1_YxTxGfj8kswjEf3aL7GkJSYfBfzpUjEPvdLq~Xsr32BS7YKIBKStVjvkAGmVRHOOKfHKoToxZB2L18E1SxBh02jyVy8RErsPKUME1c1bPVUnfVFpEr8ObOhMBujYAnfQ--.jpg 332w\" type=\"image\/webp\"><img decoding=\"async\" loading=\"lazy\" class=\"alignright size-medium wp-image-5590\" width=\"305\" height=\"457\" alt=\"II Concurso Fotogr\u00e1fico de Navidad de Marbella EL CENTRO DE LA NAVIDAD\" src=\"https:\/\/media.inmobalia.com\/imgV1\/B98Le8~d7M1yuQhdr5BjTjdwne9cjD72Q3vIa_hZVmg8EfpJbKb87~_N5NW98~LX7qoQChLHKUqeq_htD6imif1WfYOtvZneUpeNjPZIg6VtCiSWknjxYmGEStWdj33m3Bw_m4cge0m70cZunggiv28ZaxWCpqM8i~8bktws5eN7MZ_D~lOFID4iDDI5.jpg\"><\/picture>Calles adornadas por la iluminaci\u00f3n de Navidad que recorre el entramado del centro creando dise\u00f1os deslumbrantes de luz y color. Si es capaz de pasear por la zona y permanecer impasible ante este escenario\u2026 \u00a1quiz\u00e1 sea pariente cercano de Ebenezer Scrooge, el malhumorado personaje de la famosa novela de Dickens! Para aquellos que s\u00ed se sienten conmovidos por la belleza y tradiciones de esta \u00e9poca del a\u00f1o, el Ayuntamiento de Marbella ha organizado <strong>la segunda edici\u00f3n del Concurso Fotogr\u00e1fico \u201cEl Centro de la Navidad\u201d<\/strong>.<\/p>\n<p>Abierto a la participaci\u00f3n de todos por igual, profesionales y aficionados, la finalidad es dar a conocer y resaltar im\u00e1genes cotidianas de la Navidad ambientadas en el Casco Antiguo de Marbella: tradiciones, ambientes familiares, emociones, decoraciones y todos los aspectos que el Centro nos ofrece en esta \u00e9poca. <\/p>\n<p>El concurso tiene dos categor\u00edas: infantil hasta 14 a\u00f1os y adultos a partir de 15. Pueden utilizarse c\u00e1maras anal\u00f3gicas \u00f3 digitales y cada participante podr\u00e1 presentar un m\u00e1ximo de cinco fotograf\u00edas, sin retoque alguno. El tama\u00f1o de las instant\u00e1neas debe ser de 15x20cm, con su t\u00edtulo, un seud\u00f3nimo y se entregar\u00e1n en un sobre cerrado en la Sede Distrito Centro, Calle Salinas 4 antes del 9 de Enero de 2013 inclusive. M\u00e1s detalles en la p\u00e1gina del concurso. \u00a1Buena suerte!<\/p>\n","protected":false},"excerpt":{"rendered":"<p>Pasear por el centro hist\u00f3rico de Marbella es una experiencia muy agradable durante todo el a\u00f1o, pero el mes de diciembre transforma el casco antiguo en un lugar especial a cualquier hora del d\u00eda. Callejear en una soleada ma\u00f1ana de invierno abre nuevas perspectivas y sensaciones, desde los elaborados detalles del estuco de una fachada y sus portones de madera antigua, a estrechos callejones y patios que revelan rincones desconocidos. <\/p>\n","protected":false},"author":2,"featured_media":4500,"comment_status":"open","ping_status":"closed","sticky":false,"template":"","format":"standard","meta":{"_acf_changed":false,"footnotes":""},"categories":[1329],"tags":[],"class_list":["post-4499","post","type-post","status-publish","format-standard","has-post-thumbnail","hentry","category-estilo-de-vida"],"acf":[],"_links":{"self":[{"href":"https:\/\/www.dmproperties.com\/es\/wp-json\/wp\/v2\/posts\/4499","targetHints":{"allow":["GET"]}}],"collection":[{"href":"https:\/\/www.dmproperties.com\/es\/wp-json\/wp\/v2\/posts"}],"about":[{"href":"https:\/\/www.dmproperties.com\/es\/wp-json\/wp\/v2\/types\/post"}],"author":[{"embeddable":true,"href":"https:\/\/www.dmproperties.com\/es\/wp-json\/wp\/v2\/users\/2"}],"replies":[{"embeddable":true,"href":"https:\/\/www.dmproperties.com\/es\/wp-json\/wp\/v2\/comments?post=4499"}],"version-history":[{"count":0,"href":"https:\/\/www.dmproperties.com\/es\/wp-json\/wp\/v2\/posts\/4499\/revisions"}],"wp:featuredmedia":[{"embeddable":true,"href":"https:\/\/www.dmproperties.com\/es\/wp-json\/wp\/v2\/media\/4500"}],"wp:attachment":[{"href":"https:\/\/www.dmproperties.com\/es\/wp-json\/wp\/v2\/media?parent=4499"}],"wp:term":[{"taxonomy":"category","embeddable":true,"href":"https:\/\/www.dmproperties.com\/es\/wp-json\/wp\/v2\/categories?post=4499"},{"taxonomy":"post_tag","embeddable":true,"href":"https:\/\/www.dmproperties.com\/es\/wp-json\/wp\/v2\/tags?post=4499"}],"curies":[{"name":"wp","href":"https:\/\/api.w.org\/{rel}","templated":true}]}}