{"id":45067,"date":"2025-02-17T10:13:19","date_gmt":"2025-02-17T09:13:19","guid":{"rendered":"https:\/\/www.dmproperties.com\/?p=45067"},"modified":"2025-02-21T12:55:39","modified_gmt":"2025-02-21T11:55:39","slug":"paisajismo-menara-diseno","status":"publish","type":"post","link":"https:\/\/www.dmproperties.com\/es\/45067-paisajismo-menara-diseno","title":{"rendered":"Paisajismo La Menara: Dando forma a espacios verdes \u00fanicos desde 1999"},"content":{"rendered":"<p><strong>La Menara Landscape Design es una empresa familiar con sede en Marbella cuyo fundador, Oscar V\u00e1zquez, comenz\u00f3 su carrera como paisajista en 1985. Ahora, en su segunda generaci\u00f3n, La Menara lleva dando vida a espacios exteriores desde 1999. La empresa combina la sostenibilidad, la funcionalidad y la est\u00e9tica de una manera armoniosa que realmente les distingue en el dise\u00f1o paisaj\u00edstico tanto p\u00fablico como privado.<\/strong><\/p>\n<picture><source sizes=\"(max-width: 575px) calc(100vw - 30px),(max-width: 767px) 510px,(max-width: 991px) 690px,(max-width: 1199px) 595px,(max-width: 1399px) 810px, 945px\" width=\"945\" height=\"590.625\" srcset=\"https:\/\/media.inmobalia.com\/imgV1\/B98Le8~d7Me8Ymh25g8UJ3ypDtZ8Y3FecBCLxExjtFW~kNtmDiPvo~DIQuVSZWz~B8cOgqypLAdfYgSonxMWAYCe1G2bVZhyATkTebpSl~gyQZ088fLkbrW~eAhlNOexE7n3aRkn7mQCvOlz1M7qEg--.jpg 945w,https:\/\/media.inmobalia.com\/imgV1\/B98Le8~d7MvRbj7Vv7fDLn6_Ew7ABi8pUTpfr~FoJsmhwgR1h1fB8_lyN~udGsKWhjkcv9FMCryyiOTJ4s5b5CBLMQj0lyS6n1SsGYNIeLHVv~3v32Xn9kjTg81TfCJKObHdGDUeriSMRb9Geryn_g--.jpg 595w\" type=\"image\/webp\"><img loading=\"lazy\" decoding=\"async\" class=\"alignnone size-full wp-image-45041 img-fluid\" width=\"1728\" height=\"1080\" alt=\"FOTOS DE EQUIPO\" src=\"https:\/\/media.inmobalia.com\/imgV1\/B98Le8~d7Me8YmhhhFsYM4czod~~P0fCuzkjRHefNZZlhRfNduPlI3aPbyA~VRE9VHhfPWX0FOyRrgTAdVTIEG~CGGWsdoFFa3mci7BJrHd5EAc31oq0ZYldW2AUKE~5.jpg\"><\/picture>\n<p>Tanto si se trata de un peque\u00f1o jard\u00edn privado como de un gran parque p\u00fablico, el objetivo de La Menara es crear entornos exteriores que no s\u00f3lo tengan un aspecto impresionante, sino que adem\u00e1s complementen la arquitectura que los rodea. Con proyectos en Espa\u00f1a, Portugal, Italia e incluso la Pen\u00ednsula Ar\u00e1biga, su reputaci\u00f3n de ofrecer dise\u00f1os innovadores y a medida se ha hecho internacional. Desde espacios verdes que dan nueva vida a las zonas urbanas hasta tranquilos retiros privados, el toque de La Menara consiste en utilizar la naturaleza para mejorar la vida cotidiana.<\/p>\n<p>A continuaci\u00f3n, Pablo V\u00e1zquez Davey, director de La Menara, nos habla de la trayectoria de la empresa, su filosof\u00eda de dise\u00f1o y la creciente importancia de la sostenibilidad en el mercado inmobiliario de lujo.<\/p>\n<h2 ><span class=\"position-absolute\" style=\"top: -120px\" id=\"hablenos+de+los+inicios+de+la+menara\"><\/span>H\u00e1blenos de los inicios de La Menara.<\/h2>\n<p><em>Pablo:<\/em> La Menara comenz\u00f3 como una empresa familiar en 1999, siguiendo la pasi\u00f3n de mi padre por la arquitectura paisajista. Inicialmente ten\u00edamos nuestra sede en Benahav\u00eds y nos trasladamos a San Pedro Alc\u00e1ntara en 2019. Hemos crecido hasta convertirnos en un equipo de 15 personas, entre arquitectos paisajistas, un ingeniero agr\u00f3nomo, personal administrativo y un experto equipo de jardineros. Desde el principio, nos hemos dedicado a dise\u00f1ar espacios \u00fanicos, funcionales y ecol\u00f3gicos, tanto para villas privadas como para grandes proyectos corporativos.<\/p>\n<picture><source sizes=\"(max-width: 575px) calc(100vw - 30px),(max-width: 767px) 510px,(max-width: 991px) 690px,(max-width: 1199px) 595px,(max-width: 1399px) 810px, 945px\" width=\"945\" height=\"629.61135101789\" srcset=\"https:\/\/media.inmobalia.com\/imgV1\/B98Le8~d7Me8Ymh25g8UJ3ypDtZ8Y3FecBCLxExjtFW~kNtmDiPvo~DIQuVSZWz~B8cOgqypLAdfYgSonxMWAYCe1G2bVZhyATkTebpSl~gyQZ088fLl5r_cjWo7oPyEyzeQdbgYvh27GDKX.jpg 945w,https:\/\/media.inmobalia.com\/imgV1\/B98Le8~d7MvRbj7Vv7fDLn6_Ew7ABi8pUTpfr~FoJsmhwgR1h1fB8_lyN~udGsKWhjkcv9FMCryyiOTJ4s5b5CBLMQj0lyS6n1SsGYNIeLHVv~3v32XmIU9xfof1rGGTNGcQR5yKs0XJcl0h.jpg 595w\" type=\"image\/webp\"><img decoding=\"async\" loading=\"lazy\" class=\"alignnone size-full wp-image-45507 img-fluid\" width=\"1621\" height=\"1080\" src=\"https:\/\/media.inmobalia.com\/imgV1\/B98Le8~d7Me8YmhhhFsYM4czod~~P0fCuzkjRHefNZZlhRfNduPlI3aPbyA~VRE9VHhfPWX0FOyRrgTAdVTIEG~CGGWsdoAxpuuT9EsE36fS9pE5I7G7nTaLxeQ-.jpg\"><\/picture>\n<h2 ><span class=\"position-absolute\" style=\"top: -120px\" id=\"siempre+supiste+que+querias+seguir+los+pasos+de+tu+padre\"><\/span>\u00bfSiempre supiste que quer\u00edas seguir los pasos de tu padre?<\/h2>\n<p><em>Pablo:<\/em> Por supuesto. Siempre me ha fascinado el trabajo de mi padre, y es algo que hemos compartido durante a\u00f1os. Estudi\u00e9 Arquitectura del Paisaje en la Universidad de \u00c9vora (Portugal), donde desarroll\u00e9 un profundo aprecio por la est\u00e9tica y la ordenaci\u00f3n del territorio, especialmente inspirado por el enfoque portugu\u00e9s del dise\u00f1o.<\/p>\n<h2 ><span class=\"position-absolute\" style=\"top: -120px\" id=\"de+que+proyectos+se+siente+especialmente+orgulloso\"><\/span>\u00bfDe qu\u00e9 proyectos se siente especialmente orgulloso?<\/h2>\n<p><em>Pablo:<\/em> Hemos tenido la suerte de trabajar en una gran variedad de proyectos, desde villas privadas como Finca Avola hasta proyectos a gran escala como Marina El Rompido. Uno de mis favoritos es el dise\u00f1o del Parque del Pinar, aunque finalmente no se ejecut\u00f3. Cada proyecto, independientemente de su tama\u00f1o, tiene su propia identidad y sus propios retos, lo que hace que nuestro trabajo sea apasionante<\/p>\n<h2 ><span class=\"position-absolute\" style=\"top: -120px\" id=\"por+que+destacan+los+disenos+de+la+menara\"><\/span>\u00bfPor qu\u00e9 destacan los dise\u00f1os de La Menara?<\/h2>\n<p><em>Pablo:<\/em> Nuestro uso de l\u00edneas org\u00e1nicas, la integraci\u00f3n de plantas mediterr\u00e1neas y el enfoque en la sostenibilidad nos diferencian. No nos limitamos a dise\u00f1ar jardines bonitos, sino que nos aseguramos de que sean funcionales, sostenibles y se integren perfectamente en la arquitectura existente. Cada proyecto se dise\u00f1a pensando en el largo plazo, de modo que cuando vuelva a visitar uno de nuestros jardines a\u00f1os despu\u00e9s, habr\u00e1 madurado hasta convertirse en algo a\u00fan m\u00e1s bello.<\/p>\n<picture><source sizes=\"(max-width: 575px) calc(100vw - 30px),(max-width: 767px) 510px,(max-width: 991px) 690px,(max-width: 1199px) 595px,(max-width: 1399px) 810px, 945px\" width=\"945\" height=\"630\" srcset=\"https:\/\/media.inmobalia.com\/imgV1\/B98Le8~d7Me8Ymh25g8UJ3ypDtZ8Y3FecBCLxExjtFW~kNtmDiPvo~DIQuVSZWz~B8cOgqypLAdfYgSonxMWAYCe1G2bVZhyATkTebpSl~gyQZ088fLl5r_cjWo7oPyGV17HquqqTsgOwSH6AQ--.jpg 945w,https:\/\/media.inmobalia.com\/imgV1\/B98Le8~d7MvRbj7Vv7fDLn6_Ew7ABi8pUTpfr~FoJsmhwgR1h1fB8_lyN~udGsKWhjkcv9FMCryyiOTJ4s5b5CBLMQj0lyS6n1SsGYNIeLHVv~3v32XmIU9xfof1rGGRtpJkPLUPns8JZyq5YA--.jpg 595w\" type=\"image\/webp\"><img decoding=\"async\" loading=\"lazy\" class=\"alignnone size-full wp-image-45512 img-fluid\" width=\"1620\" height=\"1080\" src=\"https:\/\/media.inmobalia.com\/imgV1\/B98Le8~d7Me8YmhhhFsYM4czod~~P0fCuzkjRHefNZZlhRfNduPlI3aPbyA~VRE9VHhfPWX0FOyRrgTAdVTIEG~CGGWsdoAxpuuT9EsE36VnGHiGx9h9fcb_D8Sz.jpg\"><\/picture>\n<h2 ><span class=\"position-absolute\" style=\"top: -120px\" id=\"como+ha+evolucionado+el+sector+del+paisajismo+a+lo+largo+de+los+anos\"><\/span>\u00bfC\u00f3mo ha evolucionado el sector del paisajismo a lo largo de los a\u00f1os?<\/h2>\n<p><em>Pablo:<\/em> COVID-19 en 2020 realmente cambi\u00f3 la forma en que la gente ve sus espacios al aire libre. Hemos observado un aumento de la demanda para crear zonas exteriores c\u00f3modas y vers\u00e1tiles donde los propietarios puedan relajarse y disfrutar de su propio entorno, creando rincones que ofrezcan privacidad o una sensaci\u00f3n de intimidad. Esto ha influido en nuestro trabajo reciente, sobre todo en el sector inmobiliario de lujo, donde los espacios exteriores han cobrado tanta importancia como el dise\u00f1o interior.<\/p>\n<h2 ><span class=\"position-absolute\" style=\"top: -120px\" id=\"como+incorporan+la+sostenibilidad+a+sus+disenos\"><\/span>\u00bfC\u00f3mo incorporan la sostenibilidad a sus dise\u00f1os?<\/h2>\n<p><em>Pablo:<\/em> La sostenibilidad siempre ha sido una parte fundamental de nuestra filosof\u00eda. Damos prioridad al uso de plantas aut\u00f3ctonas que requieren menos agua y mantenimiento, lo que hace que los jardines sean m\u00e1s duraderos en el tiempo. Tambi\u00e9n fomentamos los sistemas de ahorro de agua, especialmente en las propiedades m\u00e1s grandes, y nuestro objetivo es crear espacios verdes que no s\u00f3lo sean bellos, sino tambi\u00e9n ecol\u00f3gicos.<\/p>\n<h2 ><span class=\"position-absolute\" style=\"top: -120px\" id=\"como+ha+influido+la+tecnologia+en+su+proceso+de+diseno\"><\/span>\u00bfC\u00f3mo ha influido la tecnolog\u00eda en su proceso de dise\u00f1o?<\/h2>\n<p><em>Pablo:<\/em> Cuando mi padre abri\u00f3 el negocio, todo se dibujaba a mano. Ahora utilizamos herramientas avanzadas como AutoCAD, SketchUp y Photoshop, que permiten a nuestros clientes visualizar los dise\u00f1os antes de ejecutarlos. Es un proceso mucho m\u00e1s interactivo y claro para todos los implicados, y mejora la experiencia global.<\/p>\n<picture><source sizes=\"(max-width: 575px) calc(100vw - 30px),(max-width: 767px) 510px,(max-width: 991px) 690px,(max-width: 1199px) 595px,(max-width: 1399px) 810px, 945px\" width=\"945\" height=\"628.69186046512\" srcset=\"https:\/\/media.inmobalia.com\/imgV1\/B98Le8~d7Me8Ymh25g8UJ3ypDtZ8Y3FecBCLxExjtFW~kNtmDiPvo~DIQuVSZWz~B8cOgqypLAdfYgSonxMWAYCe1G2bVZhyATkTebpSl~gyQZ088fLl5r_cjWAYF8hZ3mTXzCZ4fGIVzGCLkZ9L0RC2RkyfSV6XV9aYXQAcxORPcbXTwxc-.jpg 945w,https:\/\/media.inmobalia.com\/imgV1\/B98Le8~d7MvRbj7Vv7fDLn6_Ew7ABi8pUTpfr~FoJsmhwgR1h1fB8_lyN~udGsKWhjkcv9FMCryyiOTJ4s5b5CBLMQj0lyS6n1SsGYNIeLHVv~3v32XmIU9xfo1Sf6e2oKtwG2h3Rxd1Iz709fVG66mXiGxEoJf8XnPeTnL~lo5oI0ps_U0-.jpg 595w\" type=\"image\/webp\"><img decoding=\"async\" loading=\"lazy\" class=\"alignnone size-full wp-image-45524 img-fluid\" width=\"1204\" height=\"801\" src=\"https:\/\/media.inmobalia.com\/imgV1\/B98Le8~d7Me8YmhhhFsYM4czod~~P0fCuzkjRHefNZZlhRfNduPlI3aPbyA~VRE9VHhfPWX0FOyRrgTAdVTIEG~CGGWsdoAxpuuT~u53PzgZ5ELt4XWkyXqkgYqb06oGOrdUdOmgZOhrD0ehEW9N238atvk1fw--.jpg\"><\/picture>\n<h2 ><span class=\"position-absolute\" style=\"top: -120px\" id=\"que+es+lo+proximo+para+la+menara+y+como+ve+el+futuro+del+paisajismo+en+el+sector+inmobiliario+de+lujo\"><\/span>\u00bfQu\u00e9 es lo pr\u00f3ximo para La Menara y c\u00f3mo ve el futuro del paisajismo en el sector inmobiliario de lujo?<\/h2>\n<p><em>Pablo:<\/em> Creo que el paisajismo se ha convertido en algo esencial en el sector inmobiliario de lujo. La gente entiende ahora el valor de un espacio exterior bien dise\u00f1ado, ya sea para el disfrute personal o para aumentar el valor de una propiedad. De cara al futuro, nos entusiasma seguir combinando la sostenibilidad con un dise\u00f1o innovador para crear paisajes atemporales que reflejen la visi\u00f3n de nuestros clientes.<\/p>\n<h2 ><span class=\"position-absolute\" style=\"top: -120px\" id=\"si+tuviera+que+resumir+su+enfoque+del+diseno+paisajistico+en+una+frase+cual+seria\"><\/span>Si tuviera que resumir su enfoque del dise\u00f1o paisaj\u00edstico en una frase, \u00bfcu\u00e1l ser\u00eda?<\/h2>\n<p><em>Pablo:<\/em> Creamos espacios que armonizan funcionalidad, sostenibilidad y est\u00e9tica, garantizando que nuestros dise\u00f1os sean tan pr\u00e1cticos como bellos.<\/p>\n<p>La Menara Landscape Design se dedica a hacer realidad su visi\u00f3n -y la de sus clientes- a trav\u00e9s de dise\u00f1os personalizados y sostenibles. Su capacidad para escuchar y colaborar garantiza que cada proyecto, ya sea para viviendas particulares o para urbanizaciones m\u00e1s grandes, refleje a la perfecci\u00f3n los objetivos y deseos \u00fanicos de cada proyecto. La Menara, que se centra en la personalizaci\u00f3n de los paisajes, crea espacios que dejan una impresi\u00f3n duradera y que, con toda seguridad, superar\u00e1n la prueba del tiempo.<\/p>\n","protected":false},"excerpt":{"rendered":"<p>La Menara Landscape Design es una empresa familiar con sede en Marbella cuyo fundador, Oscar V\u00e1zquez, comenz\u00f3 su carrera como paisajista en 1985. Ahora, en su segunda generaci\u00f3n, La Menara lleva dando vida a espacios exteriores desde 1999. La empresa combina la sostenibilidad, la funcionalidad y la est\u00e9tica de una manera armoniosa que realmente les&#8230;<\/p>\n","protected":false},"author":3,"featured_media":45045,"comment_status":"closed","ping_status":"closed","sticky":false,"template":"","format":"standard","meta":{"_acf_changed":false,"footnotes":""},"categories":[2015],"tags":[],"class_list":["post-45067","post","type-post","status-publish","format-standard","has-post-thumbnail","hentry","category-the-professional-series-es"],"acf":[],"_links":{"self":[{"href":"https:\/\/www.dmproperties.com\/es\/wp-json\/wp\/v2\/posts\/45067","targetHints":{"allow":["GET"]}}],"collection":[{"href":"https:\/\/www.dmproperties.com\/es\/wp-json\/wp\/v2\/posts"}],"about":[{"href":"https:\/\/www.dmproperties.com\/es\/wp-json\/wp\/v2\/types\/post"}],"author":[{"embeddable":true,"href":"https:\/\/www.dmproperties.com\/es\/wp-json\/wp\/v2\/users\/3"}],"replies":[{"embeddable":true,"href":"https:\/\/www.dmproperties.com\/es\/wp-json\/wp\/v2\/comments?post=45067"}],"version-history":[{"count":0,"href":"https:\/\/www.dmproperties.com\/es\/wp-json\/wp\/v2\/posts\/45067\/revisions"}],"wp:featuredmedia":[{"embeddable":true,"href":"https:\/\/www.dmproperties.com\/es\/wp-json\/wp\/v2\/media\/45045"}],"wp:attachment":[{"href":"https:\/\/www.dmproperties.com\/es\/wp-json\/wp\/v2\/media?parent=45067"}],"wp:term":[{"taxonomy":"category","embeddable":true,"href":"https:\/\/www.dmproperties.com\/es\/wp-json\/wp\/v2\/categories?post=45067"},{"taxonomy":"post_tag","embeddable":true,"href":"https:\/\/www.dmproperties.com\/es\/wp-json\/wp\/v2\/tags?post=45067"}],"curies":[{"name":"wp","href":"https:\/\/api.w.org\/{rel}","templated":true}]}}