{"id":45494,"date":"2025-07-17T10:09:30","date_gmt":"2025-07-17T08:09:30","guid":{"rendered":"https:\/\/www.dmproperties.com\/?p=45494"},"modified":"2025-07-17T15:35:21","modified_gmt":"2025-07-17T13:35:21","slug":"aresbank-renacer-icono-marbella","status":"publish","type":"post","link":"https:\/\/www.dmproperties.com\/es\/45494-aresbank-renacer-icono-marbella","title":{"rendered":"Aresbank: el resurgir de un \u00edcono de Marbella"},"content":{"rendered":"<p><strong>Aresbank, uno de los edificios m\u00e1s emblem\u00e1ticos de Marbella, est\u00e1 de vuelta. Construido en los a\u00f1os 80 como un centro financiero para impulsar el comercio entre Espa\u00f1a y Oriente Medio, este imponente edificio se ha transformado en un exclusivo destino de gastronom\u00eda y entretenimiento . Gracias a la alianza entre Grupo Mosh y el reconocido chef Dani Garc\u00eda, Aresbank entra en una nueva era, fusionando su rica historia con un futuro vibrante.<\/strong><\/p>\n<picture><source sizes=\"(max-width: 575px) calc(100vw - 30px),(max-width: 767px) 510px,(max-width: 991px) 690px,(max-width: 1199px) 595px,(max-width: 1399px) 810px, 945px\" width=\"945\" height=\"630\" srcset=\"https:\/\/media.inmobalia.com\/imgV1\/B98Le8~d7Me8Ymh25g8UJ3ypDtZ8Y3FecBCLxExjtFW~kNtmDiPvo~DIQuVSZWz~B8cOgqypLAdfYgSonxMWAYCe1G2bVZhyATkTebpSl~gyQZ088fLl5r_cjW6itiCsxlYirVM17uSa2U~P.jpg 945w,https:\/\/media.inmobalia.com\/imgV1\/B98Le8~d7MvRbj7Vv7fDLn6_Ew7ABi8pUTpfr~FoJsmhwgR1h1fB8_lyN~udGsKWhjkcv9FMCryyiOTJ4s5b5CBLMQj0lyS6n1SsGYNIeLHVv~3v32XmIU9xfoPWHFwE4kWCt10a9FKTIgp6.jpg 595w\" type=\"image\/webp\"><img loading=\"lazy\" decoding=\"async\" class=\"alignnone size-full wp-image-45488 img-fluid\" width=\"1620\" height=\"1080\" alt=\"Impresionante puerta arqueada con intrincados patrones geom\u00e9tricos en una elegante fachada texturizada.\" src=\"https:\/\/media.inmobalia.com\/imgV1\/B98Le8~d7Me8YmhhhFsYM4czod~~P0fCuzkjRHefNZZlhRfNduPlI3aPbyA~VRE9VHhfPWX0FOyRrgTAdVTIEG~CGGWsdoAxpuuT8PLO2q2XXWBsAJdGuOSn3x4-.jpg\"><\/picture>\n<h2 ><span class=\"position-absolute\" style=\"top: -120px\" id=\"de+referente+financiero+al+olvido\"><\/span>De referente financiero al olvido<\/h2>\n<p>Dise\u00f1ado por Estudio Oliver, Aresbank fue en su d\u00eda la sede de una instituci\u00f3n financiera hispano-\u00e1rabe. Su imponente arquitectura de inspiraci\u00f3n \u00e1rabe representaba poder y estabilidad, convirti\u00e9ndolo en un referente de la Milla de Oro.<\/p>\n<p>Durante su auge, alberg\u00f3 a la \u00e9lite de Marbella, pero con el paso del tiempo y la evoluci\u00f3n del sector financiero, su prop\u00f3sito se diluy\u00f3 y qued\u00f3 en el abandono durante m\u00e1s de dos d\u00e9cadas. Su estructura vac\u00eda se convirti\u00f3 en un s\u00edmbolo olvidado en una de las zonas m\u00e1s codiciadas de Marbella. Sin embargo, su ubicaci\u00f3n privilegiada y su singular dise\u00f1o lo convirtieron en un candidato ideal para una ambiciosa transformaci\u00f3n.<\/p>\n<p>A lo largo de los a\u00f1os, surgieron m\u00faltiples propuestas para darle un nuevo uso, pero ninguna se materializ\u00f3. El edificio, cada vez m\u00e1s deteriorado, se convirti\u00f3 en un tema recurrente en el sector inmobiliario local. Sin embargo, en 2023, un grupo de visionarios decidi\u00f3 rescatar su potencial y devolverle la vida.<\/p>\n<h2 ><span class=\"position-absolute\" style=\"top: -120px\" id=\"la+vision+un+nuevo+destino+gastronomico+y+de+ocio\"><\/span>La visi\u00f3n: un nuevo destino gastron\u00f3mico y de ocio<\/h2>\n<picture><source sizes=\"(max-width: 575px) calc(100vw - 30px),(max-width: 767px) 510px,(max-width: 991px) 690px,(max-width: 1199px) 595px,(max-width: 1399px) 810px, 945px\" width=\"945\" height=\"685.88709677419\" srcset=\"https:\/\/media.inmobalia.com\/imgV1\/B98Le8~d7Me8Ymh25g8UJ3ypDtZ8Y3FecBCLxExjtFW~kNtmDiPvo~DIQuVSZWz~B8cOgqypLAdfYgSonxMWAYCe1G2bVZhyATkTebpSl~gyQZ088fLl5r_cjW6qzsdjh9uAqlSKarnuHtfxOcodzrMUdDv8VHM8ys90.jpg 945w,https:\/\/media.inmobalia.com\/imgV1\/B98Le8~d7MvRbj7Vv7fDLn6_Ew7ABi8pUTpfr~FoJsmhwgR1h1fB8_lyN~udGsKWhjkcv9FMCryyiOTJ4s5b5CBLMQj0lyS6n1SsGYNIeLHVv~3v32XmIU9xfoPeHILc8QsN1VyiRC4~41xxK43wihLqc~TYmq_Bf3Ux.jpg 595w\" type=\"image\/webp\"><img decoding=\"async\" loading=\"lazy\" class=\"alignnone size-full wp-image-46878 img-fluid\" width=\"2480\" height=\"1800\" src=\"https:\/\/media.inmobalia.com\/imgV1\/B98Le8~d7Me8YmhhhFsYM4czod~~P0fCuzkjRHefNZZlhRfNduPlI3aPbyA~VRE9VHhfPWX0FOyRrgTAdVTIEG~CGGWsdoAxpuuT8PprioRjaU5~JipHelZa20fBJ5nJRc_tggr9I1NxL1w-.jpg\"><\/picture>\n<p>Grupo Mosh y Dani Garc\u00eda han unido fuerzas para convertir Aresbank en el nuevo epicentro de la gastronom\u00eda y el entretenimiento en Marbella <a href=\"https:\/\/motelparticulier.com\/es\/\" target=\"_blank\" rel=\"noopener\">Motel Particulier.<\/a> Grupo Mosh, creador de locales ic\u00f3nicos como Playa Padre, Momento y Nido Beach Club, se asocia con Dani Garc\u00eda, el chef marbell\u00ed galardonado con una estrella Michelin, para dar nueva vida a este emblem\u00e1tico edificio. Su objetivo ha sido crear un espacio que combine alta gastronom\u00eda con una experiencia social vibrante, posicionando a Aresbank como un destino imprescindible.<\/p>\n<p>Albert Beniflah, cofundador de Grupo Mosh, describe el concepto como un \u201crestaurante de alta cocina con vida nocturna\u201d, donde la gastronom\u00eda de primer nivel se une a un entretenimiento sofisticado. M\u00e1s que una simple restauraci\u00f3n del edificio, la propuesta busca crear un entorno envolvente donde converjan la gastronom\u00eda, el lujo y el dise\u00f1o, elevando la oferta de Marbella a un nuevo nivel.<\/p>\n<h2 ><span class=\"position-absolute\" style=\"top: -120px\" id=\"un+diseno+que+honra+su+legado\"><\/span>Un dise\u00f1o que honra su legado<\/h2>\n<p>Para materializar esta transformaci\u00f3n, el reconocido dise\u00f1ador de interiores L\u00e1zaro Rosa-Viol\u00e1n ha sido elegido para liderar la renovaci\u00f3n. Con estudios en Barcelona y Nueva York, Rosa-Viol\u00e1n se define como \u201cpintor por educaci\u00f3n, viajero por convicci\u00f3n e interiorista por instinto\u201d, y su enfoque se basa en una fusi\u00f3n de influencias culturales.<\/p>\n<p>Su reto ser\u00e1 conservar la esencia arquitect\u00f3nica de Aresbank mientras lo dota de una elegancia contempor\u00e1nea. La renovaci\u00f3n mantendr\u00e1 la majestuosidad original del edificio, integrando materiales modernos, iluminaci\u00f3n sofisticada y texturas c\u00e1lidas que crear\u00e1n un ambiente acogedor y exclusivo.<\/p>\n<h2 ><span class=\"position-absolute\" style=\"top: -120px\" id=\"mas+que+un+restaurante\"><\/span>M\u00e1s que un restaurante<\/h2>\n<p>Aresbank no ser\u00e1 solo un espacio gastron\u00f3mico, sino una experiencia multisensorial y club privado que combinar\u00e1 alta cocina con una oferta de ocio \u00fanica. Con m\u00e1s de 2.000 m\u00b2 de superficie, el proyecto incluye 2 terrazas ajardinadas, piano bar y espacios para socios. Ser\u00e1 un lugar dise\u00f1ado para disfrutar, socializar y celebrar.<\/p>\n<p>La propuesta gastron\u00f3mica estar\u00e1 liderada por Dani Garc\u00eda, cuya visi\u00f3n innovadora ha revolucionado la cocina andaluza a nivel mundial. Con una carrera marcada por tres estrellas Michelin, el chef ha sabido reinventarse y expandir su imperio culinario, fusionando tradici\u00f3n e innovaci\u00f3n en cada uno de sus proyectos.<\/p>\n<p>Se espera que el nuevo Aresbank albergue varios conceptos gastron\u00f3micos, desde men\u00fas degustaci\u00f3n hasta bares de tapas animados y sofisticados salones de c\u00f3cteles, ofreciendo experiencias \u00fanicas para diferentes ocasiones y preferencias.<\/p>\n<picture><source sizes=\"(max-width: 575px) calc(100vw - 30px),(max-width: 767px) 510px,(max-width: 991px) 690px,(max-width: 1199px) 595px,(max-width: 1399px) 810px, 945px\" width=\"945\" height=\"1181.25\" srcset=\"https:\/\/media.inmobalia.com\/imgV1\/B98Le8~d7Me8Ymh25g8UJ3ypDtZ8Y3FecBCLxExjtFW~kNtmDiPvo~DIQuVSZWz~B8cOgqypLAdfYgSonxMWAYCe1G2bVZhyATkTebpSl~gyQZ088fLkbrTTxe8RM68frAd0awyPmVx7Nn9ivl9LKA--.jpg 945w,https:\/\/media.inmobalia.com\/imgV1\/B98Le8~d7MvRbj7Vv7fDLn6_Ew7ABi8pUTpfr~FoJsmhwgR1h1fB8_lyN~udGsKWhjkcv9FMCryyiOTJ4s5b5CBLMQj0lyS6n1SsGYNIeLHVv~3v32Xn9kmnEgsx9DtPO98zYuvQXjpOOQF1xp1dug--.jpg 595w\" type=\"image\/webp\"><img decoding=\"async\" loading=\"lazy\" class=\"alignnone size-full wp-image-46836 img-fluid\" width=\"960\" height=\"1200\" src=\"https:\/\/media.inmobalia.com\/imgV1\/B98Le8~d7Me8YmhhhFsYM4czod~~P0fCuzkjRHefNZZlhRfNduPlI3aPbyA~VRE9VHhfPWX0FOyRrgTAdVTIEG~CGGWsdoFFarGMOE5w7WguhCdpBrL~n_aBIWtFuJ7N.jpg\"><\/picture>\n<h2 ><span class=\"position-absolute\" style=\"top: -120px\" id=\"un+impulso+para+marbella\"><\/span>Un impulso para Marbella<\/h2>\n<p>Con una inversi\u00f3n superior a los 10 millones de euros, esta ambiciosa remodelaci\u00f3n es una apuesta por el lujo y el crecimiento econ\u00f3mico. Con la creaci\u00f3n de m\u00e1s de 200 empleos, ha dinamizado los sectores hotelero y de servicios en la ciudad. Inversores, celebridades y creadores de tendencias ya han puesto su mirada en este esperado proyecto, que se sumar\u00e1 a la oferta de la exclusiva Milla de Oro.<\/p>\n<p>Pero m\u00e1s all\u00e1 de su impacto econ\u00f3mico, la revitalizaci\u00f3n de Aresbank refuerza la imagen de Marbella como un destino de primer nivel. Rescatar un edificio ic\u00f3nico y transformarlo en un s\u00edmbolo de modernidad y sofisticaci\u00f3n abre la puerta a futuros desarrollos de lujo que respeten la historia arquitect\u00f3nica y cultural de la ciudad. Se espera que atraiga a visitantes de todo el mundo, consolidando a\u00fan m\u00e1s la posici\u00f3n de Marbella como referente del lujo en el Mediterr\u00e1neo.<\/p>\n<h2 ><span class=\"position-absolute\" style=\"top: -120px\" id=\"un+destino+que+marcara+una+nueva+era\"><\/span>Un destino que marcar\u00e1 una nueva era<\/h2>\n<p>Con su apertura en julio de 2025, el renacer de Aresbank representa un hito en la escena social y gastron\u00f3mica de Marbella. Despu\u00e9s de d\u00e9cadas de inactividad, este ic\u00f3nico edificio est\u00e1 listo para resurgir y redefinir el concepto de hospitalidad en la Milla de Oro.<\/p>\n<p>Para residentes y visitantes, Aresbank no ser\u00e1 solo un nuevo local, sino una declaraci\u00f3n de la capacidad de Marbella para evolucionar sin perder su esencia. Un espacio donde la historia, el lujo y la innovaci\u00f3n se encuentran para crear una experiencia sin precedentes. Ya sea como punto de referencia gastron\u00f3mico, destino de ocio nocturno o enclave cultural, Aresbank est\u00e1 destinado a convertirse en el nuevo emblema del lujo en Marbella.<\/p>\n","protected":false},"excerpt":{"rendered":"<p>Aresbank, uno de los edificios m\u00e1s emblem\u00e1ticos de Marbella, est\u00e1 de vuelta. Construido en los a\u00f1os 80 como un centro financiero para impulsar el comercio entre Espa\u00f1a y Oriente Medio, este imponente edificio se ha transformado en un exclusivo destino de gastronom\u00eda y entretenimiento . Gracias a la alianza entre Grupo Mosh y el reconocido&#8230;<\/p>\n","protected":false},"author":3,"featured_media":46878,"comment_status":"closed","ping_status":"closed","sticky":false,"template":"","format":"standard","meta":{"_acf_changed":false,"footnotes":""},"categories":[1329],"tags":[],"class_list":["post-45494","post","type-post","status-publish","format-standard","has-post-thumbnail","hentry","category-estilo-de-vida"],"acf":[],"_links":{"self":[{"href":"https:\/\/www.dmproperties.com\/es\/wp-json\/wp\/v2\/posts\/45494","targetHints":{"allow":["GET"]}}],"collection":[{"href":"https:\/\/www.dmproperties.com\/es\/wp-json\/wp\/v2\/posts"}],"about":[{"href":"https:\/\/www.dmproperties.com\/es\/wp-json\/wp\/v2\/types\/post"}],"author":[{"embeddable":true,"href":"https:\/\/www.dmproperties.com\/es\/wp-json\/wp\/v2\/users\/3"}],"replies":[{"embeddable":true,"href":"https:\/\/www.dmproperties.com\/es\/wp-json\/wp\/v2\/comments?post=45494"}],"version-history":[{"count":0,"href":"https:\/\/www.dmproperties.com\/es\/wp-json\/wp\/v2\/posts\/45494\/revisions"}],"wp:featuredmedia":[{"embeddable":true,"href":"https:\/\/www.dmproperties.com\/es\/wp-json\/wp\/v2\/media\/46878"}],"wp:attachment":[{"href":"https:\/\/www.dmproperties.com\/es\/wp-json\/wp\/v2\/media?parent=45494"}],"wp:term":[{"taxonomy":"category","embeddable":true,"href":"https:\/\/www.dmproperties.com\/es\/wp-json\/wp\/v2\/categories?post=45494"},{"taxonomy":"post_tag","embeddable":true,"href":"https:\/\/www.dmproperties.com\/es\/wp-json\/wp\/v2\/tags?post=45494"}],"curies":[{"name":"wp","href":"https:\/\/api.w.org\/{rel}","templated":true}]}}