{"id":4569,"date":"2013-01-15T18:43:52","date_gmt":"2013-01-15T17:43:52","guid":{"rendered":"https:\/\/www.dmproperties.com\/es\/?p=4569"},"modified":"2023-06-26T08:35:40","modified_gmt":"2023-06-26T06:35:40","slug":"malaga-y-marbella-en-la-guia-michelin-2013","status":"publish","type":"post","link":"https:\/\/www.dmproperties.com\/es\/4569-malaga-y-marbella-en-la-guia-michelin-2013","title":{"rendered":"M\u00e1laga y Marbella en la Gu\u00eda Michelin 2013"},"content":{"rendered":"<p><strong>Durante a\u00f1os, el <a href=\"https:\/\/www.rcafedeparis.com\/\" title=\"Restaurante Cafe de Paris, M\u00e1laga\" rel=\"nofollow noopener noreferrer\" target=\"_blank\">Caf\u00e9 de Paris<\/a> fue el \u00fanico establecimiento galardonado con una estrella Michelin en <a href=\"https:\/\/www.dmproperties.com\/es\/propiedades\" title=\"Marbella, Propiedades en venta en la Costa del Sol\">la zona de M\u00e1laga<\/a>; cuando el chef y propietario Jos\u00e9 Carlos Garc\u00eda decidi\u00f3 trasladarse a su nueva ubicaci\u00f3n en <a href=\"https:\/\/www.dmproperties.com\/es\/4060-muelle-uno-un-puerto-muy-chic-en-malaga-capital\" title=\"Muelle Uno, un puerto muy chic en M\u00e1laga capital\">Muelle Uno<\/a>, sab\u00eda que se arriesgaba a tener que empezar casi desde cero.<\/strong><\/p>\n<picture><source sizes=\"(max-width: 575px) calc(100vw - 30px),(max-width: 767px) 510px,(max-width: 991px) 690px,(max-width: 1199px) 595px,(max-width: 1399px) 810px, 945px\" width=\"577\" height=\"331\" srcset=\"https:\/\/media.inmobalia.com\/imgV1\/B98Le8~d7MvfIXIAX~mX3TFCwuADJjCJuigTF5zZoQ9rGTYgYhk6xCna6Qs58kyQbNPSdHluFzdlBxpRAXzMJ1A1p3tE59Bz2LODkjDd8oBVnVeLRUpRNpZv_BeApKJZa_poONz~T8K7aNatIb8MeHlc.jpeg 577w\" type=\"image\/webp\"><img loading=\"lazy\" decoding=\"async\" class=\"aligncenter size-full wp-image-4580\" width=\"577\" height=\"331\" alt=\"Guia Michelin 2013\" src=\"https:\/\/media.inmobalia.com\/imgV1\/B98Le8~d7MvfIXIXAMK7XKor8RRWOz6LeOkCvDen_wQqInahTRKyYkHDuZfafFgrp1WvWAUxHg7xGb_KJk75iBm6S5G4BpPMuNjKLZ7e3IFa2uiM8tGvK1RJVI2vnePW~h8-.jpeg\"><\/picture>\n<p>La apertura de su nuevo restaurante en una zona adem\u00e1s de reciente construcci\u00f3n junto al puerto de M\u00e1laga significaba la posibilidad de perder su estatus de chef galardonado por Michelin. \u201cVolver a empezar es siempre dif\u00edcil. A pesar de que hemos mantenido la misma filosof\u00eda y las mismas intenciones, era todo nuevo: desde el espacio hasta la propuesta\u201d.  <\/p>\n<p><a href=\"https:\/\/www.rcafedeparis.com\/\" title=\"Restaurante Cafe de Paris, M\u00e1laga\" rel=\"nofollow noopener noreferrer\" target=\"_blank\"><picture><source sizes=\"(max-width: 575px) calc(100vw - 30px),(max-width: 767px) 510px,(max-width: 991px) 242px,(max-width: 1199px) 209px,(max-width: 1399px) 284px, 331px\" width=\"510\" height=\"339.38181818182\" srcset=\"https:\/\/media.inmobalia.com\/imgV1\/B98Le8~d7MvZypuPyYxIC9Go4pGcJ6BFKz0a~7bst1Zx2hhS0xNgJNBoRY~WFnGbk6Gep5NC2F2uX28KFNE8u8ph8TXvmWHTa2Eqv00lo6qv1chrlX~Mq7~TPJWQGsqhyEGMhFTTHjnhVhHovf8ByyzfZxyXH4ntgLnipEk-.jpg 510w,https:\/\/media.inmobalia.com\/imgV1\/B98Le8~d7Mvd4RJXWjvyEb0eyEv1F2yrJiKU2lQrR8if_z8Vh2jJJ6ymfl245tKjwUkb_boojppeOGbqagZ3kKb0TjDBAvLg~ENISWC5A~LrhQzkxTFxeeZZ8NIAExggigeWQ7TiZAv1vLxy1GGa~jOZvpl30HbU7bM20XY-.jpg 550w\" type=\"image\/webp\"><img decoding=\"async\" loading=\"lazy\" class=\"alignright size-medium wp-image-5683\" width=\"305\" height=\"202\" alt=\"Restaurante Jose Carlos, Malaga\" src=\"https:\/\/media.inmobalia.com\/imgV1\/B98Le8~d7MvZypuYbhLulf74I7cGH1t4yG~zNysJTUh9Wcum7kcWKvZMlxdjF1YrPv4LFQgUrkucJCsDeHoUZE3do5B02BClY1feijM8eV3CiMY6cxgzpw_6zF_B_8y4eLSgZcc6uHt6yWlDlQ--.jpg\"><\/picture><\/a>Arriesgando una reputaci\u00f3n intachable labrada a lo largo de muchos a\u00f1os, decidi\u00f3 dar el gran paso, admitiendo su preocupaci\u00f3n ante la perspectiva de perder la estrella Michelin que gan\u00f3 en 2002. \u201cSolo intentamos hacerlo lo mejor posible, todos, porque esto es un premio a una labor de equipo\u201d<\/p>\n<p>Jos\u00e9 Carlos Garc\u00eda y su equipo salieron victoriosos, y mantuvieron su categor\u00eda en la gu\u00eda, mientras que se enfrentaban al reto que conlleva un cambio de ubicaci\u00f3n. No es de extra\u00f1ar que se mostraran m\u00e1s que euf\u00f3ricos ante su logro, que mantiene el pabell\u00f3n gastron\u00f3mico bien alto en Andaluc\u00eda, y el de M\u00e1laga en particular. <\/p>\n<p><a href=\"https:\/\/grupodanigarcia.com\/en\/\" title=\"Restaurante Calima Marbella, Dani Garcia\" rel=\"nofollow noopener noreferrer\" target=\"_blank\"><picture><source sizes=\"(max-width: 575px) calc(100vw - 30px),(max-width: 767px) 510px,(max-width: 991px) 242px,(max-width: 1199px) 209px,(max-width: 1399px) 284px, 331px\" width=\"510\" height=\"324.54545454545\" srcset=\"https:\/\/media.inmobalia.com\/imgV1\/B98Le8~d7MvZypuPyYxIC9Go4pGcJ6BFKz0a~7bst1Zx2hhS0xNgJNBoRY~WFnGbk6Gep5NC2F2uX28KFNE8u8ph8TXvmWHTa2Eqv00lo6qv1chrlX~Mq7~TPIQbL7aRST~w_kmQDsU0FgivxIcwzqU-.jpg 510w,https:\/\/media.inmobalia.com\/imgV1\/B98Le8~d7Mvd4RJXWjvyEb0eyEv1F2yrJiKU2lQrR8if_z8Vh2jJJ6ymfl245tKjwUkb_boojppeOGbqagZ3kKb0TjDBAvLg~ENISWC5A~LrhQzkxTFxeeZZ8MMBTkON84CDzsdbuMRqZ1DngkNGVpI-.jpg 550w\" type=\"image\/webp\"><img decoding=\"async\" loading=\"lazy\" class=\"alignleft size-thumbnail wp-image-5688\" width=\"150\" height=\"95\" alt=\"Calima Dani Garcia\" src=\"https:\/\/media.inmobalia.com\/imgV1\/B98Le8~d7MvZypuYbhLulf74I7cGH1t4yG~zNysJTUh9Wcum7kcWKvZMlxdjF1YrPv4LFQgUrkucJCsDeHoUZE3do5B02BClY1fem~H5~lD_NEYMZmNsDWTIJxYIr3s~Yg--.jpg\"><\/picture><\/a>La Gu\u00eda Roja de Michelin para Espa\u00f1a y Portugal incluye tambi\u00e9n las recomendaciones de los restaurantes Calima, El Lago y Skina, que al igual que el Caf\u00e9 de Paris mantienen su presencia, aunque sin estrella Michelin. <a href=\"https:\/\/grupodanigarcia.com\/en\/\" title=\"Restaurante Calima Marbella, Dani Garcia\" rel=\"nofollow noopener noreferrer\" target=\"_blank\">Calima<\/a>, el reconocido restaurante situado en el Hotel Meli\u00e1 Don Pepe en Marbella, mantiene sus dos estrellas. El autor de la carta de Calima es el mism\u00edsimo Dani Garc\u00eda, uno de los chefs m\u00e1s interesantes del momento. <\/p>\n<p><a href=\"https:\/\/restauranteellago.com\/\" title=\"Restaurante El Lago, Marbella\" rel=\"nofollow noopener noreferrer\" target=\"_blank\"><picture><source sizes=\"(max-width: 575px) calc(100vw - 30px),(max-width: 767px) 510px,(max-width: 991px) 242px,(max-width: 1199px) 209px,(max-width: 1399px) 284px, 331px\" width=\"96\" height=\"96\" srcset=\"https:\/\/media.inmobalia.com\/imgV1\/B98Le8~d7Me_nrna58oRLqceLah6AY71xUzGqKbmBQUYR7LTzgWSDvj~wwkA8H9Js5VTvYg7YT_gSyA~_bS~jJrcitzw12JVxMH~OG~dRDYFit0oowDtdRWS7PsQ7SE3xea6UvMep_uQMPkeFzhOF9vBpvxlwuMtCA--.jpg 96w\" type=\"image\/webp\"><img decoding=\"async\" loading=\"lazy\" class=\"alignright size-full wp-image-5691\" width=\"96\" height=\"96\" alt=\"Restaurante El Lago, Marbella\" src=\"https:\/\/media.inmobalia.com\/imgV1\/B98Le8~d7Me_nq6YiKfMAuesLVoio2abJZ6mY_mb3zHCIS198lQFzov7pE1gm6JfN0ba8gBtyJgojep_8Fwp31vure0_uG5AGEu4kHU~1PalYjwTcTjeGnkK_5ljyzLIeRGa7cxNvCHB.jpg\"><\/picture><\/a><a href=\"https:\/\/www.restauranteskina.com\/\" title=\"Restaurante Skina, Marbella\" rel=\"nofollow noopener noreferrer\" target=\"_blank\"><picture><source sizes=\"(max-width: 575px) calc(100vw - 30px),(max-width: 767px) 510px,(max-width: 991px) 242px,(max-width: 1199px) 209px,(max-width: 1399px) 284px, 331px\" width=\"368\" height=\"194\" srcset=\"https:\/\/media.inmobalia.com\/imgV1\/B98Le8~d7M13~oXs~iS2Vhr8PUv4Nd8odqJCqXRJY8k_uJp0QABo3bfCciRcfFF7t51DD1Mv2G~ftI7s~Z8xzPMB9P~bj55h8qrrSaUctLZRf_QscxbH56gArDgFLWixXTeN4wtLXsRAFq9GSdVi7gfj6JrLQU8xrg--.jpg 368w\" type=\"image\/webp\"><img decoding=\"async\" loading=\"lazy\" class=\"alignright size-thumbnail wp-image-5694\" width=\"150\" height=\"79\" alt=\"Restaurante Skina, Marbella\" src=\"https:\/\/media.inmobalia.com\/imgV1\/B98Le8~d7M13~oX7xw5l3S8VDfNwLOUBqs1eUwJ4qVe5OqBuCfZbJkXOm8vpaxWMZv4iBVwQsexV~rMgLZqhvVyIoha66fP5_jRO_dW6t5VE~mMSNK_kAxT_e6ws0h_xfzCDqDS5HxgQ.jpg\"><\/picture><\/a>Tanto Dani como Diego del R\u00edo, chef de <a href=\"https:\/\/restauranteellago.com\/\" title=\"Restaurante El Lago, Marbella\" rel=\"nofollow noopener noreferrer\" target=\"_blank\">El Lago<\/a> en Elviria, comparten la misma pasi\u00f3n por la cocina creativa inspirada en los fogones tradicionales y productos frescos locales, y por ello han colaborado juntos en m\u00e1s de una ocasi\u00f3n. La comida es tambi\u00e9n una filosof\u00eda de vida para Marcos Granda y los chefs Hideaki Yoshioka y Jaume Puigdengolas, de <a href=\"https:\/\/www.restauranteskina.com\/\" title=\"Restaurante Skina, Marbella\" rel=\"nofollow noopener noreferrer\" target=\"_blank\">Skina<\/a>, situado en el casco antiguo de Marbella. <\/p>\n<p>Estos restaurantes contin\u00faan siendo la cr\u00e9me de la cr\u00e9me en la zona de Marbella, ofreciendo el tipo de delicias culinarias que uno espera encontrar en los principales centros gastron\u00f3micos del mundo \u2013 pero con un toque Andaluz, que las hace \u00fanicas.<\/p>\n","protected":false},"excerpt":{"rendered":"<p>Durante a\u00f1os, el Caf\u00e9 de Paris fue el \u00fanico establecimiento galardonado con una estrella Michelin en la zona de M\u00e1laga; cuando el chef y propietario Jos\u00e9 Carlos Garc\u00eda decidi\u00f3 trasladarse a su nueva ubicaci\u00f3n en Muelle Uno, sab\u00eda que se arriesgaba a tener que empezar casi desde cero.<\/p>\n","protected":false},"author":2,"featured_media":4580,"comment_status":"open","ping_status":"open","sticky":false,"template":"","format":"standard","meta":{"_acf_changed":false,"footnotes":""},"categories":[1337],"tags":[],"class_list":["post-4569","post","type-post","status-publish","format-standard","has-post-thumbnail","hentry","category-noticias"],"acf":[],"_links":{"self":[{"href":"https:\/\/www.dmproperties.com\/es\/wp-json\/wp\/v2\/posts\/4569","targetHints":{"allow":["GET"]}}],"collection":[{"href":"https:\/\/www.dmproperties.com\/es\/wp-json\/wp\/v2\/posts"}],"about":[{"href":"https:\/\/www.dmproperties.com\/es\/wp-json\/wp\/v2\/types\/post"}],"author":[{"embeddable":true,"href":"https:\/\/www.dmproperties.com\/es\/wp-json\/wp\/v2\/users\/2"}],"replies":[{"embeddable":true,"href":"https:\/\/www.dmproperties.com\/es\/wp-json\/wp\/v2\/comments?post=4569"}],"version-history":[{"count":0,"href":"https:\/\/www.dmproperties.com\/es\/wp-json\/wp\/v2\/posts\/4569\/revisions"}],"wp:featuredmedia":[{"embeddable":true,"href":"https:\/\/www.dmproperties.com\/es\/wp-json\/wp\/v2\/media\/4580"}],"wp:attachment":[{"href":"https:\/\/www.dmproperties.com\/es\/wp-json\/wp\/v2\/media?parent=4569"}],"wp:term":[{"taxonomy":"category","embeddable":true,"href":"https:\/\/www.dmproperties.com\/es\/wp-json\/wp\/v2\/categories?post=4569"},{"taxonomy":"post_tag","embeddable":true,"href":"https:\/\/www.dmproperties.com\/es\/wp-json\/wp\/v2\/tags?post=4569"}],"curies":[{"name":"wp","href":"https:\/\/api.w.org\/{rel}","templated":true}]}}