{"id":45723,"date":"2025-03-24T15:17:30","date_gmt":"2025-03-24T14:17:30","guid":{"rendered":"https:\/\/www.dmproperties.com\/?p=45723"},"modified":"2025-03-24T15:17:30","modified_gmt":"2025-03-24T14:17:30","slug":"udesign-soluciones-holisticas-pioneras-hogares","status":"publish","type":"post","link":"https:\/\/www.dmproperties.com\/es\/45723-udesign-soluciones-holisticas-pioneras-hogares","title":{"rendered":"UDesign: soluciones hol\u00edsticas pioneras para hogares excepcionales"},"content":{"rendered":"<p><strong>Desde sus inicios en un peque\u00f1o estudio de 80 m\u00b2 a las afueras de Estepona en 2008, UDesign se ha convertido en una referencia en el dise\u00f1o arquitect\u00f3nico y de interiores, con m\u00e1s de 40 empleados en la actualidad. Su trayectoria se ha definido por un impulso constante por superar los l\u00edmites creativos y dise\u00f1ar viviendas de lujo que combinan a la perfecci\u00f3n est\u00e9tica, funcionalidad e innovaci\u00f3n. En esta conversaci\u00f3n, Jason Harris, director creativo de UDesign, comparte su visi\u00f3n sobre la filosof\u00eda de dise\u00f1o de la empresa, su proceso creativo y su evoluci\u00f3n hasta convertirse en el referente del sector que es hoy.<\/strong><br \/>\n<picture><source sizes=\"(max-width: 575px) calc(100vw - 30px),(max-width: 767px) 510px,(max-width: 991px) 690px,(max-width: 1199px) 595px,(max-width: 1399px) 810px, 945px\" width=\"945\" height=\"531.5625\" srcset=\"https:\/\/media.inmobalia.com\/imgV1\/B98Le8~d7Me8Ymh25g8UJ3ypDtZ8Y3FecBCLxExjtFW~kNtmDiPvo~DIQuVSZWz~B8cOgqypLAdfYgSonxMWAYCe1G2bVZhyATkTebpSl~gyQZ088fLl5r_didpyG9SIVu8GMpI1_tIL2slHsU~FR243z6pRhSYox4~oeFUpNh2J~Q--.jpg 945w,https:\/\/media.inmobalia.com\/imgV1\/B98Le8~d7MvRbj7Vv7fDLn6_Ew7ABi8pUTpfr~FoJsmhwgR1h1fB8_lyN~udGsKWhjkcv9FMCryyiOTJ4s5b5CBLMQj0lyS6n1SsGYNIeLHVv~3v32XmIU9wZk8mr49NEkUpFRwxM7VO~gayBcWa1CzcKxTIxpRVWORUtoaDb69akQ--.jpg 595w\" type=\"image\/webp\"><img loading=\"lazy\" decoding=\"async\" class=\"alignnone size-full wp-image-45726 img-fluid\" width=\"1920\" height=\"1080\" alt=\"Zagaleta UDesign\" src=\"https:\/\/media.inmobalia.com\/imgV1\/B98Le8~d7Me8YmhhhFsYM4czod~~P0fCuzkjRHefNZZlhRfNduPlI3aPbyA~VRE9VHhfPWX0FOyRrgTAdVTIEG~CGGWsdoAxpupevHipaqV8nsDAw64vGky6uhs1V7SPMrLKV8VYlb1Rau5UA_EgdDdY.jpg\"><\/picture><\/p>\n<h2 ><span class=\"position-absolute\" style=\"top: -120px\" id=\"una+filosofia+de+diseno+unica\"><\/span>Una filosof\u00eda de dise\u00f1o \u00fanica<\/h2>\n<figure id=\"attachment_45713\" aria-describedby=\"caption-attachment-45713\" style=\"width: 1635px\" class=\"wp-caption alignright\"><picture><source sizes=\"(max-width: 575px) calc(100vw - 30px),(max-width: 767px) 510px,(max-width: 991px) 690px,(max-width: 1199px) 595px,(max-width: 1399px) 810px, 945px\" width=\"945\" height=\"881.3232421875\" srcset=\"https:\/\/media.inmobalia.com\/imgV1\/B98Le8~d7Me8Ymh25g8UJ3ypDtZ8Y3FecBCLxExjtFW~kNtmDiPvo~DIQuVSZWz~B8cOgqypLAdfYgSonxMWAYCe1G2bVZhyATkTebpSl~gyQZ088fLl5r_dicp~lRcJMektqsXu6SijULT9aA--.jpeg 945w,https:\/\/media.inmobalia.com\/imgV1\/B98Le8~d7MvRbj7Vv7fDLn6_Ew7ABi8pUTpfr~FoJsmhwgR1h1fB8_lyN~udGsKWhjkcv9FMCryyiOTJ4s5b5CBLMQj0lyS6n1SsGYNIeLHVv~3v32XmIU9wZl_10ARo~gLU7VMyUT9_QIg1pw--.jpeg 595w\" type=\"image\/webp\"><img decoding=\"async\" loading=\"lazy\" class=\" img-fluid wp-image-45713\" width=\"1635\" height=\"1525\" alt=\"Jason UDesign\" src=\"https:\/\/media.inmobalia.com\/imgV1\/B98Le8~d7Me8YmhhhFsYM4czod~~P0fCuzkjRHefNZZlhRfNduPlI3aPbyA~VRE9VHhfPWX0FOyRrgTAdVTIEG~CGGWsdoAxpuperCjtpFY6bJ8bNbmevDMGFAQG.jpeg\"><\/picture><figcaption id=\"caption-attachment-45713\" class=\"wp-caption-text\">Jason Harris<\/figcaption><\/figure>\n<p>El enfoque de UDesign hacia la arquitectura y el dise\u00f1o de interiores es innovador. En lugar de seguir un \u00fanico estilo, la empresa abraza una amplia variedad de est\u00e9ticas, manteniendo siempre su sello distintivo en cada proyecto. Fusionan elementos naturales con materiales modernos y logran una integraci\u00f3n fluida entre los espacios interiores y exteriores, incorporando madera, plantas y texturas org\u00e1nicas en dise\u00f1os vanguardistas.<\/p>\n<p>Su filosof\u00eda de dise\u00f1o toma inspiraci\u00f3n de diversas fuentes, como los jardines japoneses, la est\u00e9tica zen y los principios minimalistas, no como una mera imitaci\u00f3n, sino como una influencia en su b\u00fasqueda de armon\u00eda y equilibrio espacial.<\/p>\n<p>A la hora de materializar los sue\u00f1os de sus clientes, UDesign parte de conceptos ya desarrollados, como los dise\u00f1os presentados en su sitio web. A partir de ah\u00ed, los clientes pueden elegir una direcci\u00f3n alineada con su visi\u00f3n y adaptarla a sus necesidades. De este modo, se evita la \"p\u00e1gina en blanco\" y se facilita un proceso m\u00e1s fluido e intuitivo.<\/p>\n<h2 ><span class=\"position-absolute\" style=\"top: -120px\" id=\"logros+arquitectonicos+galardonados\"><\/span>Logros arquitect\u00f3nicos galardonados<\/h2>\n<p>La experiencia de UDesign va m\u00e1s all\u00e1 del dise\u00f1o de interiores. Su primer proyecto arquitect\u00f3nico, Villa Alcuzcuz, obtuvo el prestigioso premio a la Mejor Residencia Unifamiliar de Arquitectura de Europa, un logro excepcional para su debut en este campo. Su reputaci\u00f3n se consolid\u00f3 a\u00fan m\u00e1s con Villas Vista Lago, un conjunto de 18 residencias de lujo en Real de la Quinta, que recibi\u00f3 el premio a la Mejor Multiresidencia de Europa. Estos reconocimientos reflejan su capacidad para crear hogares impresionantes y altamente funcionales.<\/p>\n<picture><source sizes=\"(max-width: 575px) calc(100vw - 30px),(max-width: 767px) 510px,(max-width: 991px) 690px,(max-width: 1199px) 595px,(max-width: 1399px) 810px, 945px\" width=\"945\" height=\"531.83949973945\" srcset=\"https:\/\/media.inmobalia.com\/imgV1\/B98Le8~d7Me8Ymh25g8UJ3ypDtZ8Y3FecBCLxExjtFW~kNtmDiPvo~DIQuVSZWz~B8cOgqypLAdfYgSonxMWAYCe1G2bVZhyATkTebpSl~gyQZ088fLl5r_dic3v5ZfIvFpHHpZ~~QZCc6H8aBqBNA--.jpg 945w,https:\/\/media.inmobalia.com\/imgV1\/B98Le8~d7MvRbj7Vv7fDLn6_Ew7ABi8pUTpfr~FoJsmhwgR1h1fB8_lyN~udGsKWhjkcv9FMCryyiOTJ4s5b5CBLMQj0lyS6n1SsGYNIeLHVv~3v32XmIU9wZlgfy7ztC0yHiz8f623nNEBd8Jtp2w--.jpg 595w\" type=\"image\/webp\"><img decoding=\"async\" loading=\"lazy\" class=\"alignnone size-full wp-image-45731 img-fluid\" width=\"1919\" height=\"1080\" alt=\"Master bedrom \" src=\"https:\/\/media.inmobalia.com\/imgV1\/B98Le8~d7Me8YmhhhFsYM4czod~~P0fCuzkjRHefNZZlhRfNduPlI3aPbyA~VRE9VHhfPWX0FOyRrgTAdVTIEG~CGGWsdoAxpupeq8yboMGVhWK8sAyjQtnVHcNMICyl.jpg\"><\/picture>\n<h2 ><span class=\"position-absolute\" style=\"top: -120px\" id=\"tecnologia+al+servicio+del+diseno\"><\/span>Tecnolog\u00eda al servicio del dise\u00f1o<\/h2>\n<p>La tecnolog\u00eda ha transformado el proceso creativo de UDesign. Su equipo interno de visualizaci\u00f3n 3D, parte integral de la empresa desde hace m\u00e1s de 10 a\u00f1os, desempe\u00f1a un papel clave al permitir a los dise\u00f1adores experimentar con texturas, materiales y dise\u00f1os en un entorno virtual antes de su ejecuci\u00f3n.<\/p>\n<blockquote class=\"blockquote position-relative font-italic bg-light pt-4 pr-4 pb-4 pl-6 my-5\"><p>\u00abEl dise\u00f1o en 3D es nuestro taller: nos permite explorar posibilidades y perfeccionar ideas que podr\u00edan no ser viables con m\u00e9todos tradicionales\u00bb, explica Jason.<\/p><\/blockquote>\n<p><picture><source sizes=\"(max-width: 575px) calc(100vw - 30px),(max-width: 767px) 510px,(max-width: 991px) 690px,(max-width: 1199px) 595px,(max-width: 1399px) 810px, 945px\" width=\"945\" height=\"531.83949973945\" srcset=\"https:\/\/media.inmobalia.com\/imgV1\/B98Le8~d7Me8Ymh25g8UJ3ypDtZ8Y3FecBCLxExjtFW~kNtmDiPvo~DIQuVSZWz~B8cOgqypLAdfYgSonxMWAYCe1G2bVZhyATkTebpSl~gyQZ088fLl5r_diddSDVr0dsmwbCQWIU6M0eOG41SBJGexsQ--.jpg 945w,https:\/\/media.inmobalia.com\/imgV1\/B98Le8~d7MvRbj7Vv7fDLn6_Ew7ABi8pUTpfr~FoJsmhwgR1h1fB8_lyN~udGsKWhjkcv9FMCryyiOTJ4s5b5CBLMQj0lyS6n1SsGYNIeLHVv~3v32XmIU9wZkLQgkeemnRvFKm_A3RGmr32VQEy3dR2Sw--.jpg 595w\" type=\"image\/webp\"><img decoding=\"async\" loading=\"lazy\" class=\"alignnone size-full wp-image-45741 img-fluid\" width=\"1919\" height=\"1080\" alt=\"White sofa mountains\" src=\"https:\/\/media.inmobalia.com\/imgV1\/B98Le8~d7Me8YmhhhFsYM4czod~~P0fCuzkjRHefNZZlhRfNduPlI3aPbyA~VRE9VHhfPWX0FOyRrgTAdVTIEG~CGGWsdoAxpupesel~DLFaS29cNMDxsF6Mygx1Ax7KlppX.jpg\"><\/picture><br \/>\nSi bien la inteligencia artificial ha avanzado en la generaci\u00f3n de dise\u00f1os, UDesign considera que las representaciones digitales por s\u00ed solas no son suficientes. \u00abCualquiera puede crear un dise\u00f1o impactante en un ordenador, pero sin la habilidad y la experiencia para hacerlo realidad, sigue siendo solo una imagen\u00bb, se\u00f1ala Jason. Esta dedicaci\u00f3n a la ejecuci\u00f3n es lo que los distingue, asegurando que cada elemento \u2014desde suelos y paredes hasta cocinas, ba\u00f1os e iluminaci\u00f3n\u2014 se elabore con la m\u00e1xima precisi\u00f3n.<\/p>\n<h2 ><span class=\"position-absolute\" style=\"top: -120px\" id=\"la+sostenibilidad+como+prioridad\"><\/span>La sostenibilidad como prioridad<\/h2>\n<p>Para UDesign, la sostenibilidad no es una tendencia, sino una necesidad. \u00abSi no cuidamos el planeta, no tendremos negocio\u00bb, afirma Jason. Su compromiso con el dise\u00f1o ecol\u00f3gico se refleja en la selecci\u00f3n de materiales de construcci\u00f3n y fabricaci\u00f3n sostenibles.<br \/>\n<picture><source sizes=\"(max-width: 575px) calc(100vw - 30px),(max-width: 767px) 510px,(max-width: 991px) 690px,(max-width: 1199px) 595px,(max-width: 1399px) 810px, 945px\" width=\"945\" height=\"531.83949973945\" srcset=\"https:\/\/media.inmobalia.com\/imgV1\/B98Le8~d7Me8Ymh25g8UJ3ypDtZ8Y3FecBCLxExjtFW~kNtmDiPvo~DIQuVSZWz~B8cOgqypLAdfYgSonxMWAYCe1G2bVZhyATkTebpSl~gyQZ088fLl5r_dicxIpjw74xI19_cXgkEjlejbcw--.jpg 945w,https:\/\/media.inmobalia.com\/imgV1\/B98Le8~d7MvRbj7Vv7fDLn6_Ew7ABi8pUTpfr~FoJsmhwgR1h1fB8_lyN~udGsKWhjkcv9FMCryyiOTJ4s5b5CBLMQj0lyS6n1SsGYNIeLHVv~3v32XmIU9wZlnhdGxZv~mH_nh2aymU0WSmKQ--.jpg 595w\" type=\"image\/webp\"><img decoding=\"async\" loading=\"lazy\" class=\"alignnone size-full wp-image-45751 img-fluid\" width=\"1919\" height=\"1080\" alt=\"Living room\" src=\"https:\/\/media.inmobalia.com\/imgV1\/B98Le8~d7Me8YmhhhFsYM4czod~~P0fCuzkjRHefNZZlhRfNduPlI3aPbyA~VRE9VHhfPWX0FOyRrgTAdVTIEG~CGGWsdoAxpupeqqrFKpRusW1~u1QTESJgwyEq.jpg\"><\/picture><br \/>\nVilla Alcuzcuz, la primera Passivhaus de lujo en Espa\u00f1a, es un claro ejemplo de su filosof\u00eda sostenible. A pesar de sus 1.350 m\u00b2, su consumo energ\u00e9tico es similar al de un apartamento de dos dormitorios. UDesign demuestra que lujo y sostenibilidad pueden coexistir sin concesiones.<\/p>\n<h2 ><span class=\"position-absolute\" style=\"top: -120px\" id=\"espacios+exteriores+como+una+extension+del+hogar\"><\/span>Espacios exteriores como una extensi\u00f3n del hogar<\/h2>\n<blockquote class=\"blockquote position-relative font-italic bg-light pt-4 pr-4 pb-4 pl-6 my-5\"><p>UDesign otorga la misma importancia a los espacios exteriores que a los interiores. La combinaci\u00f3n de naturaleza y arquitectura permite una transici\u00f3n fluida entre ambos. \u00abEl jard\u00edn es parte del hogar y debe dise\u00f1arse con el mismo cuidado\u00bb, explica Jason.<\/p><\/blockquote>\n<p>La selecci\u00f3n meticulosa de plantas, accesorios e iluminaci\u00f3n garantiza que los espacios exteriores sean tan armoniosos y funcionales como el interior de la vivienda.<br \/>\n<picture><source sizes=\"(max-width: 575px) calc(100vw - 30px),(max-width: 767px) 510px,(max-width: 991px) 690px,(max-width: 1199px) 595px,(max-width: 1399px) 810px, 945px\" width=\"945\" height=\"531.83949973945\" srcset=\"https:\/\/media.inmobalia.com\/imgV1\/B98Le8~d7Me8Ymh25g8UJ3ypDtZ8Y3FecBCLxExjtFW~kNtmDiPvo~DIQuVSZWz~B8cOgqypLAdfYgSonxMWAYCe1G2bVZhyATkTebpSl~gyQZ088fLl5r_didQbayILlKoG7fyBzHM-.jpg 945w,https:\/\/media.inmobalia.com\/imgV1\/B98Le8~d7MvRbj7Vv7fDLn6_Ew7ABi8pUTpfr~FoJsmhwgR1h1fB8_lyN~udGsKWhjkcv9FMCryyiOTJ4s5b5CBLMQj0lyS6n1SsGYNIeLHVv~3v32XmIU9wZkHOwogG393jn7GaDSI-.jpg 595w\" type=\"image\/webp\"><img decoding=\"async\" loading=\"lazy\" class=\"alignnone size-full wp-image-45736 img-fluid\" width=\"1919\" height=\"1080\" alt=\"Terrace \" src=\"https:\/\/media.inmobalia.com\/imgV1\/B98Le8~d7Me8YmhhhFsYM4czod~~P0fCuzkjRHefNZZlhRfNduPlI3aPbyA~VRE9VHhfPWX0FOyRrgTAdVTIEG~CGGWsdoAxpupess_HPtvGE0nyXSBjkg--.jpg\"><\/picture><\/p>\n<h2 ><span class=\"position-absolute\" style=\"top: -120px\" id=\"una+empresa+todas+las+disciplinas\"><\/span>Una empresa, todas las disciplinas<\/h2>\n<p>UDesign naci\u00f3 con la intenci\u00f3n de gestionar todos los aspectos del dise\u00f1o de viviendas de lujo bajo un mismo techo: arquitectura, construcci\u00f3n, dise\u00f1o de interiores, materiales, iluminaci\u00f3n, dom\u00f3tica y mobiliario.<\/p>\n<blockquote class=\"blockquote position-relative font-italic bg-light pt-4 pr-4 pb-4 pl-6 my-5\"><p>\u00abNuestro objetivo es crear hogares excepcionales con un enfoque integral, en el que cada disciplina se ejecute con el m\u00e1ximo nivel de calidad\u00bb, afirma Jason. Este m\u00e9todo garantiza que cada detalle est\u00e9 cuidadosamente planificado y ejecutado a la perfecci\u00f3n.<\/p><\/blockquote>\n<h2 ><span class=\"position-absolute\" style=\"top: -120px\" id=\"un+socio+de+confianza+para+agentes+y+compradores\"><\/span>Un socio de confianza para agentes y compradores<\/h2>\n<p>Tanto los agentes inmobiliarios como los promotores valoran el servicio integral de UDesign, que elimina la necesidad de coordinar m\u00faltiples proveedores. Al encargarse de todo el proceso de dise\u00f1o y construcci\u00f3n, la empresa ofrece una experiencia optimizada y la tranquilidad de que cada aspecto del hogar estar\u00e1 ejecutado con precisi\u00f3n.<br \/>\n<picture><source sizes=\"(max-width: 575px) calc(100vw - 30px),(max-width: 767px) 510px,(max-width: 991px) 690px,(max-width: 1199px) 595px,(max-width: 1399px) 810px, 945px\" width=\"945\" height=\"531.83949973945\" srcset=\"https:\/\/media.inmobalia.com\/imgV1\/B98Le8~d7Me8Ymh25g8UJ3ypDtZ8Y3FecBCLxExjtFW~kNtmDiPvo~DIQuVSZWz~B8cOgqypLAdfYgSonxMWAYCe1G2bVZhyATkTebpSl~gyQZ088fLl5r_dic3v5ZfIvFpHGnYujItLm5UDv7T_iw--.jpg 945w,https:\/\/media.inmobalia.com\/imgV1\/B98Le8~d7MvRbj7Vv7fDLn6_Ew7ABi8pUTpfr~FoJsmhwgR1h1fB8_lyN~udGsKWhjkcv9FMCryyiOTJ4s5b5CBLMQj0lyS6n1SsGYNIeLHVv~3v32XmIU9wZlgfy7ztC0yHj3_h09Eujky18_JiSw--.jpg 595w\" type=\"image\/webp\"><img decoding=\"async\" loading=\"lazy\" class=\"alignnone size-full wp-image-45746 img-fluid\" width=\"1919\" height=\"1080\" alt=\"Master bathroom\" src=\"https:\/\/media.inmobalia.com\/imgV1\/B98Le8~d7Me8YmhhhFsYM4czod~~P0fCuzkjRHefNZZlhRfNduPlI3aPbyA~VRE9VHhfPWX0FOyRrgTAdVTIEG~CGGWsdoAxpupeq8yboMGVhWK4rfT3Yjb5RROatqD8.jpg\"><\/picture><br \/>\nSu filosof\u00eda es clara: seguir haciendo lo que mejor saben hacer y superar las expectativas de cada cliente. Con su constante b\u00fasqueda de la excelencia, su compromiso con la sostenibilidad y su enfoque innovador, UDesign se ha consolidado como un referente en el mercado inmobiliario de lujo en Marbella. M\u00e1s que viviendas, crean experiencias que redefinen el concepto de lujo.<\/p>\n<h2 ><span class=\"position-absolute\" style=\"top: -120px\" id=\"dato+clave+e+informacion+de+contacto\"><\/span>Dato Clave e Informaci\u00f3n de Contacto:<\/h2>\n<ul>\n<li><strong>Fundado en:<\/strong> 2008, en Marbella.<\/li>\n<li><strong>Empleados:<\/strong> 40.<\/li>\n<li><strong>Oficina:<\/strong> Pol. Ind. San Pedro Alc\u00e1ntara, c\/ Luxemburgo esq. c\/Turqu\u00eda Local 4.\u00a029670 San Pedro Alc\u00e1ntara, M\u00e1laga, Spain.<\/li>\n<\/ul>\n<p><strong>Contacto:<\/strong><\/p>\n<ul>\n<li><strong>Telefono:<\/strong> <a href=\"tel:+34952794117\">+34 952 79 41 17<\/a><\/li>\n<li><strong>Email:<\/strong> <a href=\"mailto:info@udesign.es\">info@udesign.es<\/a><\/li>\n<li><strong>Website<\/strong>: <a href=\"http:\/\/www.udesign.es\" target=\"_blank\" rel=\"noopener\">www.udesign.es<\/a><\/li>\n<\/ul>\n","protected":false},"excerpt":{"rendered":"<p>Desde sus inicios en un peque\u00f1o estudio de 80 m\u00b2 a las afueras de Estepona en 2008, UDesign se ha convertido en una referencia en el dise\u00f1o arquitect\u00f3nico y de interiores, con m\u00e1s de 40 empleados en la actualidad. Su trayectoria se ha definido por un impulso constante por superar los l\u00edmites creativos y dise\u00f1ar&#8230;<\/p>\n","protected":false},"author":3,"featured_media":45768,"comment_status":"closed","ping_status":"closed","sticky":false,"template":"","format":"standard","meta":{"_acf_changed":false,"footnotes":""},"categories":[2015],"tags":[],"class_list":["post-45723","post","type-post","status-publish","format-standard","has-post-thumbnail","hentry","category-the-professional-series-es"],"acf":[],"_links":{"self":[{"href":"https:\/\/www.dmproperties.com\/es\/wp-json\/wp\/v2\/posts\/45723","targetHints":{"allow":["GET"]}}],"collection":[{"href":"https:\/\/www.dmproperties.com\/es\/wp-json\/wp\/v2\/posts"}],"about":[{"href":"https:\/\/www.dmproperties.com\/es\/wp-json\/wp\/v2\/types\/post"}],"author":[{"embeddable":true,"href":"https:\/\/www.dmproperties.com\/es\/wp-json\/wp\/v2\/users\/3"}],"replies":[{"embeddable":true,"href":"https:\/\/www.dmproperties.com\/es\/wp-json\/wp\/v2\/comments?post=45723"}],"version-history":[{"count":0,"href":"https:\/\/www.dmproperties.com\/es\/wp-json\/wp\/v2\/posts\/45723\/revisions"}],"wp:featuredmedia":[{"embeddable":true,"href":"https:\/\/www.dmproperties.com\/es\/wp-json\/wp\/v2\/media\/45768"}],"wp:attachment":[{"href":"https:\/\/www.dmproperties.com\/es\/wp-json\/wp\/v2\/media?parent=45723"}],"wp:term":[{"taxonomy":"category","embeddable":true,"href":"https:\/\/www.dmproperties.com\/es\/wp-json\/wp\/v2\/categories?post=45723"},{"taxonomy":"post_tag","embeddable":true,"href":"https:\/\/www.dmproperties.com\/es\/wp-json\/wp\/v2\/tags?post=45723"}],"curies":[{"name":"wp","href":"https:\/\/api.w.org\/{rel}","templated":true}]}}