{"id":45812,"date":"2025-03-27T11:12:03","date_gmt":"2025-03-27T10:12:03","guid":{"rendered":"https:\/\/www.dmproperties.com\/?p=45812"},"modified":"2025-03-28T13:40:44","modified_gmt":"2025-03-28T12:40:44","slug":"forum-marbella-vision-diseno","status":"publish","type":"post","link":"https:\/\/www.dmproperties.com\/es\/45812-forum-marbella-vision-diseno","title":{"rendered":"Forum Marbella: Un nuevo punto de encuentro en la Milla de Oro de Marbella"},"content":{"rendered":"<p><strong>Desde su apertura en 2024, Forum Marbella\u00a0 se ha consolidado r\u00e1pidamente como uno de los destinos m\u00e1s distintivos e innovadores de la Costa del Sol. Ubicado en plena <a href=\"https:\/\/www.dmproperties.com\/es\/propiedades\/marbella-todo\/marbella-milla-de-oro\">Milla de Oro de Marbella<\/a>, combina espacios comerciales y de estilo de vida con un dise\u00f1o elegante y un enfoque centrado en la vida cotidiana tanto de visitantes como residentes.<\/strong><\/p>\n<picture><source sizes=\"(max-width: 575px) calc(100vw - 30px),(max-width: 767px) 510px,(max-width: 991px) 690px,(max-width: 1199px) 595px,(max-width: 1399px) 810px, 945px\" width=\"945\" height=\"696.65529010239\" srcset=\"https:\/\/media.inmobalia.com\/imgV1\/B98Le8~d7Me8Ymh25g8UJ3ypDtZ8Y3FecBCLxExjtFW~kNtmDiPvo~DIQuVSZWz~B8cOgqypLAdfYgSonxMWAYCe1G2bVZhyATkTebpSl~gyQZ088fLl5r_dicZ8iyncyO736g--.jpg 945w,https:\/\/media.inmobalia.com\/imgV1\/B98Le8~d7MvRbj7Vv7fDLn6_Ew7ABi8pUTpfr~FoJsmhwgR1h1fB8_lyN~udGsKWhjkcv9FMCryyiOTJ4s5b5CBLMQj0lyS6n1SsGYNIeLHVv~3v32XmIU9wZlNk~TcNjkrGMg--.jpg 595w\" type=\"image\/webp\"><img loading=\"lazy\" decoding=\"async\" class=\"alignnone size-full wp-image-45782 img-fluid\" width=\"1465\" height=\"1080\" alt=\"Forum Marbella\" src=\"https:\/\/media.inmobalia.com\/imgV1\/B98Le8~d7Me8YmhhhFsYM4czod~~P0fCuzkjRHefNZZlhRfNduPlI3aPbyA~VRE9VHhfPWX0FOyRrgTAdVTIEG~CGGWsdoAxpupeoFpFnjp61tku.jpg\"><\/picture>\n<p>Hablamos con\u00a0 Forum Marbella (F) sobre los or\u00edgenes del proyecto, su filosof\u00eda de dise\u00f1o y el impacto que ya est\u00e1 teniendo en el paisaje urbano de Marbella.<\/p>\n<p><strong>\u00bfQu\u00e9 inspir\u00f3 la creaci\u00f3n de Forum Marbella?<\/strong><\/p>\n<p><strong>F: <\/strong>La idea naci\u00f3 de nuestra propia experiencia. Despu\u00e9s de vivir muchos a\u00f1os en Marbella, notamos que aunque la ciudad hab\u00eda crecido mucho en cuanto a residencias e infraestructuras tur\u00edsticas, hab\u00eda una falta clara de espacios comerciales y de estilo de vida, especialmente aquellos pensados para combinar el d\u00eda a d\u00eda de las personas con calidad y personalidad. Quer\u00edamos crear algo intuitivo, integrado en la vida cotidiana. No un centro comercial, sino un lugar al que la gente venga de forma natural, ya sea a comer, trabajar, hacer ejercicio o simplemente pasar el rato. Forum es el resultado de esa visi\u00f3n.<\/p>\n<picture><source sizes=\"(max-width: 575px) calc(100vw - 30px),(max-width: 767px) 510px,(max-width: 991px) 690px,(max-width: 1199px) 595px,(max-width: 1399px) 810px, 945px\" width=\"945\" height=\"752.65486725664\" srcset=\"https:\/\/media.inmobalia.com\/imgV1\/B98Le8~d7Me8Ymh25g8UJ3ypDtZ8Y3FecBCLxExjtFW~kNtmDiPvo~DIQuVSZWz~B8cOgqypLAdfYgSonxMWAYCe1G2bVZhyATkTebpSl~gyQZ088fLl5r_dicZ8iyncy_fSoOoKLIEB8AAxIKI-.jpg 945w,https:\/\/media.inmobalia.com\/imgV1\/B98Le8~d7MvRbj7Vv7fDLn6_Ew7ABi8pUTpfr~FoJsmhwgR1h1fB8_lyN~udGsKWhjkcv9FMCryyiOTJ4s5b5CBLMQj0lyS6n1SsGYNIeLHVv~3v32XmIU9wZlNk~TcNjeWOTgbLOhn45BP7N1Q-.jpg 595w\" type=\"image\/webp\"><img decoding=\"async\" loading=\"lazy\" class=\"alignnone size-full wp-image-45796 img-fluid\" width=\"1356\" height=\"1080\" alt=\"Forum_Filosofi\u0301a\" src=\"https:\/\/media.inmobalia.com\/imgV1\/B98Le8~d7Me8YmhhhFsYM4czod~~P0fCuzkjRHefNZZlhRfNduPlI3aPbyA~VRE9VHhfPWX0FOyRrgTAdVTIEG~CGGWsdoAxpupeoFpFnjp5CfIOjSVAH1Q70unoTw--.jpg\"><\/picture>\n<p><strong>El edificio tiene una historia particular. \u00bfPuedes contarnos m\u00e1s sobre sus or\u00edgenes y el proceso de transformaci\u00f3n?<\/strong><\/p>\n<p><strong>F: <\/strong>S\u00ed, originalmente el edificio albergaba una emisora local de radio y televisi\u00f3n. Con el tiempo se vendi\u00f3 y acab\u00f3 en desuso. Recuperarlo fue un reto que nos oblig\u00f3 a replantear todo el espacio, sin perder su potencial. La transformaci\u00f3n no fue solo est\u00e9tica. Tuvimos que adaptar el edificio a distintos tipos de negocios, cada uno con necesidades espaciales y log\u00edsticas distintas, todo dentro de una estructura arquitect\u00f3nica coherente. Cada detalle fue pensado para lograr un resultado final no solo atractivo, sino funcional.<\/p>\n<picture><source sizes=\"(max-width: 575px) calc(100vw - 30px),(max-width: 767px) 510px,(max-width: 991px) 690px,(max-width: 1199px) 595px,(max-width: 1399px) 810px, 945px\" width=\"945\" height=\"630\" srcset=\"https:\/\/media.inmobalia.com\/imgV1\/B98Le8~d7Me8Ymh25g8UJ3ypDtZ8Y3FecBCLxExjtFW~kNtmDiPvo~DIQuVSZWz~B8cOgqypLAdfYgSonxMWAYCe1G2bVZhyATkTebpSl~gyQZ088fLl5r_dicZ8iyncy_BmLuhhmI~9zwUsDtY5K0o-.jpg 945w,https:\/\/media.inmobalia.com\/imgV1\/B98Le8~d7MvRbj7Vv7fDLn6_Ew7ABi8pUTpfr~FoJsmhwgR1h1fB8_lyN~udGsKWhjkcv9FMCryyiOTJ4s5b5CBLMQj0lyS6n1SsGYNIeLHVv~3v32XmIU9wZlNk~TcNjeL4fHpb12QEKoh_w4s16f0-.jpg 595w\" type=\"image\/webp\"><img decoding=\"async\" loading=\"lazy\" class=\"alignnone size-full wp-image-45787 img-fluid\" width=\"1620\" height=\"1080\" alt=\"Forum_Arquitectura\" src=\"https:\/\/media.inmobalia.com\/imgV1\/B98Le8~d7Me8YmhhhFsYM4czod~~P0fCuzkjRHefNZZlhRfNduPlI3aPbyA~VRE9VHhfPWX0FOyRrgTAdVTIEG~CGGWsdoAxpupeoFpFnjp5DniGfn6o~h9hZrSzATNzig--.jpg\"><\/picture>\n<p><strong>\u00bfC\u00f3mo definir\u00edas el enfoque arquitect\u00f3nico y la identidad de dise\u00f1o de Forum Marbella?<\/strong><\/p>\n<p><strong>F:<\/strong> Quer\u00edamos que Forum transmitiera frescura y modernidad, pero tambi\u00e9n elegancia atemporal. Hay una clara influencia escandinava en la distribuci\u00f3n y la funcionalidad, con l\u00edneas limpias, uso inteligente del espacio y foco en la experiencia del usuario. Pero est\u00e1 equilibrado con un fuerte car\u00e1cter andaluz. La artesan\u00eda fue clave: desde puertas antiguas tra\u00eddas de Ronda hasta l\u00e1mparas estilo parisino hechas a mano y columnas de piedra tradicionales. Forum no sigue modas, apuesta por la calidad duradera y el cuidado del detalle.<\/p>\n<p><strong>La sostenibilidad es cada vez m\u00e1s importante en los nuevos proyectos. \u00bfC\u00f3mo la han incorporado en Forum?<\/strong><\/p>\n<p><strong>F:<\/strong> La sostenibilidad fue parte esencial desde el inicio. Priorizamos el uso de materiales reciclados y locales siempre que fue posible, e instalamos sistemas de alta eficiencia. El dise\u00f1o aprovecha al m\u00e1ximo la luz y ventilaci\u00f3n natural para reducir el uso de aire acondicionado. La carpinter\u00eda exterior se desarroll\u00f3 seg\u00fan los est\u00e1ndares energ\u00e9ticos de Espa\u00f1a para asegurar un buen aislamiento y rendimiento energ\u00e9tico.<\/p>\n<picture><source sizes=\"(max-width: 575px) calc(100vw - 30px),(max-width: 767px) 510px,(max-width: 991px) 690px,(max-width: 1199px) 595px,(max-width: 1399px) 810px, 945px\" width=\"945\" height=\"630\" srcset=\"https:\/\/media.inmobalia.com\/imgV1\/B98Le8~d7Me8Ymh25g8UJ3ypDtZ8Y3FecBCLxExjtFW~kNtmDiPvo~DIQuVSZWz~B8cOgqypLAdfYgSonxMWAYCe1G2bVZhyATkTebpSl~gyQZ088fLl5r_dicZ8iyncy_4Rv~BGQVH_~JiOpH1wnv_lvA2FMuHD.jpg 945w,https:\/\/media.inmobalia.com\/imgV1\/B98Le8~d7MvRbj7Vv7fDLn6_Ew7ABi8pUTpfr~FoJsmhwgR1h1fB8_lyN~udGsKWhjkcv9FMCryyiOTJ4s5b5CBLMQj0lyS6n1SsGYNIeLHVv~3v32XmIU9wZlNk~TcNjezbYu1DhNAp2CGskQrNqCKOP3hqcFof.jpg 595w\" type=\"image\/webp\"><img decoding=\"async\" loading=\"lazy\" class=\"alignnone size-full wp-image-45807 img-fluid\" width=\"1620\" height=\"1080\" alt=\"Forum_Origen y desarrollo\" src=\"https:\/\/media.inmobalia.com\/imgV1\/B98Le8~d7Me8YmhhhFsYM4czod~~P0fCuzkjRHefNZZlhRfNduPlI3aPbyA~VRE9VHhfPWX0FOyRrgTAdVTIEG~CGGWsdoAxpupeoFpFnjp5AO2Bc3ifYthc_w0cB9sN7MF_LS5kMhk-.jpg\"><\/picture>\n<p>Adem\u00e1s del edificio, hemos incorporado zonas verdes en todo el recinto para mejorar la calidad del aire y crear un entorno m\u00e1s agradable. Tambi\u00e9n aplicamos pr\u00e1cticas operativas sostenibles: reducci\u00f3n de residuos, ahorro de agua y apoyo a inquilinos que comparten nuestros valores medioambientales.<\/p>\n<p><strong>Forum acoge una gran variedad de negocios. \u00bfC\u00f3mo eligieron a los inquilinos?<\/strong><\/p>\n<p><strong>F: <\/strong>Buscamos, ante todo, personas apasionadas por lo que hacen: expertos y artesanos en su actividad. Quer\u00edamos una mezcla cuidada que cubriera necesidades del d\u00eda a d\u00eda, pero con propuestas \u00fanicas. Tenemos restaurantes y cafeter\u00edas, pero tambi\u00e9n panader\u00eda, bar de zumos ecol\u00f3gicos, servicios de belleza, moda y decoraci\u00f3n, un estudio de fitness, un mercado org\u00e1nico y m\u00e1s. Es una oferta variada, pero con un hilo conductor claro: calidad y autenticidad.<\/p>\n<p><strong>\u00bfQu\u00e9 hace destacar la oferta gastron\u00f3mica de Forum?<\/strong><\/p>\n<p><strong>F:<\/strong> Le hemos dedicado mucha atenci\u00f3n. La idea era ofrecer experiencias variadas: desde un desayuno informal hasta una cena con amigos o una comida de trabajo. La diversidad de cocinas y ambientes permite que cada persona elija lo que mejor le viene. Lo constante es la calidad: en la comida, en el servicio y en el ambiente. Forum es un lugar al que se viene no solo a comer, sino a disfrutar del entorno, del trato y de un sentido de comunidad tanto de d\u00eda como de noche.<\/p>\n<picture><source sizes=\"(max-width: 575px) calc(100vw - 30px),(max-width: 767px) 510px,(max-width: 991px) 690px,(max-width: 1199px) 595px,(max-width: 1399px) 810px, 945px\" width=\"945\" height=\"680.4\" srcset=\"https:\/\/media.inmobalia.com\/imgV1\/B98Le8~d7Me8Ymh25g8UJ3ypDtZ8Y3FecBCLxExjtFW~kNtmDiPvo~DIQuVSZWz~B8cOgqypLAdfYgSonxMWAYCe1G2bVZhyATkTebpSl~gyQZ088fLl5r_dicZ8iyncy_fOQIg_Lzk9XEI-.jpg 945w,https:\/\/media.inmobalia.com\/imgV1\/B98Le8~d7MvRbj7Vv7fDLn6_Ew7ABi8pUTpfr~FoJsmhwgR1h1fB8_lyN~udGsKWhjkcv9FMCryyiOTJ4s5b5CBLMQj0lyS6n1SsGYNIeLHVv~3v32XmIU9wZlNk~TcNjeWS30yHxxbx~eA-.jpg 595w\" type=\"image\/webp\"><img decoding=\"async\" loading=\"lazy\" class=\"alignnone size-full wp-image-45797 img-fluid\" width=\"1500\" height=\"1080\" alt=\"Forum_futuro\" src=\"https:\/\/media.inmobalia.com\/imgV1\/B98Le8~d7Me8YmhhhFsYM4czod~~P0fCuzkjRHefNZZlhRfNduPlI3aPbyA~VRE9VHhfPWX0FOyRrgTAdVTIEG~CGGWsdoAxpupeoFpFnjp5Ce73zm_QHeF15g--.jpg\"><\/picture>\n<p><strong>\u00bfQu\u00e9 papel ocupa Forum dentro de la comunidad de Marbella?<\/strong><\/p>\n<p><strong>F:<\/strong> Marbella est\u00e1 cambiando. Est\u00e1 atrayendo a m\u00e1s residentes permanentes, sobre todo de ciudades como Copenhague, Estocolmo o Londres, que buscan m\u00e1s que solo casas bonitas \u2014aunque de esas hay muchas\u2014. Quieren espacios p\u00fablicos activos, negocios independientes, lugares donde vivir una vida plena y conectada. Forum responde a esa necesidad. Aporta algo con sentido al crecimiento de la ciudad, tanto a nivel comercial como social.<\/p>\n<p><strong>\u00bfForum ha tenido un impacto m\u00e1s all\u00e1 de su funci\u00f3n comercial?<\/strong><\/p>\n<p><strong>F:<\/strong> Sin duda. Desde su apertura, Forum ha sido sede de eventos de todo tipo: estrenos de Netflix, galas ben\u00e9ficas, mercados navide\u00f1os, talleres creativos, conciertos... Todo eso ayuda a crear un sentido de pertenencia. Mucha gente viene simplemente porque es un lugar agradable. Eso es justo lo que quer\u00edamos. Nuestro lema \u2014\u201cPasa, qu\u00e9date\u201d\u2014 lo resume muy bien.<\/p>\n<picture><source sizes=\"(max-width: 575px) calc(100vw - 30px),(max-width: 767px) 510px,(max-width: 991px) 690px,(max-width: 1199px) 595px,(max-width: 1399px) 810px, 945px\" width=\"945\" height=\"630\" srcset=\"https:\/\/media.inmobalia.com\/imgV1\/B98Le8~d7Me8Ymh25g8UJ3ypDtZ8Y3FecBCLxExjtFW~kNtmDiPvo~DIQuVSZWz~B8cOgqypLAdfYgSonxMWAYCe1G2bVZhyATkTebpSl~gyQZ088fLl5r_dicZ8iyncy_h6wOOXJjC7gz~45vRLphca0o0I.jpg 945w,https:\/\/media.inmobalia.com\/imgV1\/B98Le8~d7MvRbj7Vv7fDLn6_Ew7ABi8pUTpfr~FoJsmhwgR1h1fB8_lyN~udGsKWhjkcv9FMCryyiOTJ4s5b5CBLMQj0lyS6n1SsGYNIeLHVv~3v32XmIU9wZlNk~TcNjeqoPOsbzATnRAQ1H4fThZEVKwD9.jpg 595w\" type=\"image\/webp\"><img decoding=\"async\" loading=\"lazy\" class=\"alignnone size-full wp-image-45802 img-fluid\" width=\"1620\" height=\"1080\" alt=\"Forum_impacto marbella\" src=\"https:\/\/media.inmobalia.com\/imgV1\/B98Le8~d7Me8YmhhhFsYM4czod~~P0fCuzkjRHefNZZlhRfNduPlI3aPbyA~VRE9VHhfPWX0FOyRrgTAdVTIEG~CGGWsdoAxpupeoFpFnjp5BtbPC6pCGdLSkjqTsJ_GU7DBBm4-.jpg\"><\/picture>\n<p><strong>\u00bfY qu\u00e9 podemos esperar en el futuro?<\/strong><\/p>\n<p><strong>F:<\/strong> \u00a1Atentos! Estamos explorando ideas de expansi\u00f3n e introduciendo nuevos conceptos, siempre fieles a nuestra visi\u00f3n a largo plazo. Forum no va detr\u00e1s de las modas; busca anticipar necesidades y seguir creciendo con coherencia. El futuro nos ilusiona.<\/p>\n","protected":false},"excerpt":{"rendered":"<p>Desde su apertura en 2024, Forum Marbella\u00a0 se ha consolidado r\u00e1pidamente como uno de los destinos m\u00e1s distintivos e innovadores de la Costa del Sol. Ubicado en plena Milla de Oro de Marbella, combina espacios comerciales y de estilo de vida con un dise\u00f1o elegante y un enfoque centrado en la vida cotidiana tanto de&#8230;<\/p>\n","protected":false},"author":3,"featured_media":45786,"comment_status":"closed","ping_status":"closed","sticky":false,"template":"","format":"standard","meta":{"_acf_changed":false,"footnotes":""},"categories":[1329],"tags":[2042],"class_list":["post-45812","post","type-post","status-publish","format-standard","has-post-thumbnail","hentry","category-estilo-de-vida","tag-destacado"],"acf":[],"_links":{"self":[{"href":"https:\/\/www.dmproperties.com\/es\/wp-json\/wp\/v2\/posts\/45812","targetHints":{"allow":["GET"]}}],"collection":[{"href":"https:\/\/www.dmproperties.com\/es\/wp-json\/wp\/v2\/posts"}],"about":[{"href":"https:\/\/www.dmproperties.com\/es\/wp-json\/wp\/v2\/types\/post"}],"author":[{"embeddable":true,"href":"https:\/\/www.dmproperties.com\/es\/wp-json\/wp\/v2\/users\/3"}],"replies":[{"embeddable":true,"href":"https:\/\/www.dmproperties.com\/es\/wp-json\/wp\/v2\/comments?post=45812"}],"version-history":[{"count":0,"href":"https:\/\/www.dmproperties.com\/es\/wp-json\/wp\/v2\/posts\/45812\/revisions"}],"wp:featuredmedia":[{"embeddable":true,"href":"https:\/\/www.dmproperties.com\/es\/wp-json\/wp\/v2\/media\/45786"}],"wp:attachment":[{"href":"https:\/\/www.dmproperties.com\/es\/wp-json\/wp\/v2\/media?parent=45812"}],"wp:term":[{"taxonomy":"category","embeddable":true,"href":"https:\/\/www.dmproperties.com\/es\/wp-json\/wp\/v2\/categories?post=45812"},{"taxonomy":"post_tag","embeddable":true,"href":"https:\/\/www.dmproperties.com\/es\/wp-json\/wp\/v2\/tags?post=45812"}],"curies":[{"name":"wp","href":"https:\/\/api.w.org\/{rel}","templated":true}]}}