{"id":741,"date":"2009-12-02T20:11:56","date_gmt":"2009-12-02T19:11:56","guid":{"rendered":"http:\/\/www.dianamoralesproperties.com\/?p=741"},"modified":"2023-06-02T15:48:39","modified_gmt":"2023-06-02T13:48:39","slug":"privacidad-absoluta-villa-en-segunda-linea-de-playa-en-gualdamina-marbella","status":"publish","type":"post","link":"https:\/\/www.dmproperties.com\/es\/741-privacidad-absoluta-villa-en-segunda-linea-de-playa-en-gualdamina-marbella","title":{"rendered":"Privacidad absoluta, villa en segunda l\u00ednea de playa en Gualdamina, Marbella"},"content":{"rendered":"<p><strong>Esta semana nos gustar\u00eda destacar la siguiente propiedad situada a pocos metros de la playa y dentro de la prestigiosa urbanizaci\u00f3n de <a title=\"Villas, apartamentos y propiedades en Guadalmina Baja, Marbella, Spain\" href=\"https:\/\/www.dmproperties.com\/es\/propiedades\/san-pedro-de-alcantara\/guadalmina-baja\">Guadalmina<\/a> , con dos campos de golf de 18 hoyos y uno de 9 hoyos,  Hotel y SPA Guadalmina y un centro comercial. Situada a un corto paseo en coche de San Pedro centre y de Marbella y con una variedad de colegios Internacionales a poca distancia.<\/strong><\/p>\n<picture><source sizes=\"(max-width: 575px) calc(100vw - 30px),(max-width: 767px) 510px,(max-width: 991px) 690px,(max-width: 1199px) 595px,(max-width: 1399px) 810px, 945px\" width=\"800\" height=\"533\" srcset=\"https:\/\/media.inmobalia.com\/imgV1\/B98Le8~d7MYGjAUmcDR12LQ3jbrzujFKDkaw7AESYPQGgZOn4ngyYlQ9SqKdxVL42Gr3QK9ghcrhn1OwS_MXFbtNYYTmVxrt~pkx40rYw0aHL9TC_7cubkoyaHLERRoEKjPqZph_1Q9N1597ctsO2Y2IUM6y0~p5wuJasVop3TyaThrV.jpg 800w,https:\/\/media.inmobalia.com\/imgV1\/B98Le8~d7MvRbj7Vv7fDLn6_Ew7ABi8pUTpfr~FoJsmhwgR1h1fB8_lyN~udGsKWhjkcv9FMCryyiOTJ4s5b5CBLMQj0lyS6n1SsGYNIeLHVv~3v32dGSUOis0gZmkH~Jzi0LrVbMzEBn8ZMOC9R_UIVtBq7wGwrGUt8U~pIaJQEq~Bh.jpg 595w\" type=\"image\/webp\"><img loading=\"lazy\" decoding=\"async\" class=\"alignnone size-medium wp-image-740\" width=\"500\" height=\"333\" alt=\"Villa en venta en Guadalmina, Marbella\" src=\"https:\/\/media.inmobalia.com\/imgV1\/B98Le8~d7MYGjAUxlKlMKS0UVzs35HG8HZbu79DA18kKB0NZOunPejymJWMp4_XuUccbVtTVpPaxjr57~CV3qbHlOFvr1cdy1G~JNdK~OlfUS~9Q8fwc~lPNdECxY0tiu~SwJGXk1FVLLohtMI1RZH72Tk4-.jpg\"><\/picture>\n<p><strong>Una propiedad de playa ideal, esta vivienda de 6 dormitorios, construida en 1998 fue dise\u00f1ada por el conocido arquitecto Christian Larrain, disfruta de una orientaci\u00f3n sur y est\u00e1 a pocos metros del mar<\/strong>.  Una amplia entrada lleva a un porche a trav\u00e9s del cual, por unas puertas dobles, se accede al hall de entrada con aseo de invitados y ducha. El sal\u00f3n consta de techos con doble altura y vigas de madera y chimenea, mientras que el comedor presenta tambi\u00e9n techos de doble altura de madera. La cocina consta de suelos de cer\u00e1mica, mesada de granito y una isla central. Al lado de la cocina hay un dormitorio con ba\u00f1o en-suite y entrada independiente para servicio. El dormitorio principal consta de techos altos con vigas de madera, vestidor, y chimenea. La terraza del dormitorio principal consta de una p\u00e9rgola y Jacuzzi. Haya dos dormitorios de invitados que dan al jard\u00edn en este nivel. En la planta de arriba hay dos dormitorios de invitados con orientaci\u00f3n sur y con un balc\u00f3n con vistas al mar.<\/p>\n<p>La planta inferior consta de un garaje para 2 coches, una zona de estar con kitchenette para servicio, lavadero\/sala de m\u00e1quinas, sala de juegos \/TV, y un gimnasio con vistas al interior de la piscina. Y es m\u00e1s, dispone de 200 mts cuadrados de espacio sin usar.<\/p>\n<p>La Residencia est\u00e1 complementada por aire acondicionado, losa radiante el\u00e9ctrica en toda la casa, sistema de alarma con sensores en las ventanas y jard\u00edn maduro acentuado por paisajismo profesional, piscina climatizada, jacuzzi exterior y barbacoa en zona de comedor de verano. La vivienda se ofrece amueblada y es sin duda una de las m\u00e1s atractivas villas en esta urbanizaci\u00f3n sobre la playa.<\/p>\n<p>Vea todos los detalles de esta <a title=\"Villa en venta en Gualdamina, Marbella\" href=\"https:\/\/www.dmproperties.com\/es\/propiedades\/san-pedro-de-alcantara\/guadalmina-baja?oom=1\">villa de lujo en Guadalmina, Marbella<\/a>.<\/p>\n","protected":false},"excerpt":{"rendered":"<p>Una propiedad de playa ideal, esta vivienda de 6 dormitorios, construida en 1998 fue dise\u00f1ada por el conocido arquitecto Christian Larrain, disfruta de una orientaci\u00f3n sur y est\u00e1 a pocos metros del mar.<\/p>\n","protected":false},"author":2,"featured_media":3142,"comment_status":"closed","ping_status":"closed","sticky":false,"template":"","format":"standard","meta":{"_acf_changed":false,"footnotes":""},"categories":[1341],"tags":[1085,1087],"class_list":["post-741","post","type-post","status-publish","format-standard","has-post-thumbnail","hentry","category-propiedades","tag-guadalmina-baja-es","tag-san-pedro-de-alcantara-es"],"acf":[],"_links":{"self":[{"href":"https:\/\/www.dmproperties.com\/es\/wp-json\/wp\/v2\/posts\/741","targetHints":{"allow":["GET"]}}],"collection":[{"href":"https:\/\/www.dmproperties.com\/es\/wp-json\/wp\/v2\/posts"}],"about":[{"href":"https:\/\/www.dmproperties.com\/es\/wp-json\/wp\/v2\/types\/post"}],"author":[{"embeddable":true,"href":"https:\/\/www.dmproperties.com\/es\/wp-json\/wp\/v2\/users\/2"}],"replies":[{"embeddable":true,"href":"https:\/\/www.dmproperties.com\/es\/wp-json\/wp\/v2\/comments?post=741"}],"version-history":[{"count":0,"href":"https:\/\/www.dmproperties.com\/es\/wp-json\/wp\/v2\/posts\/741\/revisions"}],"wp:featuredmedia":[{"embeddable":true,"href":"https:\/\/www.dmproperties.com\/es\/wp-json\/wp\/v2\/media\/3142"}],"wp:attachment":[{"href":"https:\/\/www.dmproperties.com\/es\/wp-json\/wp\/v2\/media?parent=741"}],"wp:term":[{"taxonomy":"category","embeddable":true,"href":"https:\/\/www.dmproperties.com\/es\/wp-json\/wp\/v2\/categories?post=741"},{"taxonomy":"post_tag","embeddable":true,"href":"https:\/\/www.dmproperties.com\/es\/wp-json\/wp\/v2\/tags?post=741"}],"curies":[{"name":"wp","href":"https:\/\/api.w.org\/{rel}","templated":true}]}}