{"id":939,"date":"2010-08-30T13:08:54","date_gmt":"2010-08-30T11:08:54","guid":{"rendered":"http:\/\/www.dianamoralesproperties.com\/?p=939"},"modified":"2023-06-02T15:58:51","modified_gmt":"2023-06-02T13:58:51","slug":"arquitectura-moderna-de-las-manos-de-daniel-libeskind-en-marbella","status":"publish","type":"post","link":"https:\/\/www.dmproperties.com\/es\/939-arquitectura-moderna-de-las-manos-de-daniel-libeskind-en-marbella","title":{"rendered":"Arquitectura moderna de las manos de Daniel Libeskind en Marbella"},"content":{"rendered":"<p><strong><a href=\"https:\/\/www.dmproperties.com\/es\">Diana Morales Properties, afiliado exclusivo de Christie\u2019s Great Estates para la Costa de Sol, Espa\u00f1a<\/a>, se complace en anunciar su nombramiento por parte de Proportion Gmbh como representante exclusivo para nuestra zona del <a href=\"https:\/\/libeskind.com\/\" target=\"_blank\" rel=\"noopener\">Proyecto de Villas de Daniel Libeskind<\/a>.<\/strong><\/p>\n<picture><source sizes=\"(max-width: 575px) calc(100vw - 30px),(max-width: 767px) 510px,(max-width: 991px) 690px,(max-width: 1199px) 595px,(max-width: 1399px) 810px, 945px\" width=\"945\" height=\"334.57525655644\" srcset=\"https:\/\/media.inmobalia.com\/imgV1\/B98Le8~d7Me8Ymh25g8UJ3ypDtZ8Y3FecBCLxExjtFW~kNtmDiPvo~DIQuVSZWz~B8cOgqypLAdfYgSonxMWAYCe1G2bVZhyATkTebpSl~gyQZ088fGRWKrrfwjPCyrh.jpg 945w,https:\/\/media.inmobalia.com\/imgV1\/B98Le8~d7MvRbj7Vv7fDLn6_Ew7ABi8pUTpfr~FoJsmhwgR1h1fB8_lyN~udGsKWhjkcv9FMCryyiOTJ4s5b5CBLMQj0lyS6n1SsGYNIeLHVv~3v32ZgdwQGQ8WqH3wh.jpg 595w\" type=\"image\/webp\"><img loading=\"lazy\" decoding=\"async\" class=\"alignnone size-medium wp-image-854\" width=\"500\" height=\"177\" alt=\"Arquitectura Moderna de las manos de Daniel Libeskind\" src=\"https:\/\/media.inmobalia.com\/imgV1\/B98Le8~d7Me8YmhhhFsYM4czod~~P0fCuzkjRHefNZZlhRfNduPlI3aPbyA~VRE9VHhfPWX0FOyRrgTAdVTIEG~CGGWsdcZvDkcueJLAWNU-.jpg\"><\/picture>\n<p><strong>Sobre Daniel Libeskind<\/strong><\/p>\n<p>Daniel Libeskind es una figura internacional en arquitectura y dise\u00f1o urbano, conocido por introducir un discurso cr\u00edtico en el terreno de la arquitectura y por su enfoque multidisciplinario a la pr\u00e1ctica. La reputaci\u00f3n de Libeskind se termin\u00f3 por consolidar en el 2003 cuando fue seleccionado como maestro planificador comisionado para reconstruir el World Trade Centre en Nueva York, el proyecto arquitect\u00f3nico Norte Americano m\u00e1s significativo, complejo y emocionalmente y pol\u00edticamente cargado de las \u00faltimas d\u00e9cadas. El museo Jud\u00edo en Berl\u00edn, el Museo de Arte de Denver y el Museo Royal Ontario de Toronto, est\u00e1n entre los dise\u00f1os de Daniel Libeskind, los cuales han aparecido en las tapas de la revista Time, Architectural Record, el New York Times y el Wall Street Journal, entre otras publicaciones. Las ideas de Libeskind has influenciado una nueva generaci\u00f3n de arquitectos y planificadores en desarrollo urbano. El compromiso de Daniel Libeskind en expandir el espectro de arquitectura y urbanismo refleja su profundo inter\u00e9s y grado de compromiso en filosof\u00eda, arte, literatura y m\u00fasica. Fundamental a la filosof\u00eda de Libeskind es la noci\u00f3n de que edificios y proyectos urbanos son creados con energ\u00eda humana perceptible y que se dirigen al contexto cultural mayor dentro de los cuales son construidos.<\/p>\n<picture><source sizes=\"(max-width: 575px) calc(100vw - 30px),(max-width: 767px) 510px,(max-width: 991px) 690px,(max-width: 1199px) 595px,(max-width: 1399px) 810px, 945px\" width=\"945\" height=\"630\" srcset=\"https:\/\/media.inmobalia.com\/imgV1\/B98Le8~d7Me8Ymh25g8UJ3ypDtZ8Y3FecBCLxExjtFW~kNtmDiPvo~DIQuVSZWz~B8cOgqypLAdfYgSonxMWAYCe1G2bVZhyATkTebpSl~gyQZ088fGRWKrrfwuYODu~.jpg 945w,https:\/\/media.inmobalia.com\/imgV1\/B98Le8~d7MvRbj7Vv7fDLn6_Ew7ABi8pUTpfr~FoJsmhwgR1h1fB8_lyN~udGsKWhjkcv9FMCryyiOTJ4s5b5CBLMQj0lyS6n1SsGYNIeLHVv~3v32ZgdwQGQ8YvH6Ur.jpg 595w\" type=\"image\/webp\"><img decoding=\"async\" loading=\"lazy\" class=\"alignnone size-medium wp-image-855\" width=\"500\" height=\"333\" alt=\"Arquitectura Moderna de las manos de Daniel Libeskind\" src=\"https:\/\/media.inmobalia.com\/imgV1\/B98Le8~d7Me8YmhhhFsYM4czod~~P0fCuzkjRHefNZZlhRfNduPlI3aPbyA~VRE9VHhfPWX0FOyRrgTAdVTIEG~CGGWsdcZvDkcue7Sk3KQ-.jpg\"><\/picture>\n<p><strong>Sobre el Proyecto de Villas de Daniel Libeskind<\/strong><\/p>\n<p>Por primera vez, Daniel Libeskind ha divisado un hogar que puede ser construido en cualquier parte del mundo. Las villas se env\u00edan a cualquier parte y son construidas en cada parcela con un equipo de profesionales. Solo hay 30 villas para distribuci\u00f3n mundial.<\/p>\n<p>\u201cEsta es la primera vez que me he propuesto hacer algo que supone una edici\u00f3n art\u00edstica limitada de un espacio nuevo y un estilo de vida nuevo. Es como dise\u00f1ar una obra de arte\u201d, dice Libeskind.<\/p>\n<picture><source sizes=\"(max-width: 575px) calc(100vw - 30px),(max-width: 767px) 510px,(max-width: 991px) 690px,(max-width: 1199px) 595px,(max-width: 1399px) 810px, 945px\" width=\"945\" height=\"636.57692307692\" srcset=\"https:\/\/media.inmobalia.com\/imgV1\/B98Le8~d7Me8Ymh25g8UJ3ypDtZ8Y3FecBCLxExjtFW~kNtmDiPvo~DIQuVSZWz~B8cOgqypLAdfYgSonxMWAYCe1G2bVZhyATkTebpSl~gyQZ088fGRWKrrfwrWyT79.jpg 945w,https:\/\/media.inmobalia.com\/imgV1\/B98Le8~d7MvRbj7Vv7fDLn6_Ew7ABi8pUTpfr~FoJsmhwgR1h1fB8_lyN~udGsKWhjkcv9FMCryyiOTJ4s5b5CBLMQj0lyS6n1SsGYNIeLHVv~3v32ZgdwQGQ8eyjj_x.jpg 595w\" type=\"image\/webp\"><img decoding=\"async\" loading=\"lazy\" class=\"alignnone size-medium wp-image-856\" width=\"499\" height=\"336\" alt=\"Arquitectura Moderna de las manos de Daniel Libeskind\" src=\"https:\/\/media.inmobalia.com\/imgV1\/B98Le8~d7Me8YmhhhFsYM4czod~~P0fCuzkjRHefNZZlhRfNduPlI3aPbyA~VRE9VHhfPWX0FOyRrgTAdVTIEG~CGGWsdcZvDkcueu2nTI8-.jpg\"><\/picture>\n<p>La Villa prototipo, situada en Dortmund, es verdaderamente una obra de arte. Constru\u00edda con materiales de la mas alta calidad, este espacio escultural, hecho en Alemania, ofrece los mas altos niveles de dise\u00f1o, sostenibilidad y de artesan\u00eda. La Villa Libeskind despierta los sentidos: la luz inunda las habitaciones a trav\u00e9s de amplios ventanales, las l\u00edneas rectas y simples crean un ambiente calmo, y halls y escaleras elegantes ofrecen transiciones harmoniosas. Simb\u00f3lica y f\u00edsicamente, la conexi\u00f3n de la Villa con la naturaleza se ve ininterrumpida, y ofrece amplios espacios abiertos con luz natural. La Villa fue concebida y dise\u00f1ada para cumplir con los est\u00e1ndares de sostenibilidad actuales y demuestra que una arquitectura excepcional puede promover el uso eficiente de los recursos naturales. Los materiales sostenibles est\u00e1n en el centro de los dise\u00f1os de Libeskind.<\/p>\n<picture><source sizes=\"(max-width: 575px) calc(100vw - 30px),(max-width: 767px) 510px,(max-width: 991px) 690px,(max-width: 1199px) 595px,(max-width: 1399px) 810px, 945px\" width=\"945\" height=\"630\" srcset=\"https:\/\/media.inmobalia.com\/imgV1\/B98Le8~d7Me8Ymh25g8UJ3ypDtZ8Y3FecBCLxExjtFW~kNtmDiPvo~DIQuVSZWz~B8cOgqypLAdfYgSonxMWAYCe1G2bVZhyATkTebpSl~gyQZ088fGRWKrrfw12Meka.jpg 945w,https:\/\/media.inmobalia.com\/imgV1\/B98Le8~d7MvRbj7Vv7fDLn6_Ew7ABi8pUTpfr~FoJsmhwgR1h1fB8_lyN~udGsKWhjkcv9FMCryyiOTJ4s5b5CBLMQj0lyS6n1SsGYNIeLHVv~3v32ZgdwQGQ8D3Yj0~.jpg 595w\" type=\"image\/webp\"><img decoding=\"async\" loading=\"lazy\" class=\"alignnone size-medium wp-image-857\" width=\"500\" height=\"333\" alt=\"Arquitectura Moderna de las manos de Daniel Libeskind\" src=\"https:\/\/media.inmobalia.com\/imgV1\/B98Le8~d7Me8YmhhhFsYM4czod~~P0fCuzkjRHefNZZlhRfNduPlI3aPbyA~VRE9VHhfPWX0FOyRrgTAdVTIEG~CGGWsdcZvDkcufTFPVc0-.jpg\"><\/picture>\n<p>Aunque no aparente desde el exterior, la Villa est\u00e1 construida mayoritariamente de madera, un material renovable que se est\u00e1 popularizando como elemento esencial de construcci\u00f3n para el siglo 21 debido a sus capacidades de almacenamiento de carb\u00f3n. La Villa debe ofrecer a sus due\u00f1os comodidad y alto nivel de vida de una forma sostenible y ecol\u00f3gica y por ello ofrece un sistema de calefacci\u00f3n multifuncional, ventilaci\u00f3n y enfriamiento que recicla el aire para pre-calentar el aire que entra a un nivel de recuperaci\u00f3n del 90%. El sistema funciona exclusivamente mediante energ\u00eda solar y geot\u00e9rmica. Mas aun, todas las tecnolog\u00edas son monitorizadas y controladas v\u00eda un sistema de control de hogar que permite a los due\u00f1os programar niveles de iluminaci\u00f3n, operar persianas, regular temperaturas de habitaciones, ventilaci\u00f3n y artefactos del hogar, as\u00ed como monitorizar el sistema de seguridad.<\/p>\n<picture><source sizes=\"(max-width: 575px) calc(100vw - 30px),(max-width: 767px) 510px,(max-width: 991px) 690px,(max-width: 1199px) 595px,(max-width: 1399px) 810px, 945px\" width=\"945\" height=\"630\" srcset=\"https:\/\/media.inmobalia.com\/imgV1\/B98Le8~d7Me8Ymh25g8UJ3ypDtZ8Y3FecBCLxExjtFW~kNtmDiPvo~DIQuVSZWz~B8cOgqypLAdfYgSonxMWAYCe1G2bVZhyATkTebpSl~gyQZ088fGRWKrrfwz3yq5K.jpg 945w,https:\/\/media.inmobalia.com\/imgV1\/B98Le8~d7MvRbj7Vv7fDLn6_Ew7ABi8pUTpfr~FoJsmhwgR1h1fB8_lyN~udGsKWhjkcv9FMCryyiOTJ4s5b5CBLMQj0lyS6n1SsGYNIeLHVv~3v32ZgdwQGQ8FQKAYz.jpg 595w\" type=\"image\/webp\"><img decoding=\"async\" loading=\"lazy\" class=\"alignnone size-medium wp-image-858\" width=\"500\" height=\"333\" alt=\"Arquitectura Moderna de las manos de Daniel Libeskind\" src=\"https:\/\/media.inmobalia.com\/imgV1\/B98Le8~d7Me8YmhhhFsYM4czod~~P0fCuzkjRHefNZZlhRfNduPlI3aPbyA~VRE9VHhfPWX0FOyRrgTAdVTIEG~CGGWsdcZvDkcufJAFDtk-.jpg\"><\/picture>\n<p>La compa\u00f1\u00eda a cargo de la distribuci\u00f3n e instalaci\u00f3n de la Villa es Proportion Gmbh de Berl\u00edn, fundad en 2007 para hacer que la arquitectura contempor\u00e1nea de algunos de los estudio de Arquitectura mas conocidos a nivel mundial sea mas accesible a individuos.<\/p>\n<p>El tiempo de entrega es de 6 a 8 meses, dependiendo del proceso de otorgamiento de licencias. La Villa se entrega en cooperaci\u00f3n estrecha con un selecto n\u00famero de socios constructores, cada uno, l\u00edder en su respectivo campo de conocimiento. Durante un breve estudio y fase de planeamiento Proportion identifica las condiciones necesarias para el env\u00edo de la Villa al destino planeado y ayudan a los due\u00f1os a elegir todos los materiales, terminaciones y tecnolog\u00edas adem\u00e1s de elementos adicionales como piscina y\/o garaje.<\/p>\n<p>Para mas informaci\u00f3n por favor <a href=\"https:\/\/www.dmproperties.com\/es\/contacto\">contacte con nuestra oficina<\/a>.<\/p>\n","protected":false},"excerpt":{"rendered":"<p>Diana Morales Properties, afiliado exclusivo de Christie\u2019s Great Estates para la Costa de Sol, Espa\u00f1a, se complace en anunciar su nombramiento por parte de Proportion Gmbh como representante exclusivo para nuestra zona del Proyecto de Villas de Daniel Libeskind.<\/p>\n","protected":false},"author":2,"featured_media":3173,"comment_status":"open","ping_status":"closed","sticky":false,"template":"","format":"standard","meta":{"_acf_changed":false,"footnotes":""},"categories":[1341],"tags":[],"class_list":["post-939","post","type-post","status-publish","format-standard","has-post-thumbnail","hentry","category-propiedades"],"acf":[],"_links":{"self":[{"href":"https:\/\/www.dmproperties.com\/es\/wp-json\/wp\/v2\/posts\/939","targetHints":{"allow":["GET"]}}],"collection":[{"href":"https:\/\/www.dmproperties.com\/es\/wp-json\/wp\/v2\/posts"}],"about":[{"href":"https:\/\/www.dmproperties.com\/es\/wp-json\/wp\/v2\/types\/post"}],"author":[{"embeddable":true,"href":"https:\/\/www.dmproperties.com\/es\/wp-json\/wp\/v2\/users\/2"}],"replies":[{"embeddable":true,"href":"https:\/\/www.dmproperties.com\/es\/wp-json\/wp\/v2\/comments?post=939"}],"version-history":[{"count":0,"href":"https:\/\/www.dmproperties.com\/es\/wp-json\/wp\/v2\/posts\/939\/revisions"}],"wp:featuredmedia":[{"embeddable":true,"href":"https:\/\/www.dmproperties.com\/es\/wp-json\/wp\/v2\/media\/3173"}],"wp:attachment":[{"href":"https:\/\/www.dmproperties.com\/es\/wp-json\/wp\/v2\/media?parent=939"}],"wp:term":[{"taxonomy":"category","embeddable":true,"href":"https:\/\/www.dmproperties.com\/es\/wp-json\/wp\/v2\/categories?post=939"},{"taxonomy":"post_tag","embeddable":true,"href":"https:\/\/www.dmproperties.com\/es\/wp-json\/wp\/v2\/tags?post=939"}],"curies":[{"name":"wp","href":"https:\/\/api.w.org\/{rel}","templated":true}]}}