{"id":43342,"date":"2025-06-04T13:30:32","date_gmt":"2025-06-04T11:30:32","guid":{"rendered":"https:\/\/www.dmproperties.com\/?p=43342"},"modified":"2025-06-09T12:04:12","modified_gmt":"2025-06-09T10:04:12","slug":"marbella-camps-dete-enfants","status":"publish","type":"post","link":"https:\/\/www.dmproperties.com\/fr\/43342-marbella-camps-dete-enfants","title":{"rendered":"D\u00e9couvrez le meilleur de Marbella : les meilleurs camps d&rsquo;\u00e9t\u00e9 pour enfants"},"content":{"rendered":"<p><strong>Marbella est vraiment l'un des meilleurs endroits pour les familles avec enfants, qu'ils viennent en vacances, qu'ils grandissent au bord de la mer ou qu'ils partent \u00e0 l'aventure dans les montagnes qui forment sa toile de fond. Marbella est une destination passionnante tout au long de l'ann\u00e9e, mais c'est pendant les vacances d'\u00e9t\u00e9 que la v\u00e9ritable magie commence. Gr\u00e2ce \u00e0 la diversit\u00e9 des paysages, \u00e0 l'excellence du climat et \u00e0 l'accent mis sur le d\u00e9veloppement mental et physique, les colonies de vacances de Marbella offrent une exp\u00e9rience inoubliable qui laissera des souvenirs imp\u00e9rissables \u00e0 vos enfants.<\/strong><\/p>\n<picture><source sizes=\"(max-width: 575px) calc(100vw - 30px),(max-width: 767px) 510px,(max-width: 991px) 690px,(max-width: 1199px) 595px,(max-width: 1399px) 810px, 945px\" width=\"945\" height=\"630.0763173834\" srcset=\"https:\/\/media.inmobalia.com\/imgV1\/B98Le8~d7Me8Ymh25g8UJ3ypDtZ8Y3FecBCLxExjtFW~kNtmDiPvo~DIQuVSZWz~B8cOgqypLAdfYgSonxMWAYCe1G2bVZhyATkTebpSl~gyQZ088fLkbrTcc5IPafvoJgIqDpluMcF8FJo-.jpg 945w,https:\/\/media.inmobalia.com\/imgV1\/B98Le8~d7MvRbj7Vv7fDLn6_Ew7ABi8pUTpfr~FoJsmhwgR1h1fB8_lyN~udGsKWhjkcv9FMCryyiOTJ4s5b5CBLMQj0lyS6n1SsGYNIeLHVv~3v32Xn9kmoqWh3w4e0~O8FWyUO28HODdc-.jpg 595w\" type=\"image\/webp\"><img loading=\"lazy\" decoding=\"async\" class=\"alignnone size-full wp-image-43346 img-fluid\" width=\"8255\" height=\"5504\" alt=\"Camps d&#039;\u00e9t\u00e9 \u00e0 Marbella\" src=\"https:\/\/media.inmobalia.com\/imgV1\/B98Le8~d7Me8YmhhhFsYM4czod~~P0fCuzkjRHefNZZlhRfNduPlI3aPbyA~VRE9VHhfPWX0FOyRrgTAdVTIEG~CGGWsdoFFar4f044utJEPOa_vIvwSSo4RIw--.jpg\"><\/picture>\n<p>Le m\u00e9lange unique de beaut\u00e9 naturelle, de richesse culturelle et de forte communaut\u00e9 internationale offre aux enfants et aux adolescents l'environnement id\u00e9al pour acqu\u00e9rir de nouvelles comp\u00e9tences, se faire des amis pour la vie et passer un \u00e9t\u00e9 inoubliable.<\/p>\n<p>Voici quelques-unes des meilleures colonies de vacances de Marbella, chacune offrant des exp\u00e9riences diverses et enrichissantes :<\/p>\n<ul class=\"d-none d-lg-block bg-light p-3 p-md-5 list-unstyled my-5\"><li class=\"font-weight-bold text-uppercase p-0 mb-3\">Table des Mati\u00e8res<\/li><li class=\"list-unstyled mb-1\"><a class=\"border-0\" href=\"#nalucamps\">NaluCamps<\/a><\/li>\n<li class=\"list-unstyled mb-1\"><a class=\"border-0\" href=\"#cours+dete+de+leic\">Cours d'\u00e9t\u00e9 de l'EIC<\/a><\/li>\n<li class=\"list-unstyled mb-1\"><a class=\"border-0\" href=\"#camp+dete+de+lecole+internationale+swans\">Camp d'\u00e9t\u00e9 de l'\u00e9cole internationale Swans<\/a><\/li>\n<li class=\"list-unstyled mb-1\"><a class=\"border-0\" href=\"#camps+dete+de+lecole+internationale+de+sotogrande\">Camps d'\u00e9t\u00e9 de l'\u00e9cole internationale de Sotogrande<\/a><\/li>\n<li class=\"list-unstyled mb-1\"><a class=\"border-0\" href=\"#camp+dete+de+football+cdsportcab+marbella\">Camp d'\u00e9t\u00e9 de football CDSportCab Marbella<\/a><\/li>\n<li class=\"list-unstyled mb-1\"><a class=\"border-0\" href=\"#camps+de+lacademie+fcb\">Camps de l'Acad\u00e9mie FCB<\/a><\/li>\n<li class=\"list-unstyled mb-1\"><a class=\"border-0\" href=\"#camp+fuerte+nagueles\">Camp Fuerte Nag\u00fceles<\/a><\/li>\n<li class=\"list-unstyled mb-1\"><a class=\"border-0\" href=\"#camp+dete+de+lauberge+de+jeunesse+de+marbella\">Camp d'\u00e9t\u00e9 de l'auberge de jeunesse de Marbella<\/a><\/li>\n<li class=\"list-unstyled mb-1\"><a class=\"border-0\" href=\"#camp+dete+du+club+med+a+marbella\">Camp d'\u00e9t\u00e9 du Club Med \u00e0 Marbella<\/a><\/li>\n<li class=\"list-unstyled mb-1\"><a class=\"border-0\" href=\"#camp+dete+du+club+de+tennis+manolo+santana\">Camp d'\u00e9t\u00e9 du club de tennis Manolo Santana<\/a><\/li>\n<li class=\"list-unstyled mb-1\"><a class=\"border-0\" href=\"#camp+dete+du+club+de+tennis+puente+romano\">Camp d'\u00e9t\u00e9 du club de tennis Puente Romano<\/a><\/li><\/ul>\n<div id=\"mobiletablecontent\" class=\"position-sticky sticky-top dropdown d-flex d-lg-none my-5\" ><button class=\"btn btn-primary d-flex justify-content-start align-items-center w-100 dropdown-toggle\" type=\"button\" id=\"dropdownMenuButton\" data-toggle=\"dropdown\" aria-haspopup=\"true\" aria-expanded=\"false\">Table des Mati\u00e8res<\/button><div class=\"dropdown-menu w-100 bg-white\" aria-labelledby=\"dropdownMenuButton\"><a class=\"dropdown-item border-0 text-wrap\" href=\"#nalucamps\">NaluCamps<\/a>\n<a class=\"dropdown-item border-0 text-wrap\" href=\"#cours+dete+de+leic\">Cours d'\u00e9t\u00e9 de l'EIC<\/a>\n<a class=\"dropdown-item border-0 text-wrap\" href=\"#camp+dete+de+lecole+internationale+swans\">Camp d'\u00e9t\u00e9 de l'\u00e9cole internationale Swans<\/a>\n<a class=\"dropdown-item border-0 text-wrap\" href=\"#camps+dete+de+lecole+internationale+de+sotogrande\">Camps d'\u00e9t\u00e9 de l'\u00e9cole internationale de Sotogrande<\/a>\n<a class=\"dropdown-item border-0 text-wrap\" href=\"#camp+dete+de+football+cdsportcab+marbella\">Camp d'\u00e9t\u00e9 de football CDSportCab Marbella<\/a>\n<a class=\"dropdown-item border-0 text-wrap\" href=\"#camps+de+lacademie+fcb\">Camps de l'Acad\u00e9mie FCB<\/a>\n<a class=\"dropdown-item border-0 text-wrap\" href=\"#camp+fuerte+nagueles\">Camp Fuerte Nag\u00fceles<\/a>\n<a class=\"dropdown-item border-0 text-wrap\" href=\"#camp+dete+de+lauberge+de+jeunesse+de+marbella\">Camp d'\u00e9t\u00e9 de l'auberge de jeunesse de Marbella<\/a>\n<a class=\"dropdown-item border-0 text-wrap\" href=\"#camp+dete+du+club+med+a+marbella\">Camp d'\u00e9t\u00e9 du Club Med \u00e0 Marbella<\/a>\n<a class=\"dropdown-item border-0 text-wrap\" href=\"#camp+dete+du+club+de+tennis+manolo+santana\">Camp d'\u00e9t\u00e9 du club de tennis Manolo Santana<\/a>\n<a class=\"dropdown-item border-0 text-wrap\" href=\"#camp+dete+du+club+de+tennis+puente+romano\">Camp d'\u00e9t\u00e9 du club de tennis Puente Romano<\/a><\/div><\/div>\n<h2 ><span class=\"position-absolute\" style=\"top: -120px\" id=\"nalucamps\"><\/span>NaluCamps<\/h2>\n<p>NaluCamps est une destination de choix pour les enfants et les adolescents qui s'int\u00e9ressent aux sports nautiques et aux activit\u00e9s de plage. Situ\u00e9 \u00e0 la Playa del Cable, NaluCamps cr\u00e9e des exp\u00e9riences estivales inoubliables depuis 2010. Le camp est r\u00e9put\u00e9 pour ses programmes sp\u00e9cialis\u00e9s en Paddle Boarding, Surfing, Kayak et Voile. Ces activit\u00e9s permettent de faire de l'exercice physique et d'acqu\u00e9rir des comp\u00e9tences importantes telles que le travail d'\u00e9quipe, le sens des responsabilit\u00e9s et la gestion de l'environnement.<\/p>\n<figure id=\"attachment_43331\" aria-describedby=\"caption-attachment-43331\" style=\"width: 1442px\" class=\"wp-caption alignnone\"><picture><source sizes=\"(max-width: 575px) calc(100vw - 30px),(max-width: 767px) 510px,(max-width: 991px) 690px,(max-width: 1199px) 595px,(max-width: 1399px) 810px, 945px\" width=\"945\" height=\"707.76699029126\" srcset=\"https:\/\/media.inmobalia.com\/imgV1\/B98Le8~d7Me8Ymh25g8UJ3ypDtZ8Y3FecBCLxExjtFW~kNtmDiPvo~DIQuVSZWz~B8cOgqypLAdfYgSonxMWAYCe1G2bVZhyATkTebpSl~gyQZ088fLkbrTcc5NWyIg0doWzsgfancJwYTbKbg--.jpg 945w,https:\/\/media.inmobalia.com\/imgV1\/B98Le8~d7MvRbj7Vv7fDLn6_Ew7ABi8pUTpfr~FoJsmhwgR1h1fB8_lyN~udGsKWhjkcv9FMCryyiOTJ4s5b5CBLMQj0lyS6n1SsGYNIeLHVv~3v32Xn9kmoqWnQHRrnobO5AbS_HXOm78VcEg--.jpg 595w\" type=\"image\/webp\"><img decoding=\"async\" loading=\"lazy\" class=\"size-full wp-image-43331 img-fluid\" width=\"1442\" height=\"1080\" alt=\"NaluCamps\" src=\"https:\/\/media.inmobalia.com\/imgV1\/B98Le8~d7Me8YmhhhFsYM4czod~~P0fCuzkjRHefNZZlhRfNduPlI3aPbyA~VRE9VHhfPWX0FOyRrgTAdVTIEG~CGGWsdoFFar4f0lG~8kPoJv0Vynx15dsUNtM4.jpg\"><\/picture><figcaption id=\"caption-attachment-43331\" class=\"wp-caption-text\">NaluCamps<\/figcaption><\/figure>\n<p>Le camp est ouvert de d\u00e9but juillet \u00e0 d\u00e9but septembre, du lundi au vendredi de 10h00 \u00e0 14h00. Les instructeurs sont hautement qualifi\u00e9s et veillent \u00e0 ce que toutes les activit\u00e9s se d\u00e9roulent de mani\u00e8re s\u00fbre et efficace. Le camp met l'accent sur des groupes de petite taille afin d'offrir une attention personnalis\u00e9e et de garantir que chaque participant acquiert de la confiance et des comp\u00e9tences \u00e0 son propre rythme. En outre, NaluCamps est profond\u00e9ment engag\u00e9 dans le d\u00e9veloppement durable, inculquant des valeurs de respect et d'attention \u00e0 l'environnement dans toutes ses activit\u00e9s.<\/p>\n<p>Pour plus d'informations, contactez-nous :<\/p>\n<ul>\n<li><strong>T\u00e9l\u00e9phone:<\/strong><a href=\"tel:+34951465926\"> +34 951 465 926<\/a><\/li>\n<li><strong>Courriel:<\/strong><a href=\"mailto:info@nalucamps.com\"> info@nalucamps.com<\/a><\/li>\n<li><strong>Site web:<\/strong> <a href=\"https:\/\/nalucamps.com\/en\/\" target=\"_blank\" rel=\"noopener\">NaluCamps<\/a><\/li>\n<\/ul>\n<h2 ><span class=\"position-absolute\" style=\"top: -120px\" id=\"cours+dete+de+leic\"><\/span>Cours d'\u00e9t\u00e9 de l'EIC<\/h2>\n<p>L'English International College (EIC) de Marbella propose un programme de cours d'\u00e9t\u00e9 dynamique et \u00e9ducatif. Ce programme est con\u00e7u pour offrir un \u00e9quilibre entre l'apprentissage acad\u00e9mique et les activit\u00e9s ludiques, ce qui en fait un choix id\u00e9al pour les \u00e9tudiants qui souhaitent approfondir leur \u00e9ducation tout en profitant de leurs vacances d'\u00e9t\u00e9. Les cours d'\u00e9t\u00e9 de l'EIC couvrent un large \u00e9ventail de mati\u00e8res, notamment l'anglais, les math\u00e9matiques, les sciences et les arts, compl\u00e9t\u00e9s par des sports, du th\u00e9\u00e2tre et des ateliers cr\u00e9atifs.<\/p>\n<p>L'\u00e9cole s'enorgueillit d'un environnement hautement international, attirant des \u00e9tudiants du monde entier. Cette diversit\u00e9 enrichit l'exp\u00e9rience d'apprentissage, car les \u00e9tudiants ont l'occasion d'interagir avec des camarades issus de milieux culturels diff\u00e9rents. L'\u00e9cole d'\u00e9t\u00e9 de l'EIC est r\u00e9put\u00e9e pour ses excellentes installations et son personnel enseignant exp\u00e9riment\u00e9, qui garantissent une exp\u00e9rience \u00e9ducative de grande qualit\u00e9.<\/p>\n<p>Pour plus d'informations, contactez-nous :<\/p>\n<ul>\n<li><strong>T\u00e9l\u00e9phone:<\/strong><a href=\"tel:+34952831058\"> +34 952 831 058<\/a><\/li>\n<li><strong>Courriel:<\/strong><a href=\"mailto:info@eicmarbella.org\"> info@eicmarbella.org<\/a><\/li>\n<li><strong>Site web:<\/strong> <a href=\"https:\/\/www.eicmarbella.org\/summer-school.html\" target=\"_blank\" rel=\"noopener\"> Cours d'\u00e9t\u00e9 de l'EIC<\/a><\/li>\n<\/ul>\n<h2 ><span class=\"position-absolute\" style=\"top: -120px\" id=\"camp+dete+de+lecole+internationale+swans\"><\/span>Camp d'\u00e9t\u00e9 de l'\u00e9cole internationale Swans<\/h2>\n<p>Swans International School propose un camp d'\u00e9t\u00e9 complet pendant le mois de juillet qui combine l'enrichissement acad\u00e9mique avec un large \u00e9ventail d'activit\u00e9s r\u00e9cr\u00e9atives. Le camp est con\u00e7u pour r\u00e9pondre aux divers int\u00e9r\u00eats des enfants et propose des programmes dans les domaines du sport, des arts, de la musique et de la technologie. L'objectif est d'encourager la cr\u00e9ativit\u00e9, la forme physique et le d\u00e9veloppement intellectuel dans un environnement amusant et positif.<\/p>\n<p>Le camp se d\u00e9roule sur le magnifique campus de l'\u00e9cole, qui est \u00e9quip\u00e9 d'installations de pointe, notamment de terrains de sport, de piscines et de salles de classe modernes. Le caract\u00e8re international de l'\u00e9cole Swans signifie que les enfants ont la possibilit\u00e9 de se faire des amis de diff\u00e9rentes parties du monde, ce qui renforce leur sensibilit\u00e9 culturelle et leurs comp\u00e9tences sociales.<\/p>\n<p>Pour plus d'informations, veuillez contacter<\/p>\n<ul>\n<li><strong>T\u00e9l\u00e9phone:<\/strong><a href=\"tel:+34952773248\"> +34 952 773 248<\/a><\/li>\n<li><strong>Courriel:<\/strong><a href=\"mailto:info@swansschoolinternational.es\"> info@swansschoolinternational.es<\/a><\/li>\n<li><strong>Site web:<\/strong> <a href=\"https:\/\/www.swansschoolinternational.es\/quicklinks\/news\/swans-blog\/~board\/newsletters\/post\/primary-school-summercamp2024\" target=\"_blank\" rel=\"noopener\"> Camp d'\u00e9t\u00e9 de l'\u00e9cole internationale Swans<\/a><\/li>\n<\/ul>\n<h2 ><span class=\"position-absolute\" style=\"top: -120px\" id=\"camps+dete+de+lecole+internationale+de+sotogrande\"><\/span>Camps d'\u00e9t\u00e9 de l'\u00e9cole internationale de Sotogrande<\/h2>\n<picture><source sizes=\"(max-width: 575px) calc(100vw - 30px),(max-width: 767px) 510px,(max-width: 991px) 690px,(max-width: 1199px) 595px,(max-width: 1399px) 810px, 945px\" width=\"945\" height=\"563.53522645579\" srcset=\"https:\/\/media.inmobalia.com\/imgV1\/B98Le8~d7Me8Ymh25g8UJ3ypDtZ8Y3FecBCLxExjtFW~kNtmDiPvo~DIQuVSZWz~B8cOgqypLAdfYgSonxMWAYCe1G2bVZhyATkTebpSl~gyQZ088fLkbrTcc5IVIgoLSbPSDDznEbUJ0yc-.jpg 945w,https:\/\/media.inmobalia.com\/imgV1\/B98Le8~d7MvRbj7Vv7fDLn6_Ew7ABi8pUTpfr~FoJsmhwgR1h1fB8_lyN~udGsKWhjkcv9FMCryyiOTJ4s5b5CBLMQj0lyS6n1SsGYNIeLHVv~3v32Xn9kmoqWhtP7FSreV5lM6fXwIF1zQ-.jpg 595w\" type=\"image\/webp\"><img decoding=\"async\" loading=\"lazy\" class=\"alignnone size-full wp-image-43357 img-fluid\" width=\"8346\" height=\"4977\" alt=\"Beach volley enfants\" src=\"https:\/\/media.inmobalia.com\/imgV1\/B98Le8~d7Me8YmhhhFsYM4czod~~P0fCuzkjRHefNZZlhRfNduPlI3aPbyA~VRE9VHhfPWX0FOyRrgTAdVTIEG~CGGWsdoFFar4f05RtL1LGHztCIPZPxC6pLw--.jpg\"><\/picture>\n<p>Un peu plus loin sur la c\u00f4te, dans la province de Cadix, l'\u00e9cole internationale de Sotogrande propose une s\u00e9rie de camps d'\u00e9t\u00e9 con\u00e7us pour permettre aux enfants et aux adolescents de vivre des exp\u00e9riences enrichissantes dans un cadre magnifique. Les camps s'adressent \u00e0 diff\u00e9rents groupes d'\u00e2ge, notamment le camp Junior (8-13 ans) ax\u00e9 sur l'apprentissage de la langue et les sports, le camp Master (14-17 ans) qui met l'accent sur le leadership et l'entra\u00eenement sportif avanc\u00e9, et les camps sportifs sp\u00e9cialis\u00e9s Elite pour le tennis, le golf et le polo. Les plus jeunes peuvent profiter des camps Nanos (5-7 ans) et Summer Fun Kids (2-4 ans), qui proposent des activit\u00e9s cr\u00e9atives et \u00e9ducatives.<\/p>\n<p>Les camps disposent d'installations de pointe, notamment de salles de classe modernes, de terrains de sport et d'un h\u00e9bergement confortable \u00e0 Templeton House. Les excursions vers les attractions locales et les sites culturels sont un \u00e9l\u00e9ment cl\u00e9, offrant aux campeurs des exp\u00e9riences immersives et amusantes. La s\u00e9curit\u00e9 est une priorit\u00e9 absolue, le faible ratio \u00e9l\u00e8ves\/moniteur garantissant une surveillance attentive.<\/p>\n<p>Pour plus d'informations, veuillez contacter<\/p>\n<ul>\n<li><strong>T\u00e9l\u00e9phone:<\/strong><a href=\"tel:+34956795902\"> +34 956 79 59 02<\/a><\/li>\n<li><strong>Courriel:<\/strong><a href=\"mailto:info@sis.gl\"> info@sis.gl<\/a><\/li>\n<li><strong>Site web:<\/strong> <a href=\"https:\/\/www.sis.ac\/school-life\/summer-camps\" target=\"_blank\" rel=\"noopener\"> Camps d'\u00e9t\u00e9 de l'\u00e9cole internationale de Sotogrande<\/a><\/li>\n<\/ul>\n<h2 ><span class=\"position-absolute\" style=\"top: -120px\" id=\"camp+dete+de+football+cdsportcab+marbella\"><\/span>Camp d'\u00e9t\u00e9 de football CDSportCab Marbella<\/h2>\n<p>Pour les jeunes passionn\u00e9s de football, le camp d'\u00e9t\u00e9 de football CDSportCab Marbella offre une occasion exceptionnelle de d\u00e9velopper leurs comp\u00e9tences sous la direction d'entra\u00eeneurs professionnels. Ce camp se concentre sur l'entra\u00eenement technique, la compr\u00e9hension tactique et la condition physique, garantissant que les participants am\u00e9liorent leurs capacit\u00e9s footballistiques dans un cadre structur\u00e9 et agr\u00e9able. Le camp met \u00e9galement l'accent sur le travail d'\u00e9quipe, la discipline et l'esprit sportif, des qualit\u00e9s essentielles pour les athl\u00e8tes en herbe.<\/p>\n<p>Le camp convient aux enfants de tous niveaux, des d\u00e9butants aux joueurs confirm\u00e9s. Il propose un programme d'entra\u00eenement rigoureux associ\u00e9 \u00e0 des activit\u00e9s et des excursions amusantes, garantissant ainsi une exp\u00e9rience compl\u00e8te. Les entra\u00eeneurs sont des professionnels exp\u00e9riment\u00e9s, dont beaucoup ont jou\u00e9 ou entra\u00een\u00e9 \u00e0 des niveaux \u00e9lev\u00e9s du sport.<\/p>\n<p>Pour plus d'informations, veuillez contacter<\/p>\n<ul>\n<li><strong>T\u00e9l\u00e9phone:<\/strong><a href=\"tel:+34639787907\"> +34 639 787 907<\/a><\/li>\n<li><strong>Courriel:<\/strong><a href=\"mailto:info@cdsportcabmarbella.com\"> info@cdsportcabmarbella.com<\/a><\/li>\n<li><strong>Site web:<\/strong> <a href=\"https:\/\/cdsportcabmarbella.com\/en\/camps\/marbella-summer-football-camp-2024\/\" target=\"_blank\" rel=\"noopener\"> CDSportCab Marbella<\/a><\/li>\n<\/ul>\n<h2 ><span class=\"position-absolute\" style=\"top: -120px\" id=\"camps+de+lacademie+fcb\"><\/span>Camps de l'Acad\u00e9mie FCB<\/h2>\n<figure id=\"attachment_43316\" aria-describedby=\"caption-attachment-43316\" style=\"width: 1440px\" class=\"wp-caption alignnone\"><picture><source sizes=\"(max-width: 575px) calc(100vw - 30px),(max-width: 767px) 510px,(max-width: 991px) 690px,(max-width: 1199px) 595px,(max-width: 1399px) 810px, 945px\" width=\"945\" height=\"708.75\" srcset=\"https:\/\/media.inmobalia.com\/imgV1\/B98Le8~d7Me8Ymh25g8UJ3ypDtZ8Y3FecBCLxExjtFW~kNtmDiPvo~DIQuVSZWz~B8cOgqypLAdfYgSonxMWAYCe1G2bVZhyATkTebpSl~gyQZ088fLkbrTcc852Ifp_0pUfClLOsx_j47~rggmu~asvvQbU1tGTC7t_xeCUHxwxurMIWro2z7M4bYIdBQ--.jpg 945w,https:\/\/media.inmobalia.com\/imgV1\/B98Le8~d7MvRbj7Vv7fDLn6_Ew7ABi8pUTpfr~FoJsmhwgR1h1fB8_lyN~udGsKWhjkcv9FMCryyiOTJ4s5b5CBLMQj0lyS6n1SsGYNIeLHVv~3v32Xn9kmoqTQMjglcdvaPNrD92fprn_I8e1ADbTf6lv~_zSw1YfGE12L~Fvefe5Ur3d8JhZKJJEKpLQ--.jpg 595w\" type=\"image\/webp\"><img decoding=\"async\" loading=\"lazy\" class=\"size-full wp-image-43316 img-fluid\" width=\"1440\" height=\"1080\" alt=\"Camps de l&#039;Acad\u00e9mie FCB\" src=\"https:\/\/media.inmobalia.com\/imgV1\/B98Le8~d7Me8YmhhhFsYM4czod~~P0fCuzkjRHefNZZlhRfNduPlI3aPbyA~VRE9VHhfPWX0FOyRrgTAdVTIEG~CGGWsdoFFar4fj7vxtKaVVKPeUub~1LP9d7x8QrBswJ56gi12zMYrVmS_M8kfGLTzboU707X~Ct5cOMAr.jpg\"><\/picture><figcaption id=\"caption-attachment-43316\" class=\"wp-caption-text\">Camps de l'Acad\u00e9mie FCBs<\/figcaption><\/figure>\n<p>Les camps de l'Acad\u00e9mie FCB \u00e0 Marbella offrent un programme d'entra\u00eenement de football d'\u00e9lite affili\u00e9 au c\u00e9l\u00e8bre FC Barcelone. Ces camps sont con\u00e7us pour offrir aux jeunes footballeurs les m\u00eames m\u00e9thodes d'entra\u00eenement que celles utilis\u00e9es par les \u00e9quipes de jeunes du Bar\u00e7a. Le programme comprend un d\u00e9veloppement intensif des comp\u00e9tences, un entra\u00eenement tactique et une pr\u00e9paration physique, dispens\u00e9s par des entra\u00eeneurs certifi\u00e9s ayant l'exp\u00e9rience de la philosophie et de la m\u00e9thodologie du club.<\/p>\n<p>Les participants am\u00e9liorent non seulement leurs comp\u00e9tences footballistiques, mais apprennent \u00e9galement des valeurs importantes telles que le travail d'\u00e9quipe, le respect et le d\u00e9vouement. Le camp attire des jeunes joueurs du monde entier, offrant une occasion unique de rencontrer et de se mesurer \u00e0 des pairs de diff\u00e9rents pays.<\/p>\n<p>Pour plus d'informations, contactez-nous :<\/p>\n<ul>\n<li><strong>Site web:<\/strong> <a href=\"https:\/\/www.fcbacademycamps.com\/sv\" target=\"_blank\" rel=\"noopener\">Camps de l'Acad\u00e9mie FCB<\/a><\/li>\n<\/ul>\n<h2 ><span class=\"position-absolute\" style=\"top: -120px\" id=\"camp+fuerte+nagueles\"><\/span>Camp Fuerte Nag\u00fceles<\/h2>\n<p>Le camp Fuerte Nag\u00fceles est situ\u00e9 dans le magnifique parc Nag\u00fceles, dans le quartier Sierra Blanca de Marbella, offrant un cadre parfait pour une exp\u00e9rience de camp d'\u00e9t\u00e9 traditionnelle. Le camp propose un large \u00e9ventail d'activit\u00e9s, notamment des sports d'aventure, une \u00e9ducation \u00e0 l'environnement, des activit\u00e9s artistiques et artisanales et des jeux de renforcement de l'esprit d'\u00e9quipe. Le cadre naturel du parc constitue une toile de fond id\u00e9ale pour les activit\u00e9s de plein air, qui favorisent l'amour de la nature et de l'environnement.<\/p>\n<p>Le camp est con\u00e7u pour les enfants de tous \u00e2ges et vise \u00e0 d\u00e9velopper leurs aptitudes sociales, physiques et cr\u00e9atives dans un environnement amusant et s\u00fbr. Le personnel exp\u00e9riment\u00e9 veille \u00e0 ce que toutes les activit\u00e9s se d\u00e9roulent en toute s\u00e9curit\u00e9 et \u00e0 ce que chaque enfant re\u00e7oive une attention individuelle.<\/p>\n<p>Pour plus d'informations, veuillez contacter<\/p>\n<ul>\n<li><strong>T\u00e9l\u00e9phone:<\/strong><a href=\"tel:+34952865454\"> +34 952 865 454<\/a><\/li>\n<li><strong>Courriel:<\/strong><a href=\"mailto:info@fuertenagueles.com\"> info@fuertenagueles.com<\/a><\/li>\n<li><strong>Site web:<\/strong> <a href=\"https:\/\/fuertenagueles.com\/campamentos\/\" target=\"_blank\" rel=\"noopener\"> Camp Fuerte Nag\u00fceles<\/a><\/li>\n<\/ul>\n<h2 ><span class=\"position-absolute\" style=\"top: -120px\" id=\"camp+dete+de+lauberge+de+jeunesse+de+marbella\"><\/span>Camp d'\u00e9t\u00e9 de l'auberge de jeunesse de Marbella<\/h2>\n<p>Le camp d'\u00e9t\u00e9 de l'auberge de jeunesse de Marbella propose une exp\u00e9rience enrichissante et immersive aux enfants et adolescents \u00e2g\u00e9s de 5 \u00e0 18 ans. Situ\u00e9 au c\u0153ur de Marbella, ce camp offre une occasion unique de profiter d'un large \u00e9ventail d'activit\u00e9s dans un environnement multiculturel. Le camp est situ\u00e9 dans le Marbella Hostel Complex, \u00e0 8 minutes \u00e0 pied de la plage et de la vieille ville. Le complexe dispose d'une r\u00e9ception ouverte 24 heures sur 24, d'une piscine, d'une salle de t\u00e9l\u00e9vision et de vid\u00e9o, d'un court de tennis, de terrains de sport polyvalents ainsi que de grandes terrasses et de jardins.<\/p>\n<p>L'h\u00e9bergement est assur\u00e9 dans des chambres dortoirs triples ou quadruples, chacune avec sa propre salle de bains, ce qui garantit le confort et la commodit\u00e9 de tous les campeurs.<\/p>\n<p>Le programme quotidien du Marbella Summer Camp Albergue est rempli de sports individuels et collectifs, d'ateliers cr\u00e9atifs et d'activit\u00e9s r\u00e9cr\u00e9atives. Parmi les sports propos\u00e9s figurent le basket-ball, le volley-ball, le handball, le base-ball, le water-polo, l'a\u00e9robic et le tir \u00e0 l'arc. En outre, les campeurs peuvent participer \u00e0 des activit\u00e9s uniques telles que la capoeira, les d\u00e9fis sur les murs d'escalade et le frisbee.<\/p>\n<p>Le camp organise \u00e9galement plusieurs excursions pour permettre aux campeurs d'explorer les riches sites culturels et historiques de l'Andalousie. Les excursions d'une demi-journ\u00e9e peuvent inclure des visites \u00e0 Puerto Ban\u00fas, Mijas ou Sierra de las Nieves, tandis que les excursions d'une journ\u00e9e enti\u00e8re peuvent les emmener \u00e0 S\u00e9ville, Grenade, Tarifa, Ronda ou Nerja.<\/p>\n<ul>\n<li><strong>T\u00e9l\u00e9phone:<\/strong><a href=\"tel:+34664333961\"> +34 664 333 961<\/a><\/li>\n<li><strong>Site web:<\/strong> <a href=\"https:\/\/www.buscocampamentos.com\/campamentos\/marbella-summer-camp-albergue\/\" target=\"_blank\" rel=\"noopener\">Albergue Marbella Summer Camp<\/a><\/li>\n<\/ul>\n<h2 ><span class=\"position-absolute\" style=\"top: -120px\" id=\"camp+dete+du+club+med+a+marbella\"><\/span>Camp d'\u00e9t\u00e9 du Club Med \u00e0 Marbella<\/h2>\n<figure id=\"attachment_43351\" aria-describedby=\"caption-attachment-43351\" style=\"width: 1125px\" class=\"wp-caption alignnone\"><picture><source sizes=\"(max-width: 575px) calc(100vw - 30px),(max-width: 767px) 510px,(max-width: 991px) 690px,(max-width: 1199px) 595px,(max-width: 1399px) 810px, 945px\" width=\"945\" height=\"794.64\" srcset=\"https:\/\/media.inmobalia.com\/imgV1\/B98Le8~d7Me8Ymh25g8UJ3ypDtZ8Y3FecBCLxExjtFW~kNtmDiPvo~DIQuVSZWz~B8cOgqypLAdfYgSonxMWAYCe1G2bVZhyATkTebpSl~gyQZ088fLkbrTcc5IPafvoJgIqDpluMP8_97M-.jpg 945w,https:\/\/media.inmobalia.com\/imgV1\/B98Le8~d7MvRbj7Vv7fDLn6_Ew7ABi8pUTpfr~FoJsmhwgR1h1fB8_lyN~udGsKWhjkcv9FMCryyiOTJ4s5b5CBLMQj0lyS6n1SsGYNIeLHVv~3v32Xn9kmoqWh3w4e0~O8FWyUO2jBqDhs-.jpg 595w\" type=\"image\/webp\"><img decoding=\"async\" loading=\"lazy\" class=\"size-full wp-image-43351 img-fluid\" width=\"1125\" height=\"946\" alt=\"Hotel Club Med Marbella\" src=\"https:\/\/media.inmobalia.com\/imgV1\/B98Le8~d7Me8YmhhhFsYM4czod~~P0fCuzkjRHefNZZlhRfNduPlI3aPbyA~VRE9VHhfPWX0FOyRrgTAdVTIEG~CGGWsdoFFar4f044utJEPOa_vIvwTi43MYg--.jpg\"><\/picture><figcaption id=\"caption-attachment-43351\" class=\"wp-caption-text\">Club Med Hotel Marbella<\/figcaption><\/figure>\n<p>H\u00e9berg\u00e9 par l'h\u00f4tel Club Med de Marbella, le camp de sports d'\u00e9t\u00e9 d'Echevarri propose une vari\u00e9t\u00e9 d'activit\u00e9s sportives et de loisirs amusantes pour les enfants de 4 \u00e0 18 ans. Les activit\u00e9s vont du tennis au paddle, en passant par le football, le volley-ball, les jeux d'eau, les jeux de soci\u00e9t\u00e9, le mini-golf, etc. L'h\u00f4tel Club Med de Marbella est un centre de vill\u00e9giature de luxe qui propose une exp\u00e9rience tout compris pour toute la famille. Situ\u00e9 dans un cadre spectaculaire, l'h\u00f4tel dispose d'un large \u00e9ventail d'installations con\u00e7ues pour le plaisir et la d\u00e9tente.<\/p>\n<ul>\n<li><strong>T\u00e9l\u00e9phone:<\/strong><a href=\"tel:+34616974853\"> +34 616 974 853<\/a><\/li>\n<li><strong>Site web:<\/strong> <a href=\"https:\/\/echevarrisports.com\/summercamp\/\" target=\"_blank\" rel=\"noopener\">Echevarri Sports Camp Marbella<\/a><\/li>\n<\/ul>\n<h2 ><span class=\"position-absolute\" style=\"top: -120px\" id=\"camp+dete+du+club+de+tennis+manolo+santana\"><\/span>Camp d'\u00e9t\u00e9 du club de tennis Manolo Santana<\/h2>\n<p>Le c\u00e9l\u00e8bre club de tennis Manolo Santana de Marbella organise des camps d'\u00e9t\u00e9 pour tous les \u00e2ges. Avec des activit\u00e9s telles que le tennis, le padel, les arts martiaux, la natation, le ping-pong, le badminton, le volley-ball et bien d'autres encore, les jeunes membres de la famille appr\u00e9cieront sans aucun doute leur s\u00e9jour dans ce club.<\/p>\n<p>Fond\u00e9 en 1997 par la l\u00e9gende du tennis Manolo Santana, le Manolo Santana Raquets Club est un point de rep\u00e8re dans le paysage sportif de Marbella. Le club est r\u00e9put\u00e9 pour ses installations de tennis de classe mondiale, avec une vari\u00e9t\u00e9 de courts de tennis et de padel pour les joueurs de tous niveaux.<\/p>\n<p>Le club dispose de six courts de tennis de premi\u00e8re qualit\u00e9, chacun con\u00e7u pour reproduire les surfaces des tournois du Grand Chelem : trois courts en Plexipave, deux courts en terre battue et un court en gazon artificiel, tous \u00e9quip\u00e9s de projecteurs modernes pour jouer le soir.<\/p>\n<p>En plus du tennis, le club propose quatre courts de padel entour\u00e9s de pins, offrant un cadre pittoresque aux joueurs comme aux spectateurs. Au-del\u00e0 de ses \u00e9quipements de tennis exceptionnels, le club propose une gamme d'activit\u00e9s sportives et de loisirs, ce qui en fait une destination compl\u00e8te pour les familles et les amateurs de sport. Avec plus de 1 000 membres par an, le Manolo Santana Racquets Club n'est pas seulement une installation sportive, mais une communaut\u00e9 dynamique unie par l'amour du tennis et du sport.<\/p>\n<ul>\n<li><strong>T\u00e9l\u00e9phone:<\/strong><a href=\"tel:+34627533997\"> +34 627 533 997<\/a><\/li>\n<li><strong>Site web:<\/strong> <a href=\"https:\/\/manolosantana.es\/\" target=\"_blank\" rel=\"noopener\">Manolo Santana Racquets Club Marbella<\/a><\/li>\n<\/ul>\n<h2 ><span class=\"position-absolute\" style=\"top: -120px\" id=\"camp+dete+du+club+de+tennis+puente+romano\"><\/span>Camp d'\u00e9t\u00e9 du club de tennis Puente Romano<\/h2>\n<figure id=\"attachment_43311\" aria-describedby=\"caption-attachment-43311\" style=\"width: 1620px\" class=\"wp-caption alignnone\"><picture><source sizes=\"(max-width: 575px) calc(100vw - 30px),(max-width: 767px) 510px,(max-width: 991px) 690px,(max-width: 1199px) 595px,(max-width: 1399px) 810px, 945px\" width=\"945\" height=\"630\" srcset=\"https:\/\/media.inmobalia.com\/imgV1\/B98Le8~d7Me8Ymh25g8UJ3ypDtZ8Y3FecBCLxExjtFW~kNtmDiPvo~DIQuVSZWz~B8cOgqypLAdfYgSonxMWAYCe1G2bVZhyATkTebpSl~gyQZ088fLkbrTcc88WgikJpJ88pr0zGU2O4E1J4HVp9Ga4rPLZ0lOAMhLfOWDJgPVvywgQJhms3~FBgmnQrSoDRKUCjyLHrsbcHDK19XduwwKracXA.jpg 945w,https:\/\/media.inmobalia.com\/imgV1\/B98Le8~d7MvRbj7Vv7fDLn6_Ew7ABi8pUTpfr~FoJsmhwgR1h1fB8_lyN~udGsKWhjkcv9FMCryyiOTJ4s5b5CBLMQj0lyS6n1SsGYNIeLHVv~3v32Xn9kmoqTX6VaYcpcPIHbLWJ8hL4qdGKpJT9LaZ3Zsex7aTqcExOXBr_KLU2EsPUHz9gQVC7N5TecfMaDh6SV9bkruCZwbBZiz3IvlBjZcq.jpg 595w\" type=\"image\/webp\"><img decoding=\"async\" loading=\"lazy\" class=\"size-full wp-image-43311 img-fluid\" width=\"1620\" height=\"1080\" alt=\"Camp d&#039;\u00e9t\u00e9 du club de tennis Puente Romano\" src=\"https:\/\/media.inmobalia.com\/imgV1\/B98Le8~d7Me8YmhhhFsYM4czod~~P0fCuzkjRHefNZZlhRfNduPlI3aPbyA~VRE9VHhfPWX0FOyRrgTAdVTIEG~CGGWsdoFFar4fjuZv9O3PQjWeyBrRALbnt7uOuzjcf1RhJp~Vw~caUXDWzOr_59cjQT5EUxqs7UT8CdAPibIUOMUKAf2LKyfXI~pYsLSuHDNH144-.jpg\"><\/picture><figcaption id=\"caption-attachment-43311\" class=\"wp-caption-text\">Camp d'\u00e9t\u00e9 du club de tennis Puente Romano<\/figcaption><\/figure>\n<p>Pendant l'\u00e9t\u00e9, le club de tennis Puente Romano propose des activit\u00e9s pour les enfants \u00e2g\u00e9s de 4 \u00e0 14 ans, notamment la natation, le tennis, le th\u00e9\u00e2tre, l'art, le tennis, le padel, le ping-pong, le mini-golf, les sports nautiques, le beach-volley et bien d'autres choses encore !<\/p>\n<p>Inaugur\u00e9 en 1979, le club de tennis Puente Romano est rapidement devenu une pierre angulaire de la communaut\u00e9 sportive de Marbella. D'abord dirig\u00e9 par la l\u00e9gende du tennis Bj\u00f6rn Borg, le club a ensuite \u00e9t\u00e9 dirig\u00e9 par le champion de Wimbledon Manolo Santana de 1983 \u00e0 1998. Le club partage son nom et son prestige avec l'h\u00f4tel Puente Romano, qui a \u00e9galement ouvert ses portes en 1979, renfor\u00e7ant ainsi la sophistication du Golden Mile de Marbella.<\/p>\n<p>Le club a accueilli de nombreux \u00e9v\u00e9nements de tennis de haut niveau, avec des joueurs renomm\u00e9s comme Boris Becker, John McEnroe, Serena Williams et Henri Leconte. Il a notamment accueilli la finale de la Coupe Davis 1988 entre l'Espagne et le Mexique, remport\u00e9e par l'Espagne. Parmi les autres \u00e9v\u00e9nements importants, citons l'Andalucia Tennis Experience et la Coupe des Nations Senior.<\/p>\n<p>Au-del\u00e0 du tennis, le court central du club a \u00e9t\u00e9 le th\u00e9\u00e2tre de c\u00e9l\u00e8bres concerts d'\u00e9t\u00e9, avec des artistes tels que Montserrat Caball\u00e9, Jos\u00e9 Carreras et Ray Charles, ajoutant ainsi une riche dimension culturelle \u00e0 son h\u00e9ritage.<\/p>\n<ul>\n<li><strong>T\u00e9l\u00e9phone:<\/strong><a href=\"tel:+34952826103\"> +34 952 82 61 03<\/a><\/li>\n<li><strong>Site web:<\/strong> <a href=\"https:\/\/www.puenteromano.com\/es\/actividades\/tenis\/\" target=\"_blank\" rel=\"noopener\">Puente Romano Tennis Club<\/a><\/li>\n<\/ul>\n<p>Avec ces colonies de vacances et bien d'autres, Marbella offre \u00e0 vos enfants des semaines d'amusement dans des environnements s\u00fbrs, encourageants et stimulants qui leur permettront de repartir avec des comp\u00e9tences d\u00e9velopp\u00e9es et des amis venus du monde entier.<\/p>\n<p>Les camps d'\u00e9t\u00e9 de Marbella offrent une riche palette d'exp\u00e9riences qui r\u00e9pondent \u00e0 diff\u00e9rents int\u00e9r\u00eats et groupes d'\u00e2ge. Que votre enfant soit un athl\u00e8te en herbe, un artiste en devenir ou un amoureux de la nature, il y a un camp \u00e0 Marbella qui lui offrira une exp\u00e9rience estivale m\u00e9morable et enrichissante.<\/p>\n","protected":false},"excerpt":{"rendered":"<p>Marbella est vraiment l&rsquo;un des meilleurs endroits pour les familles avec enfants, qu&rsquo;ils viennent en vacances, qu&rsquo;ils grandissent au bord de la mer ou qu&rsquo;ils partent \u00e0 l&rsquo;aventure dans les montagnes qui forment sa toile de fond. Marbella est une destination passionnante tout au long de l&rsquo;ann\u00e9e, mais c&rsquo;est pendant les vacances d&rsquo;\u00e9t\u00e9 que la&#8230;<\/p>\n","protected":false},"author":3,"featured_media":43346,"comment_status":"closed","ping_status":"closed","sticky":false,"template":"","format":"standard","meta":{"_acf_changed":false,"footnotes":""},"categories":[2026],"tags":[],"class_list":["post-43342","post","type-post","status-publish","format-standard","has-post-thumbnail","hentry","category-vivre-a-marbella"],"acf":[],"_links":{"self":[{"href":"https:\/\/www.dmproperties.com\/fr\/wp-json\/wp\/v2\/posts\/43342","targetHints":{"allow":["GET"]}}],"collection":[{"href":"https:\/\/www.dmproperties.com\/fr\/wp-json\/wp\/v2\/posts"}],"about":[{"href":"https:\/\/www.dmproperties.com\/fr\/wp-json\/wp\/v2\/types\/post"}],"author":[{"embeddable":true,"href":"https:\/\/www.dmproperties.com\/fr\/wp-json\/wp\/v2\/users\/3"}],"replies":[{"embeddable":true,"href":"https:\/\/www.dmproperties.com\/fr\/wp-json\/wp\/v2\/comments?post=43342"}],"version-history":[{"count":0,"href":"https:\/\/www.dmproperties.com\/fr\/wp-json\/wp\/v2\/posts\/43342\/revisions"}],"wp:featuredmedia":[{"embeddable":true,"href":"https:\/\/www.dmproperties.com\/fr\/wp-json\/wp\/v2\/media\/43346"}],"wp:attachment":[{"href":"https:\/\/www.dmproperties.com\/fr\/wp-json\/wp\/v2\/media?parent=43342"}],"wp:term":[{"taxonomy":"category","embeddable":true,"href":"https:\/\/www.dmproperties.com\/fr\/wp-json\/wp\/v2\/categories?post=43342"},{"taxonomy":"post_tag","embeddable":true,"href":"https:\/\/www.dmproperties.com\/fr\/wp-json\/wp\/v2\/tags?post=43342"}],"curies":[{"name":"wp","href":"https:\/\/api.w.org\/{rel}","templated":true}]}}