{"id":43845,"date":"2025-08-01T10:00:03","date_gmt":"2025-08-01T08:00:03","guid":{"rendered":"https:\/\/www.dmproperties.com\/?p=43845"},"modified":"2025-08-01T10:12:25","modified_gmt":"2025-08-01T08:12:25","slug":"guide-meilleurs-restaurants-marbella-gourmets","status":"publish","type":"post","link":"https:\/\/www.dmproperties.com\/fr\/43845-guide-meilleurs-restaurants-marbella-gourmets","title":{"rendered":"Marbella \u00e0 Estepona : une destination gastronomique toute l&rsquo;ann\u00e9e 2025"},"content":{"rendered":"<p><strong>Marbella n'est plus une station baln\u00e9aire avec une haute saison de courte dur\u00e9e. Son \u00e9volution vers un lieu de r\u00e9sidence permanent pour les habitants et les investisseurs a entra\u00een\u00e9 un changement correspondant dans sa culture gastronomique. De la vieille ville de Marbella \u00e0 Estepona, les restaurants sont d\u00e9sormais au c\u0153ur de l'\u00e9conomie locale et de la renomm\u00e9e internationale de la r\u00e9gion. La qualit\u00e9 n'est plus saisonni\u00e8re et l'ambition ne se limite plus aux mois d'\u00e9t\u00e9. <\/strong><\/p>\n<picture><source sizes=\"(max-width: 575px) calc(100vw - 30px),(max-width: 767px) 510px,(max-width: 991px) 690px,(max-width: 1199px) 595px,(max-width: 1399px) 810px, 945px\" width=\"945\" height=\"683.55\" srcset=\"https:\/\/media.inmobalia.com\/imgV1\/B98Le8~d7Me8Ymh25g8UJ3ypDtZ8Y3FecBCLxExjtFW~kNtmDiPvo~DIQuVSZWz~B8cOgqypLAdfYgSonxMWAYCe1G2bVZhyATkTebpSl~gyQZ088fLkbrTTxePT7bLqO6qXvuRMHZ1wGbSRol8vXhGu5n8z3VmWl3YP7msG.jpg 945w,https:\/\/media.inmobalia.com\/imgV1\/B98Le8~d7MvRbj7Vv7fDLn6_Ew7ABi8pUTpfr~FoJsmhwgR1h1fB8_lyN~udGsKWhjkcv9FMCryyiOTJ4s5b5CBLMQj0lyS6n1SsGYNIeLHVv~3v32Xn9kmnEgfEEHksiOA36UrzYgZff1OH7_nQ4C46U~UZvCgvVm7ciJJl.jpg 595w\" type=\"image\/webp\"><img loading=\"lazy\" decoding=\"async\" class=\"alignnone size-full wp-image-43811 img-fluid\" width=\"1200\" height=\"868\" alt=\"Rooftop Terrace\" src=\"https:\/\/media.inmobalia.com\/imgV1\/B98Le8~d7Me8YmhhhFsYM4czod~~P0fCuzkjRHefNZZlhRfNduPlI3aPbyA~VRE9VHhfPWX0FOyRrgTAdVTIEG~CGGWsdoFFarGMNLl9keC_B2kbMiY9pPRShcPdAeNj1m2QSUTcwLrXp6A8Bgo-.jpg\"><\/picture>\n<p>Ce guide pr\u00e9sente une s\u00e9lection des meilleurs restaurants actuellement en activit\u00e9 entre Marbella et Estepona \u00e0 l'\u00e9t\u00e9 2025. Chacun d'entre eux a \u00e9t\u00e9 choisi pour sa constance, sa pertinence et sa r\u00e9putation aupr\u00e8s d'un public local et international averti. Des menus d\u00e9gustation \u00e9toil\u00e9s au guide Michelin aux plats de fruits de mer discrets, la sc\u00e8ne gastronomique locale refl\u00e8te une r\u00e9gion qui prend sa cuisine et son identit\u00e9 tr\u00e8s au s\u00e9rieux.<\/p>\n<h2 ><span class=\"position-absolute\" style=\"top: -120px\" id=\"restaurants+etoiles+michelin\"><\/span>Restaurants \u00e9toil\u00e9s Michelin<\/h2>\n<h3 ><span class=\"position-absolute\" style=\"top: -120px\" id=\"skina\"><\/span>Skina<\/h3>\n<figure id=\"attachment_43750\" aria-describedby=\"caption-attachment-43750\" style=\"width: 1200px\" class=\"wp-caption alignnone\"><picture><source sizes=\"(max-width: 575px) calc(100vw - 30px),(max-width: 767px) 510px,(max-width: 991px) 690px,(max-width: 1199px) 595px,(max-width: 1399px) 810px, 945px\" width=\"945\" height=\"630\" srcset=\"https:\/\/media.inmobalia.com\/imgV1\/B98Le8~d7Me8Ymh25g8UJ3ypDtZ8Y3FecBCLxExjtFW~kNtmDiPvo~DIQuVSZWz~B8cOgqypLAdfYgSonxMWAYCe1G2bVZhyATkTebpSl~gyQZ088fLkbrTTxfH0qJwsjh8bVytuhWchAU8CI981opXmv6P~SnjJH3Xhfetp6Szm0cjAhtqXVebX.jpg 945w,https:\/\/media.inmobalia.com\/imgV1\/B98Le8~d7MvRbj7Vv7fDLn6_Ew7ABi8pUTpfr~FoJsmhwgR1h1fB8_lyN~udGsKWhjkcv9FMCryyiOTJ4s5b5CBLMQj0lyS6n1SsGYNIeLHVv~3v32Xn9kmnEhWGF6L8YREyFI_6J9J83YSG1w5q99tRwHExCHZuwqBPTRWxpxeFgF5qK6Iz8h_y.jpg 595w\" type=\"image\/webp\"><img decoding=\"async\" loading=\"lazy\" class=\"size-full wp-image-43750 img-fluid\" width=\"1200\" height=\"800\" alt=\"Skina Marbella\" src=\"https:\/\/media.inmobalia.com\/imgV1\/B98Le8~d7Me8YmhhhFsYM4czod~~P0fCuzkjRHefNZZlhRfNduPlI3aPbyA~VRE9VHhfPWX0FOyRrgTAdVTIEG~CGGWsdoFFarGMJqNdEaeZt_ma1p3C5n4DZlnZSc3QFQCPTj1nD0zGr_rH8x5m_1wqqKDqAECapoo-.jpg\"><\/picture><figcaption id=\"caption-attachment-43750\" class=\"wp-caption-text\">Skina Marbella<\/figcaption><\/figure>\n<p>C\u00e9l\u00e9brant son vingti\u00e8me anniversaire, Skina a quitt\u00e9 la vieille ville pour s'installer dans un nouveau lieu, une magnifique ferme du XIXe si\u00e8cle situ\u00e9e sur le Golden Mile. Toujours r\u00e9compens\u00e9 de deux \u00e9toiles Michelin, le chef Marcos Granda allie pr\u00e9cision et techniques r\u00e9gionales \u00e0 des produits locaux dans un menu d\u00e9gustation s\u00e9rieux mais accessible. Le lieu agrandi comprend une petite salle priv\u00e9e et un bar \u00e0 champagne.<\/p>\n<p><strong>Site web:<\/strong> <a href=\"https:\/\/www.restauranteskina.com\" target=\"_blank\" rel=\"noopener\">www.restauranteskina.com<\/a><\/p>\n<h3 ><span class=\"position-absolute\" style=\"top: -120px\" id=\"nintai\"><\/span>Nintai<\/h3>\n<figure id=\"attachment_43730\" aria-describedby=\"caption-attachment-43730\" style=\"width: 2048px\" class=\"wp-caption alignnone\"><picture><source sizes=\"(max-width: 575px) calc(100vw - 30px),(max-width: 767px) 510px,(max-width: 991px) 690px,(max-width: 1199px) 595px,(max-width: 1399px) 810px, 945px\" width=\"945\" height=\"629.84619140625\" srcset=\"https:\/\/media.inmobalia.com\/imgV1\/B98Le8~d7Me8Ymh25g8UJ3ypDtZ8Y3FecBCLxExjtFW~kNtmDiPvo~DIQuVSZWz~B8cOgqypLAdfYgSonxMWAYCe1G2bVZhyATkTebpSl~gyQZ088fLkbrTTxezfr57sb4e6QyE-.jpg 945w,https:\/\/media.inmobalia.com\/imgV1\/B98Le8~d7MvRbj7Vv7fDLn6_Ew7ABi8pUTpfr~FoJsmhwgR1h1fB8_lyN~udGsKWhjkcv9FMCryyiOTJ4s5b5CBLMQj0lyS6n1SsGYNIeLHVv~3v32Xn9kmnEgi~q5OVyoEY~08-.jpg 595w\" type=\"image\/webp\"><img decoding=\"async\" loading=\"lazy\" class=\"size-full wp-image-43730 img-fluid\" width=\"2048\" height=\"1365\" alt=\"Nintai\" src=\"https:\/\/media.inmobalia.com\/imgV1\/B98Le8~d7Me8YmhhhFsYM4czod~~P0fCuzkjRHefNZZlhRfNduPlI3aPbyA~VRE9VHhfPWX0FOyRrgTAdVTIEG~CGGWsdoFFarGMO7VcDxcS4NHB9Q--.jpg\"><\/picture><figcaption id=\"caption-attachment-43730\" class=\"wp-caption-text\">Nintai<\/figcaption><\/figure>\n<p>\u00c9galement sous la direction de Marcos Granda, Nintai propose un menu omakase tr\u00e8s cibl\u00e9 dans un espace minimaliste de 12 couverts. Le service est discret, la technique rigoureuse et les ingr\u00e9dients trait\u00e9s avec un respect quasi religieux. Pour ceux qui appr\u00e9cient le souci du d\u00e9tail, c'est la r\u00e9f\u00e9rence.<\/p>\n<p><strong>Site web:<\/strong> <a href=\"https:\/\/www.restaurantenintai.com\/\" target=\"_blank\" rel=\"noopener\">www.nintaimarbella.com<\/a><\/p>\n<h3 ><span class=\"position-absolute\" style=\"top: -120px\" id=\"back+marbella\"><\/span>Back, Marbella<\/h3>\n<figure id=\"attachment_46999\" aria-describedby=\"caption-attachment-46999\" style=\"width: 1152px\" class=\"wp-caption alignnone\"><picture><source sizes=\"(max-width: 575px) calc(100vw - 30px),(max-width: 767px) 510px,(max-width: 991px) 690px,(max-width: 1199px) 595px,(max-width: 1399px) 810px, 945px\" width=\"945\" height=\"1181.25\" srcset=\"https:\/\/media.inmobalia.com\/imgV1\/B98Le8~d7Me8Ymh25g8UJ3ypDtZ8Y3FecBCLxExjtFW~kNtmDiPvo~DIQuVSZWz~B8cOgqypLAdfYgSonxMWAYCe1G2bVZhyATkTebpSl~gyQZ088fLkbrTTxeD9tSZm~8O4.jpg 945w,https:\/\/media.inmobalia.com\/imgV1\/B98Le8~d7MvRbj7Vv7fDLn6_Ew7ABi8pUTpfr~FoJsmhwgR1h1fB8_lyN~udGsKWhjkcv9FMCryyiOTJ4s5b5CBLMQj0lyS6n1SsGYNIeLHVv~3v32Xn9kmnEgR5ptAiB70J.jpg 595w\" type=\"image\/webp\"><img decoding=\"async\" loading=\"lazy\" class=\"img-fluid wp-image-46999 size-full\" width=\"1152\" height=\"1440\" alt=\"Back Marbella\" src=\"https:\/\/media.inmobalia.com\/imgV1\/B98Le8~d7Me8YmhhhFsYM4czod~~P0fCuzkjRHefNZZlhRfNduPlI3aPbyA~VRE9VHhfPWX0FOyRrgTAdVTIEG~CGGWsdoFFarGMN0zObhRJ3e8-.jpg\"><\/picture><figcaption id=\"caption-attachment-46999\" class=\"wp-caption-text\">Back<\/figcaption><\/figure>\n<p>L'un des restaurants \u00e9toil\u00e9s Michelin pr\u00e9f\u00e9r\u00e9s de Marbella fait preuve d'une confiance rafra\u00eechissante. Back propose une cuisine andalouse moderne, \u00e0 la fois authentique et inventive, avec une \u00e9nergie internationale qui se retrouve aussi bien dans le menu que dans la salle. L'ambiance est plus dynamique que solennelle, et cela fonctionne.<\/p>\n<p><strong>Site web:<\/strong> <a href=\"https:\/\/www.backrestaurante.com\/\" target=\"_blank\" rel=\"noopener\">www.backrestaurante.com<\/a><\/p>\n<h3 ><span class=\"position-absolute\" style=\"top: -120px\" id=\"messina\"><\/span>Messina<\/h3>\n<figure id=\"attachment_46807\" aria-describedby=\"caption-attachment-46807\" style=\"width: 980px\" class=\"wp-caption aligncenter\"><picture><source sizes=\"(max-width: 575px) calc(100vw - 30px),(max-width: 767px) 510px,(max-width: 991px) 690px,(max-width: 1199px) 595px,(max-width: 1399px) 810px, 945px\" width=\"945\" height=\"946.92857142857\" srcset=\"https:\/\/media.inmobalia.com\/imgV1\/B98Le8~d7Me8Ymh25g8UJ3ypDtZ8Y3FecBCLxExjtFW~kNtmDiPvo~DIQuVSZWz~B8cOgqypLAdfYgSonxMWAYCe1G2bVZhyATkTebpSl~gyQZ088fLkbrTTxe8bwiUgeP7QxPW~ces-.jpg 945w,https:\/\/media.inmobalia.com\/imgV1\/B98Le8~d7MvRbj7Vv7fDLn6_Ew7ABi8pUTpfr~FoJsmhwgR1h1fB8_lyN~udGsKWhjkcv9FMCryyiOTJ4s5b5CBLMQj0lyS6n1SsGYNIeLHVv~3v32Xn9kmnEgs70mtQJD4Qsrv2uao-.jpg 595w\" type=\"image\/webp\"><img decoding=\"async\" loading=\"lazy\" class=\"img-fluid wp-image-46807 size-full\" width=\"980\" height=\"982\" alt=\"Messina Restaurante Marbella\" src=\"https:\/\/media.inmobalia.com\/imgV1\/B98Le8~d7Me8YmhhhFsYM4czod~~P0fCuzkjRHefNZZlhRfNduPlI3aPbyA~VRE9VHhfPWX0FOyRrgTAdVTIEG~CGGWsdoFFarGMOETCHlRQySdKOx2RYA--.jpg\"><\/picture><figcaption id=\"caption-attachment-46807\" class=\"wp-caption-text\">Messina<\/figcaption><\/figure>\n<p>Situ\u00e9 \u00e0 quelques pas de la plage, Messina est le lieu o\u00f9 le chef argentin Mauricio Giovanini explore la cuisine m\u00e9diterran\u00e9enne contemporaine avec talent et originalit\u00e9. La star Michelin est bien m\u00e9rit\u00e9e, m\u00eame si l'atmosph\u00e8re reste d\u00e9tendue et l'accueil chaleureux et convivial. Nous vous recommandons de r\u00e9server une place \u00e0 la \u00ab table du chef \u00bb pour observer le ma\u00eetre \u00e0 l'\u0153uvre !<\/p>\n<p><strong>Site web:<\/strong> <a href=\"https:\/\/restaurantemessina.com\/\" target=\"_blank\" rel=\"noopener\">www.restaurantemessina.com<\/a><\/p>\n<h2 ><span class=\"position-absolute\" style=\"top: -120px\" id=\"restaurants+recommandes+par+michelin\"><\/span>Restaurants recommand\u00e9s par Michelin<\/h2>\n<h3 ><span class=\"position-absolute\" style=\"top: -120px\" id=\"kava+marbella\"><\/span>Kava, Marbella<\/h3>\n<p>Ce restaurant discret et ambitieux, qui ne compte que cinq tables, associe des produits locaux andalous \u00e0 des r\u00e9f\u00e9rences culinaires plus larges, le tout \u00e0 travers deux menus d\u00e9gustation de saison. L'approche est rigoureuse mais informelle, avec un accent mis chaque mois sur trois ingr\u00e9dients principaux. Des influences tha\u00eflandaises et indiennes apparaissent parfois, mais les fondements restent ancr\u00e9s dans la r\u00e9gion. L'\u00e9quipe fabrique ses propres produits ferment\u00e9s, \u00e9l\u00e8ve ses propres porcs ib\u00e9riques nourris aux glands \u00e0 S\u00e9ville et a obtenu une reconnaissance nationale en 2019 pour ce qui est peut-\u00eatre encore le meilleur cheesecake d'Espagne.<\/p>\n<p><strong>Site web:<\/strong> <a href=\"https:\/\/www.kavamarbella.com\/\" target=\"_blank\" rel=\"noopener\">www.kavamarbella.com<\/a><\/p>\n<picture><source sizes=\"(max-width: 575px) calc(100vw - 30px),(max-width: 767px) 510px,(max-width: 991px) 690px,(max-width: 1199px) 595px,(max-width: 1399px) 810px, 945px\" width=\"945\" height=\"630\" srcset=\"https:\/\/media.inmobalia.com\/imgV1\/B98Le8~d7Me8Ymh25g8UJ3ypDtZ8Y3FecBCLxExjtFW~kNtmDiPvo~DIQuVSZWz~B8cOgqypLAdfYgSonxMWAYCe1G2bVZhyATkTebpSl~gyQZ088fLkbrTTxenKpxi~TLuLYb1SLFZ357XCNHewqPWMlsydalI~.jpg 945w,https:\/\/media.inmobalia.com\/imgV1\/B98Le8~d7MvRbj7Vv7fDLn6_Ew7ABi8pUTpfr~FoJsmhwgR1h1fB8_lyN~udGsKWhjkcv9FMCryyiOTJ4s5b5CBLMQj0lyS6n1SsGYNIeLHVv~3v32Xn9kmnEg0w9My4XLUW9FM1FTbErhiN16xU42SedTVicTdA.jpg 595w\" type=\"image\/webp\"><img decoding=\"async\" loading=\"lazy\" class=\"size-full wp-image-43776 img-fluid\" width=\"1620\" height=\"1080\" alt=\"Kava Marbella\" src=\"https:\/\/media.inmobalia.com\/imgV1\/B98Le8~d7Me8YmhhhFsYM4czod~~P0fCuzkjRHefNZZlhRfNduPlI3aPbyA~VRE9VHhfPWX0FOyRrgTAdVTIEG~CGGWsdoFFarGMPphDnn139bZwIp~Acn3D3JRauAFiQBOd0dHe1r8-.jpg\"><\/picture>\n<h3 ><span class=\"position-absolute\" style=\"top: -120px\" id=\"areia+marbella\"><\/span>Areia, Marbella<\/h3>\n<p>\u00c0 quelques minutes du Golden Mile d'un c\u00f4t\u00e9 et de la plage et de la promenade maritime de l'autre, Areia propose une cuisine m\u00e9diterran\u00e9enne \u00e9quilibr\u00e9e et assur\u00e9e. L'accent est mis sur les produits de saison, avec une carte r\u00e9duite et un menu d\u00e9gustation qui \u00e9vite les effets th\u00e9\u00e2traux mais accorde une attention particuli\u00e8re aux d\u00e9tails. L'int\u00e9rieur est subtil et \u00e9l\u00e9gant, avec des textiles sur mesure et une atmosph\u00e8re calme qui se retrouve dans le service, particuli\u00e8rement attentionn\u00e9 et attentionn\u00e9. L'ambiance est d\u00e9tendue mais sophistiqu\u00e9e, et les habitu\u00e9s reviennent autant pour la qualit\u00e9 de la cuisine que pour l'accueil.<\/p>\n<p><strong>Site web:<\/strong> <a href=\"http:\/\/www.areia-marbella.com\" target=\"_blank\" rel=\"noopener\">www.areia-marbella.com<\/a><\/p>\n<figure id=\"attachment_46812\" aria-describedby=\"caption-attachment-46812\" style=\"width: 1080px\" class=\"wp-caption alignnone\"><picture><source sizes=\"(max-width: 575px) calc(100vw - 30px),(max-width: 767px) 510px,(max-width: 991px) 690px,(max-width: 1199px) 595px,(max-width: 1399px) 810px, 945px\" width=\"945\" height=\"945\" srcset=\"https:\/\/media.inmobalia.com\/imgV1\/B98Le8~d7Me8Ymh25g8UJ3ypDtZ8Y3FecBCLxExjtFW~kNtmDiPvo~DIQuVSZWz~B8cOgqypLAdfYgSonxMWAYCe1G2bVZhyATkTebpSl~gyQZ088fLkbrTTxePIIyC4t~HlRw--.jpg 945w,https:\/\/media.inmobalia.com\/imgV1\/B98Le8~d7MvRbj7Vv7fDLn6_Ew7ABi8pUTpfr~FoJsmhwgR1h1fB8_lyN~udGsKWhjkcv9FMCryyiOTJ4s5b5CBLMQj0lyS6n1SsGYNIeLHVv~3v32Xn9kmnEgff2VmwYU6idQ--.jpg 595w\" type=\"image\/webp\"><img decoding=\"async\" loading=\"lazy\" class=\"img-fluid wp-image-46812 size-full\" width=\"1080\" height=\"1080\" alt=\"areia restaurant marbella\" src=\"https:\/\/media.inmobalia.com\/imgV1\/B98Le8~d7Me8YmhhhFsYM4czod~~P0fCuzkjRHefNZZlhRfNduPlI3aPbyA~VRE9VHhfPWX0FOyRrgTAdVTIEG~CGGWsdoFFarGMNKIUvDj66T6W.jpg\"><\/picture><figcaption id=\"caption-attachment-46812\" class=\"wp-caption-text\">Areia<\/figcaption><\/figure>\n<h3 ><span class=\"position-absolute\" style=\"top: -120px\" id=\"candeal+marbella\"><\/span>Candeal, Marbella<\/h3>\n<p>Au c\u0153ur de la vieille ville de Marbella, le chef Pablo Rebollo cuisine dans le respect des traditions andalouses, en apportant une touche cr\u00e9ative sans perdre de vue les racines de la r\u00e9gion. Ses plats sont soigneusement \u00e9labor\u00e9s, pleins de saveurs et t\u00e9moignent toujours d'une r\u00e9elle compr\u00e9hension des ingr\u00e9dients. Ici, pas de chichis ni de fioritures, juste une cuisine honn\u00eate et bien faite, avec une constance qui incite les clients \u00e0 revenir.<\/p>\n<p><strong>Site web:<\/strong> <a href=\"http:\/\/www.restaurantecandeal.com\" target=\"_blank\" rel=\"noopener\">www.restaurantecandeal.com<\/a><\/p>\n<h3 ><span class=\"position-absolute\" style=\"top: -120px\" id=\"casa+eladio+marbella\"><\/span>Casa Eladio, Marbella<\/h3>\n<p>Casa Eladio fait partie de la sc\u00e8ne gastronomique locale depuis 1966 et est aujourd'hui dirig\u00e9 par le petit-fils du fondateur. Fort d'une exp\u00e9rience acquise dans certaines des meilleures cuisines d'Espagne, il apporte un regard neuf sur la cuisine andalouse tout en restant simple et authentique. L'accent est mis sur les saveurs m\u00e9diterran\u00e9ennes, servies dans un cadre d\u00e9tendu et convivial. Ce n'est pas un endroit pour les plats spectaculaires, mais pour des plats bien pr\u00e9par\u00e9s, \u00e9quilibr\u00e9s, g\u00e9n\u00e9reux et ancr\u00e9s dans la tradition locale. C'est le genre de restaurant o\u00f9 les habitants reviennent comme un \u00e9l\u00e9ment accueillant de leur vie quotidienne.<\/p>\n<p><strong>Site web:<\/strong> <a href=\"http:\/\/www.restaurantecasaeladio.com\" target=\"_blank\" rel=\"noopener\">www.restaurantecasaeladio.com<\/a><\/p>\n<h3 ><span class=\"position-absolute\" style=\"top: -120px\" id=\"takumi+marbella\"><\/span>TA\u2011KUMI, Marbella<\/h3>\n<picture><source sizes=\"(max-width: 575px) calc(100vw - 30px),(max-width: 767px) 510px,(max-width: 991px) 690px,(max-width: 1199px) 595px,(max-width: 1399px) 810px, 945px\" width=\"945\" height=\"1181.0769230769\" srcset=\"https:\/\/media.inmobalia.com\/imgV1\/B98Le8~d7Me8Ymh25g8UJ3ypDtZ8Y3FecBCLxExjtFW~kNtmDiPvo~DIQuVSZWz~B8cOgqypLAdfYgSonxMWAYCe1G2bVZhyATkTebpSl~gyQZ088fLkbrTTxfZgCLmUp895Eqw-.jpg 945w,https:\/\/media.inmobalia.com\/imgV1\/B98Le8~d7MvRbj7Vv7fDLn6_Ew7ABi8pUTpfr~FoJsmhwgR1h1fB8_lyN~udGsKWhjkcv9FMCryyiOTJ4s5b5CBLMQj0lyS6n1SsGYNIeLHVv~3v32Xn9kmnEhL4ItLZMbTlOrc-.jpg 595w\" type=\"image\/webp\"><img decoding=\"async\" loading=\"lazy\" class=\"alignnone size-full wp-image-46822 img-fluid\" width=\"1365\" height=\"1706\" src=\"https:\/\/media.inmobalia.com\/imgV1\/B98Le8~d7Me8YmhhhFsYM4czod~~P0fCuzkjRHefNZZlhRfNduPlI3aPbyA~VRE9VHhfPWX0FOyRrgTAdVTIEG~CGGWsdoFFarGMIUAEYBLYylJSdw--.jpg\"><\/picture>\n<p>Plus d\u00e9contract\u00e9 que Nintai, mais tout aussi soucieux de la qualit\u00e9, TA-KUMI propose une cuisine japonaise pr\u00e9par\u00e9e avec soin dans un cadre raffin\u00e9 mais sans pr\u00e9tention. La cuisine fait preuve d'un r\u00e9el savoir-faire et d'une grande constance, avec une attention particuli\u00e8re port\u00e9e aux d\u00e9tails qui transpara\u00eet dans chaque plat. C'est un endroit qui prend la cuisine au s\u00e9rieux, sans \u00eatre trop formel. Il est accueillant, fiable et tr\u00e8s appr\u00e9ci\u00e9 des amateurs de bonne cuisine japonaise.<\/p>\n<p><strong>Site web:<\/strong> <a href=\"https:\/\/www.restaurantetakumi.com\/takumi-marbella.html\" target=\"_blank\" rel=\"noopener\">www.restaurantetakumi.com<\/a><\/p>\n<h2 ><span class=\"position-absolute\" style=\"top: -120px\" id=\"a+ne+pas+manquer\"><\/span>\u00c0 ne pas manquer<\/h2>\n<h3 ><span class=\"position-absolute\" style=\"top: -120px\" id=\"motel+particulier\"><\/span>Motel Particulier<\/h3>\n<figure id=\"attachment_46832\" aria-describedby=\"caption-attachment-46832\" style=\"width: 960px\" class=\"wp-caption alignnone\"><picture><source sizes=\"(max-width: 575px) calc(100vw - 30px),(max-width: 767px) 510px,(max-width: 991px) 690px,(max-width: 1199px) 595px,(max-width: 1399px) 810px, 945px\" width=\"945\" height=\"1181.25\" srcset=\"https:\/\/media.inmobalia.com\/imgV1\/B98Le8~d7Me8Ymh25g8UJ3ypDtZ8Y3FecBCLxExjtFW~kNtmDiPvo~DIQuVSZWz~B8cOgqypLAdfYgSonxMWAYCe1G2bVZhyATkTebpSl~gyQZ088fLkbrTTxe8RM68frAd0awyPmVx7Nn9ivl9LKA--.jpg 945w,https:\/\/media.inmobalia.com\/imgV1\/B98Le8~d7MvRbj7Vv7fDLn6_Ew7ABi8pUTpfr~FoJsmhwgR1h1fB8_lyN~udGsKWhjkcv9FMCryyiOTJ4s5b5CBLMQj0lyS6n1SsGYNIeLHVv~3v32Xn9kmnEgsx9DtPO98zYuvQXjpOOQF1xp1dug--.jpg 595w\" type=\"image\/webp\"><img decoding=\"async\" loading=\"lazy\" class=\"img-fluid wp-image-46832 size-full\" width=\"960\" height=\"1200\" alt=\"Motel Particulier Marbella\" src=\"https:\/\/media.inmobalia.com\/imgV1\/B98Le8~d7Me8YmhhhFsYM4czod~~P0fCuzkjRHefNZZlhRfNduPlI3aPbyA~VRE9VHhfPWX0FOyRrgTAdVTIEG~CGGWsdoFFarGMOE5w7WguhCdpBrL~n_aBIWtFuJ7N.jpg\"><\/picture><figcaption id=\"caption-attachment-46832\" class=\"wp-caption-text\">Motel Particulier<\/figcaption><\/figure>\n<p><a href=\"https:\/\/www.dmproperties.com\/fr\/45496-aresbank-renouveau-symbole-marbella\">Le Motel Particulier<\/a> est l'une des nouvelles ouvertures les plus comment\u00e9es de Marbella. Il transforme le b\u00e2timent embl\u00e9matique de l'Aresbank sur la Golden Mile en une nouvelle destination audacieuse pour les restaurants et la vie nocturne. Soutenu par le Grupo Mosh et le groupe de Dani Garc\u00eda, et redessin\u00e9 par L\u00e1zaro Rosa-Viol\u00e1n, l'espace combine une architecture d'inspiration arabe et une \u00e9l\u00e9gance moderne sur 2 000 m\u00b2. Avec ses terrasses, ses salons, son piano-bar et ses espaces priv\u00e9s, c'est une exp\u00e9rience compl\u00e8te qui va bien au-del\u00e0 du d\u00eener. En cuisine, C\u00e9sar Alonso, ancien chef des restaurants de Gast\u00f3n Acurio, propose une carte d'influence internationale \u00e0 la hauteur de l'ambition du lieu. Plus qu'un simple restaurant, c'est un nouvel acteur majeur de la sc\u00e8ne gastronomique de Marbella.<\/p>\n<p><strong>Site web: <\/strong><a href=\"http:\/\/www.motelparticulier.com\/en\/\" target=\"_blank\" rel=\"noopener\">www.motelparticulier.com\/en\/<\/a><\/p>\n<h3 ><span class=\"position-absolute\" style=\"top: -120px\" id=\"brasserie+astoria+nueva+andalucia\"><\/span>Brasserie Astoria, Nueva Andaluc\u00eda<\/h3>\n<figure id=\"attachment_46964\" aria-describedby=\"caption-attachment-46964\" style=\"width: 2560px\" class=\"wp-caption alignnone\"><picture><source sizes=\"(max-width: 575px) calc(100vw - 30px),(max-width: 767px) 510px,(max-width: 991px) 690px,(max-width: 1199px) 595px,(max-width: 1399px) 810px, 945px\" width=\"945\" height=\"531.5625\" srcset=\"https:\/\/media.inmobalia.com\/imgV1\/B98Le8~d7Me8Ymh25g8UJ3ypDtZ8Y3FecBCLxExjtFW~kNtmDiPvo~DIQuVSZWz~B8cOgqypLAdfYgSonxMWAYCe1G2bVZhyATkTebpSl~gyQZ088fLkbrTTxeDu9QqQ~J8u4Gv0Qq~IT5dYLypv.jpg 945w,https:\/\/media.inmobalia.com\/imgV1\/B98Le8~d7MvRbj7Vv7fDLn6_Ew7ABi8pUTpfr~FoJsmhwgR1h1fB8_lyN~udGsKWhjkcv9FMCryyiOTJ4s5b5CBLMQj0lyS6n1SsGYNIeLHVv~3v32Xn9kmnEgRqT~QM50698oCLnX1inynDK2hK.jpg 595w\" type=\"image\/webp\"><img decoding=\"async\" loading=\"lazy\" class=\"img-fluid wp-image-46964 size-full\" width=\"2560\" height=\"1440\" alt=\"Brasserie Astoria Marbella\" src=\"https:\/\/media.inmobalia.com\/imgV1\/B98Le8~d7Me8YmhhhFsYM4czod~~P0fCuzkjRHefNZZlhRfNduPlI3aPbyA~VRE9VHhfPWX0FOyRrgTAdVTIEG~CGGWsdoFFarGMN1_GZWtt8Cj24dVMOCgxgpJlN~I-.jpg\"><\/picture><figcaption id=\"caption-attachment-46964\" class=\"wp-caption-text\">Brasserie Astoria<\/figcaption><\/figure>\n<p>La Brasserie Astoria, qui a d\u00e9j\u00e0 ouvert avec succ\u00e8s \u00e0 Stockholm et \u00e0 Singapour, propose d\u00e9sormais son concept de brasserie internationale \u00e0 Marbella. Situ\u00e9e dans le quartier de Nueva Andaluc\u00eda, elle allie un service raffin\u00e9 \u00e0 une atmosph\u00e8re d\u00e9tendue et accueillante. La carte est tr\u00e8s vari\u00e9e, et certains plats sont pr\u00e9par\u00e9s \u00e0 table \u00e0 partir d'\u00e9l\u00e9gants chariots de service, ajoutant une touche th\u00e9\u00e2trale \u00e0 l'exp\u00e9rience. Avec sa terrasse spacieuse, sa salle \u00e0 manger priv\u00e9e et ses bars int\u00e9rieur et ext\u00e9rieur proposant une carte de cocktails incontournable, Astoria offre un \u00e9quilibre parfait entre sophistication et confort.<\/p>\n<p><strong>Site web: <\/strong><a href=\"http:\/\/www.brasserieastoria.es\" target=\"_blank\" rel=\"noopener\">www.brasserieastoria.es<\/a><\/p>\n<h3 ><span class=\"position-absolute\" style=\"top: -120px\" id=\"lobito+de+mar\"><\/span>Lobito de Mar<\/h3>\n<figure id=\"attachment_43765\" aria-describedby=\"caption-attachment-43765\" style=\"width: 1800px\" class=\"wp-caption alignnone\"><picture><source sizes=\"(max-width: 575px) calc(100vw - 30px),(max-width: 767px) 510px,(max-width: 991px) 690px,(max-width: 1199px) 595px,(max-width: 1399px) 810px, 945px\" width=\"945\" height=\"531.825\" srcset=\"https:\/\/media.inmobalia.com\/imgV1\/B98Le8~d7Me8Ymh25g8UJ3ypDtZ8Y3FecBCLxExjtFW~kNtmDiPvo~DIQuVSZWz~B8cOgqypLAdfYgSonxMWAYCe1G2bVZhyATkTebpSl~gyQZ088fLkbrTTxe6W6_E_qi_wHFuA1_glkFnS.jpg 945w,https:\/\/media.inmobalia.com\/imgV1\/B98Le8~d7MvRbj7Vv7fDLn6_Ew7ABi8pUTpfr~FoJsmhwgR1h1fB8_lyN~udGsKWhjkcv9FMCryyiOTJ4s5b5CBLMQj0lyS6n1SsGYNIeLHVv~3v32Xn9kmnEgpQzQ5Jgv16fdBbfSsZ~iV6.jpg 595w\" type=\"image\/webp\"><img decoding=\"async\" loading=\"lazy\" class=\"size-full wp-image-43765 img-fluid\" width=\"1800\" height=\"1013\" alt=\"Lobito de Mar Dani Garcia\" src=\"https:\/\/media.inmobalia.com\/imgV1\/B98Le8~d7Me8YmhhhFsYM4czod~~P0fCuzkjRHefNZZlhRfNduPlI3aPbyA~VRE9VHhfPWX0FOyRrgTAdVTIEG~CGGWsdoFFarGMOWQvaz_DORriTjChQkk2Vo0-.jpg\"><\/picture><figcaption id=\"caption-attachment-43765\" class=\"wp-caption-text\">Lobito de Mar Dani Garcia<\/figcaption><\/figure>\n<p>Lobito de Mar, un concept du c\u00e9l\u00e8bre chef Dani Garc\u00eda, met l'accent sur les fruits de mer aux saveurs andalouses les plus fra\u00eeches. L'atmosph\u00e8re accueillante et sophistiqu\u00e9e ainsi que les plats de grande qualit\u00e9 en font un choix tr\u00e8s appr\u00e9ci\u00e9 des habitants et des visiteurs.<\/p>\n<p><strong>Site web:<\/strong><a href=\"http:\/\/www.lobitodemar.com\" target=\"_blank\" rel=\"noopener\">www.lobitodemar.com<\/a><\/p>\n<h3 ><span class=\"position-absolute\" style=\"top: -120px\" id=\"florentine+golden+mile+marbella\"><\/span>Florentine, Golden Mile, Marbella<\/h3>\n<figure id=\"attachment_46903\" aria-describedby=\"caption-attachment-46903\" style=\"width: 1920px\" class=\"wp-caption alignnone\"><picture><source sizes=\"(max-width: 575px) calc(100vw - 30px),(max-width: 767px) 510px,(max-width: 991px) 690px,(max-width: 1199px) 595px,(max-width: 1399px) 810px, 945px\" width=\"945\" height=\"630\" srcset=\"https:\/\/media.inmobalia.com\/imgV1\/B98Le8~d7Me8Ymh25g8UJ3ypDtZ8Y3FecBCLxExjtFW~kNtmDiPvo~DIQuVSZWz~B8cOgqypLAdfYgSonxMWAYCe1G2bVZhyATkTebpSl~gyQZ088fLkbrTTxeR80k8NuHCICDCGkDNO.jpg 945w,https:\/\/media.inmobalia.com\/imgV1\/B98Le8~d7MvRbj7Vv7fDLn6_Ew7ABi8pUTpfr~FoJsmhwgR1h1fB8_lyN~udGsKWhjkcv9FMCryyiOTJ4s5b5CBLMQj0lyS6n1SsGYNIeLHVv~3v32Xn9kmnEgBFaV4tVl~P4F14T9Ii.jpg 595w\" type=\"image\/webp\"><img decoding=\"async\" loading=\"lazy\" class=\"img-fluid wp-image-46903 size-full\" width=\"1920\" height=\"1280\" alt=\"Florentine Marbella\" src=\"https:\/\/media.inmobalia.com\/imgV1\/B98Le8~d7Me8YmhhhFsYM4czod~~P0fCuzkjRHefNZZlhRfNduPlI3aPbyA~VRE9VHhfPWX0FOyRrgTAdVTIEG~CGGWsdoFFarGMM8B2srP0jrp_OEPJLxU-.jpg\"><\/picture><figcaption id=\"caption-attachment-46903\" class=\"wp-caption-text\">Florentine<\/figcaption><\/figure>\n<p>Ce restaurant \u00e0 couper le souffle, situ\u00e9 dans le Forum Marbella, est con\u00e7u pour transporter les convives dans la Florence des ann\u00e9es 70, avec ses lampes de Murano et ses murs recouverts de mosa\u00efques en miroir. Le restaurant est autant une exp\u00e9rience qu'un repas, avec des DJ aux platines et des chanteurs ou saxophonistes qui enchantent les clients. La cuisine n'est toutefois pas en reste, avec des plats italiens classiques revisit\u00e9s dans un style moderne qui occupent le devant de la sc\u00e8ne.<\/p>\n<p><strong>Site web: <\/strong><a href=\"http:\/\/www.en.florentinerestaurants.com\/marbella\" target=\"_blank\" rel=\"noopener\">www.en.florentinerestaurants.com\/marbella<\/a><\/p>\n<h3 ><span class=\"position-absolute\" style=\"top: -120px\" id=\"alba+by+serafina+golden+mile+marbella\"><\/span>ALBA by\u202fSerafina, Golden Mile, Marbella<\/h3>\n<picture><source sizes=\"(max-width: 575px) calc(100vw - 30px),(max-width: 767px) 510px,(max-width: 991px) 690px,(max-width: 1199px) 595px,(max-width: 1399px) 810px, 945px\" width=\"945\" height=\"630\" srcset=\"https:\/\/media.inmobalia.com\/imgV1\/B98Le8~d7Me8Ymh25g8UJ3ypDtZ8Y3FecBCLxExjtFW~kNtmDiPvo~DIQuVSZWz~B8cOgqypLAdfYgSonxMWAYCe1G2bVZhyATkTebpSl~gyQZ088fLkbrTTxfHwM5cyqZQE6WiaM~g-.webp 945w,https:\/\/media.inmobalia.com\/imgV1\/B98Le8~d7MvRbj7Vv7fDLn6_Ew7ABi8pUTpfr~FoJsmhwgR1h1fB8_lyN~udGsKWhjkcv9FMCryyiOTJ4s5b5CBLMQj0lyS6n1SsGYNIeLHVv~3v32Xn9kmnEhWCYrt9rUuhgglZbiQ-.webp 595w\" type=\"image\/webp\"><img decoding=\"async\" loading=\"lazy\" class=\"alignnone size-full wp-image-46898 img-fluid\" width=\"945\" height=\"630\" src=\"https:\/\/media.inmobalia.com\/imgV1\/B98Le8~d7Me8YmhhhFsYM4czod~~P0fCuzkjRHefNZZlhRfNduPlI3aPbyA~VRE9VHhfPWX0FOyRrgTAdVTIEG~CGGWsdoFFarGMJqcpkWO2gbj7Ja94ng--.webp\"><\/picture>\n<p>Restaurant charmant nich\u00e9 derri\u00e8re des terrasses mur\u00e9es, ALBA est un restaurant italien moderne \u00e0 l'ambiance calme et d\u00e9contract\u00e9e. La v\u00e9randa r\u00e9tractable en fait un endroit attrayant pour d\u00eener en plein air, que ce soit pour un d\u00e9jeuner tranquille ou un d\u00eener sous les \u00e9toiles. La cuisine met l'accent sur les saveurs italiennes de saison : pizzas artisanales, excellents plats de p\u00e2tes et carte des vins courte mais bien choisie. L'endroit est \u00e9l\u00e9gant sans \u00eatre pr\u00e9tentieux, et l'atmosph\u00e8re vous donne envie de vous installer et de rester un moment.<\/p>\n<p><strong>Site web:<\/strong> <a href=\"http:\/\/www.albarestaurantmarbella.com\" target=\"_blank\" rel=\"noopener\">www.albarestaurantmarbella.com<\/a><\/p>\n<h3 ><span class=\"position-absolute\" style=\"top: -120px\" id=\"nota+blu+new+brasserie+vieille+ville+de+marbella\"><\/span>Nota Blu New Brasserie, vieille ville de Marbella<\/h3>\n<figure id=\"attachment_46908\" aria-describedby=\"caption-attachment-46908\" style=\"width: 1400px\" class=\"wp-caption alignnone\"><picture><source sizes=\"(max-width: 575px) calc(100vw - 30px),(max-width: 767px) 510px,(max-width: 991px) 690px,(max-width: 1199px) 595px,(max-width: 1399px) 810px, 945px\" width=\"945\" height=\"625.05\" srcset=\"https:\/\/media.inmobalia.com\/imgV1\/B98Le8~d7Me8Ymh25g8UJ3ypDtZ8Y3FecBCLxExjtFW~kNtmDiPvo~DIQuVSZWz~B8cOgqypLAdfYgSonxMWAYCe1G2bVZhyATkTebpSl~gyQZ088fLkbrTTxbLxA1cuzlgCugDEmie7mwXcXhALgCz94jP5g1sjFnTqa5G6BkoHqoRyhqxQ2HPaIw0Mx0VhAvPKUuexGUJhiRcqa5m2QK0I~qPGg8t4.jpg 945w,https:\/\/media.inmobalia.com\/imgV1\/B98Le8~d7MvRbj7Vv7fDLn6_Ew7ABi8pUTpfr~FoJsmhwgR1h1fB8_lyN~udGsKWhjkcv9FMCryyiOTJ4s5b5CBLMQj0lyS6n1SsGYNIeLHVv~3v32Xn9kmnElZNX~PINrAyHWN8Xnk5wBRAOHjXIgkcOL6HfiUQNSMtPaYhVb~FmWuYdC9rVrxutNnKPs98Bqnuqfd7TWSY0_lvnx4pZBtJM9yhJ8YE.jpg 595w\" type=\"image\/webp\"><img decoding=\"async\" loading=\"lazy\" class=\"img-fluid wp-image-46908 size-full\" width=\"1400\" height=\"926\" alt=\"Nota Blu Marbella Old Town\" src=\"https:\/\/media.inmobalia.com\/imgV1\/B98Le8~d7Me8YmhhhFsYM4czod~~P0fCuzkjRHefNZZlhRfNduPlI3aPbyA~VRE9VHhfPWX0FOyRrgTAdVTIEG~CGGWsdoFFarGMZbQm1jyGqgbLnw~_8vcEjrew0sbeQHpQzxzxfgXzC6gudG1VtI8XObZ~y39qa8o_GJy8s5lHcBa661QtypH9O5n9yue3Ck9kla6CMyE-.jpg\"><\/picture><figcaption id=\"caption-attachment-46908\" class=\"wp-caption-text\">Nota Blu<\/figcaption><\/figure>\n<p>L'un des restaurants les plus r\u00e9put\u00e9s du groupe Casanis \u00e0 Marbella, Nota Blu tire son nom de la \u00ab note bleue \u00bb du jazz. L'espace d\u00e9gage un glamour old school, avec de la musique jazz et des touches \u00e9l\u00e9gantes partout, tout en restant chaleureux et accueillant. Le chef Fabi\u00e1n Cangas sert des plats traditionnels avec une touche m\u00e9diterran\u00e9enne. La carte propose tout, des fruits de mer frais aux plats de viande et de p\u00e2tes, ainsi que des d\u00eeners priv\u00e9s dans le cadre intime de la cave \u00e0 vin, entour\u00e9e de 3 000 bouteilles de vin et de champagne.<\/p>\n<p><strong>Site web:<\/strong> <a href=\"https:\/\/notablu.com\/es\/restaurante-en-marbella\/\" target=\"_blank\" rel=\"noopener\">www.notablu.com<\/a><\/p>\n<h3 ><span class=\"position-absolute\" style=\"top: -120px\" id=\"boho+club+golden+mile+marbella\"><\/span>Boho Club, Golden Mile, Marbella<\/h3>\n<picture><source sizes=\"(max-width: 575px) calc(100vw - 30px),(max-width: 767px) 510px,(max-width: 991px) 690px,(max-width: 1199px) 595px,(max-width: 1399px) 810px, 945px\" width=\"945\" height=\"629.748\" srcset=\"https:\/\/media.inmobalia.com\/imgV1\/B98Le8~d7Me8Ymh25g8UJ3ypDtZ8Y3FecBCLxExjtFW~kNtmDiPvo~DIQuVSZWz~B8cOgqypLAdfYgSonxMWAYCe1G2bVZhyATkTebpSl~gyQZ088fLkbrTTxeDzeoX9VhbTo67TRmo-.jpg 945w,https:\/\/media.inmobalia.com\/imgV1\/B98Le8~d7MvRbj7Vv7fDLn6_Ew7ABi8pUTpfr~FoJsmhwgR1h1fB8_lyN~udGsKWhjkcv9FMCryyiOTJ4s5b5CBLMQj0lyS6n1SsGYNIeLHVv~3v32Xn9kmnEgR3JsQQBYcXzoXnUkU-.jpg 595w\" type=\"image\/webp\"><img decoding=\"async\" loading=\"lazy\" class=\"alignnone size-full wp-image-46913 img-fluid\" width=\"1250\" height=\"833\" src=\"https:\/\/media.inmobalia.com\/imgV1\/B98Le8~d7Me8YmhhhFsYM4czod~~P0fCuzkjRHefNZZlhRfNduPlI3aPbyA~VRE9VHhfPWX0FOyRrgTAdVTIEG~CGGWsdoFFarGMN0KAMtLPnym_ZHtq9g--.jpg\"><\/picture>\n<p>Ce domaine cach\u00e9 se trouve sur le c\u00e9l\u00e8bre Golden Mile de Marbella, mais offre un cadre id\u00e9al pour se d\u00e9tendre et se faire dorloter. \u00c0 la fois centre de bien-\u00eatre, h\u00f4tel-boutique et restaurant haut de gamme, il propose un menu cr\u00e9atif \u00e9labor\u00e9 par le chef \u00e9toil\u00e9 Diego del Rio, qui compose un menu \u00e0 la carte ou un impressionnant menu d\u00e9gustation, compl\u00e9t\u00e9 par un bar et des soins de bien-\u00eatre. Si vous avez la chance de s\u00e9journer \u00e0 l'h\u00f4tel, ne manquez pas de go\u00fbter le \u00ab meilleur petit-d\u00e9jeuner d'h\u00f4tel d'Espagne \u00bb, r\u00e9cemment r\u00e9compens\u00e9.<\/p>\n<p><strong>Site web: <\/strong><a href=\"http:\/\/www.bohoclub.com\" target=\"_blank\" rel=\"noopener\">www.bohoclub.com<\/a><\/p>\n<h3 ><span class=\"position-absolute\" style=\"top: -120px\" id=\"casanis+bistrot+vieille+ville+de+marbella\"><\/span>Casanis Bistrot, vieille ville de Marbella<\/h3>\n<figure id=\"attachment_46929\" aria-describedby=\"caption-attachment-46929\" style=\"width: 980px\" class=\"wp-caption alignnone\"><picture><source sizes=\"(max-width: 575px) calc(100vw - 30px),(max-width: 767px) 510px,(max-width: 991px) 690px,(max-width: 1199px) 595px,(max-width: 1399px) 810px, 945px\" width=\"945\" height=\"629.67857142857\" srcset=\"https:\/\/media.inmobalia.com\/imgV1\/B98Le8~d7Me8Ymh25g8UJ3ypDtZ8Y3FecBCLxExjtFW~kNtmDiPvo~DIQuVSZWz~B8cOgqypLAdfYgSonxMWAYCe1G2bVZhyATkTebpSl~gyQZ088fLkbrTTxeED2CgyMHd1DkSM.jpg 945w,https:\/\/media.inmobalia.com\/imgV1\/B98Le8~d7MvRbj7Vv7fDLn6_Ew7ABi8pUTpfr~FoJsmhwgR1h1fB8_lyN~udGsKWhjkcv9FMCryyiOTJ4s5b5CBLMQj0lyS6n1SsGYNIeLHVv~3v32Xn9kmnEgUcLegKF07n~JrU.jpg 595w\" type=\"image\/webp\"><img decoding=\"async\" loading=\"lazy\" class=\"img-fluid wp-image-46929 size-full\" width=\"980\" height=\"653\" alt=\"Casanis Bistrot Marbella\" src=\"https:\/\/media.inmobalia.com\/imgV1\/B98Le8~d7Me8YmhhhFsYM4czod~~P0fCuzkjRHefNZZlhRfNduPlI3aPbyA~VRE9VHhfPWX0FOyRrgTAdVTIEG~CGGWsdoFFarGMNn4dCTDlKAWZD2Q-.jpg\"><\/picture><figcaption id=\"caption-attachment-46929\" class=\"wp-caption-text\">Casanis Bistrot<\/figcaption><\/figure>\n<p>Fabian Cangas est aux commandes de ce restaurant tr\u00e8s appr\u00e9ci\u00e9 de la vieille ville de Marbella, qui propose une cuisine m\u00e9diterran\u00e9enne aux influences fran\u00e7aises et belges. De l'ambiance \u00e0 la cuisine enti\u00e8rement biologique qui propose des produits directement de la ferme \u00e0 l'assiette, c'est l'endroit id\u00e9al pour un d\u00eener romantique ou une f\u00eate de famille.<\/p>\n<p><strong>Site web: <\/strong><a href=\"http:\/\/www.casanisbistrot.com\" target=\"_blank\" rel=\"noopener\">www.casanisbistrot.com<\/a><\/p>\n<h3 ><span class=\"position-absolute\" style=\"top: -120px\" id=\"occo+nueva+andalucia+marbella\"><\/span>Occo, Nueva Andaluc\u00eda, Marbella<\/h3>\n<figure id=\"attachment_46923\" aria-describedby=\"caption-attachment-46923\" style=\"width: 1440px\" class=\"wp-caption alignnone\"><picture><source sizes=\"(max-width: 575px) calc(100vw - 30px),(max-width: 767px) 510px,(max-width: 991px) 690px,(max-width: 1199px) 595px,(max-width: 1399px) 810px, 945px\" width=\"945\" height=\"1180.59375\" srcset=\"https:\/\/media.inmobalia.com\/imgV1\/B98Le8~d7Me8Ymh25g8UJ3ypDtZ8Y3FecBCLxExjtFW~kNtmDiPvo~DIQuVSZWz~B8cOgqypLAdfYgSonxMWAYCe1G2bVZhyATkTebpSl~gyQZ088fLkbrTTxe0UiMHQ9yZD.jpg 945w,https:\/\/media.inmobalia.com\/imgV1\/B98Le8~d7MvRbj7Vv7fDLn6_Ew7ABi8pUTpfr~FoJsmhwgR1h1fB8_lyN~udGsKWhjkcv9FMCryyiOTJ4s5b5CBLMQj0lyS6n1SsGYNIeLHVv~3v32Xn9kmnEgkak8MtROkd.jpg 595w\" type=\"image\/webp\"><img decoding=\"async\" loading=\"lazy\" class=\"img-fluid wp-image-46923 size-full\" width=\"1440\" height=\"1799\" alt=\"Occo Marbella\" src=\"https:\/\/media.inmobalia.com\/imgV1\/B98Le8~d7Me8YmhhhFsYM4czod~~P0fCuzkjRHefNZZlhRfNduPlI3aPbyA~VRE9VHhfPWX0FOyRrgTAdVTIEG~CGGWsdoFFarGMOvAHjwkVxGc-.jpg\"><\/picture><figcaption id=\"caption-attachment-46923\" class=\"wp-caption-text\">Occo Marbella<\/figcaption><\/figure>\n<p>Avec sa cuisine libanaise traditionnelle revisit\u00e9e, cet \u00e9tablissement \u00e9l\u00e9gant surfe sur la vague tendance de la cuisine du Moyen-Orient. Ajoutez \u00e0 cela des cocktails maison, de la musique et des soir\u00e9es anim\u00e9es, ainsi qu'un service irr\u00e9prochable, et vous obtenez un restaurant qui ne manquera pas de devenir l'un de vos pr\u00e9f\u00e9r\u00e9s.<\/p>\n<p><strong>Site web:<\/strong><a href=\"http:\/\/www.occomarbella.com\" target=\"_blank\" rel=\"noopener\"> www.occomarbella.com<\/a><\/p>\n<h3 ><span class=\"position-absolute\" style=\"top: -120px\" id=\"breathe+nueva+andalucia+marbella\"><\/span>Breathe, Nueva Andaluc\u00eda, Marbella<\/h3>\n<figure id=\"attachment_46934\" aria-describedby=\"caption-attachment-46934\" style=\"width: 2000px\" class=\"wp-caption alignnone\"><picture><source sizes=\"(max-width: 575px) calc(100vw - 30px),(max-width: 767px) 510px,(max-width: 991px) 690px,(max-width: 1199px) 595px,(max-width: 1399px) 810px, 945px\" width=\"945\" height=\"567\" srcset=\"https:\/\/media.inmobalia.com\/imgV1\/B98Le8~d7Me8Ymh25g8UJ3ypDtZ8Y3FecBCLxExjtFW~kNtmDiPvo~DIQuVSZWz~B8cOgqypLAdfYgSonxMWAYCe1G2bVZhyATkTebpSl~gyQZ088fLkbrTTxeDu8ZlRbaZkQ0as.jpg 945w,https:\/\/media.inmobalia.com\/imgV1\/B98Le8~d7MvRbj7Vv7fDLn6_Ew7ABi8pUTpfr~FoJsmhwgR1h1fB8_lyN~udGsKWhjkcv9FMCryyiOTJ4s5b5CBLMQj0lyS6n1SsGYNIeLHVv~3v32Xn9kmnEgRqS3A4CcXRm2cs.jpg 595w\" type=\"image\/webp\"><img decoding=\"async\" loading=\"lazy\" class=\"img-fluid wp-image-46934 size-full\" width=\"2000\" height=\"1200\" alt=\"Breathe, Nueva Andaluc\u00eda, Marbella\" src=\"https:\/\/media.inmobalia.com\/imgV1\/B98Le8~d7Me8YmhhhFsYM4czod~~P0fCuzkjRHefNZZlhRfNduPlI3aPbyA~VRE9VHhfPWX0FOyRrgTAdVTIEG~CGGWsdoFFarGMN1_CS4am8Rh89UM-.jpg\"><\/picture><figcaption id=\"caption-attachment-46934\" class=\"wp-caption-text\">Breathe,<\/figcaption><\/figure>\n<p>Breathe est un restaurant tr\u00e8s appr\u00e9ci\u00e9 des habitants, situ\u00e9 \u00e0 quelques minutes \u00e0 pied des yachts et des supercars de Puerto Ban\u00fas. \u00c0 la fois restaurant, bar et jardin, il est con\u00e7u autour des \u00e9l\u00e9ments (la terre, le feu, l'air et l'eau) et propose un menu \u00e9clectique et vari\u00e9, allant des viandes grill\u00e9es aux plats v\u00e9g\u00e9tariens, ainsi qu'un bar \u00e0 sushis pour ceux qui souhaitent manger plus l\u00e9ger. \u00c9l\u00e9gant mais d\u00e9contract\u00e9, c'est un choix tr\u00e8s pris\u00e9 pour tous les moments de la journ\u00e9e, du brunch aux cocktails tardifs.<\/p>\n<p><strong>Site web:<\/strong> <a href=\"http:\/\/www.breatherestaurant.life\" target=\"_blank\" rel=\"noopener\">www.breatherestaurant.life<\/a><\/p>\n<h3 ><span class=\"position-absolute\" style=\"top: -120px\" id=\"mamzel+golden+mile+marbella\"><\/span>Mamzel, Golden Mile, Marbella<\/h3>\n<picture><source sizes=\"(max-width: 575px) calc(100vw - 30px),(max-width: 767px) 510px,(max-width: 991px) 690px,(max-width: 1199px) 595px,(max-width: 1399px) 810px, 945px\" width=\"902\" height=\"877\" srcset=\"https:\/\/media.inmobalia.com\/imgV1\/B98Le8~d7Me4wK2sa0wvEnxXIYadyjWpJatinn5RzM0F~ZofH4qxjuLEI2FdkDIeqsvZ7tuWMHKzVSahEWdDw1yATC_A_3eaIBMSAlTCnP14d8xZDlx3R3HadvO8qedqqACsUM4-.jpg 902w,https:\/\/media.inmobalia.com\/imgV1\/B98Le8~d7MvRbj7Vv7fDLn6_Ew7ABi8pUTpfr~FoJsmhwgR1h1fB8_lyN~udGsKWhjkcv9FMCryyiOTJ4s5b5CBLMQj0lyS6n1SsGYNIeLHVv~3v32Xn9kmnEgs~52HDuZxh8_E-.jpg 595w\" type=\"image\/webp\"><img decoding=\"async\" loading=\"lazy\" class=\"alignnone size-full wp-image-46944 img-fluid\" width=\"902\" height=\"877\" src=\"https:\/\/media.inmobalia.com\/imgV1\/B98Le8~d7Me4wK27TpykTfjwMY7Pqg20vW8zYtltK0AEOZ9wBv9h7BBr6ZWXWvPM4E4ogxElKnm1slxqRbbbJwRJVq3W~22jV~1NXq1sab6Upb_q~A--.jpg\"><\/picture>\n<p>Mamzel est devenu un incontournable pour les habitants de Marbella \u00e0 la recherche d'une soir\u00e9e qui sort de l'ordinaire. Son d\u00eener-spectacle haut de gamme, pr\u00e9sent\u00e9 tous les soirs, est raffin\u00e9 et met en sc\u00e8ne une troupe de danseurs, de chanteurs et d'acrobates extr\u00eamement talentueux qui offrent une soir\u00e9e de divertissement \u00e0 360\u00b0. Le menu est moderne et all\u00e9chant, m\u00e9diterran\u00e9en avec une touche d'influences fran\u00e7aises et argentines qui garantit de satisfaire tous les go\u00fbts.<\/p>\n<p><strong>Site web:<\/strong> <a href=\"http:\/\/www.mamzelmarbella.com\" target=\"_blank\" rel=\"noopener\">www.mamzelmarbella.com<\/a><\/p>\n<h3 ><span class=\"position-absolute\" style=\"top: -120px\" id=\"1111+societe+marbella\"><\/span>11:11 Societ\u00e9, Marbella<\/h3>\n<figure id=\"attachment_46949\" aria-describedby=\"caption-attachment-46949\" style=\"width: 1440px\" class=\"wp-caption alignnone\"><picture><source sizes=\"(max-width: 575px) calc(100vw - 30px),(max-width: 767px) 510px,(max-width: 991px) 690px,(max-width: 1199px) 595px,(max-width: 1399px) 810px, 945px\" width=\"945\" height=\"1181.25\" srcset=\"https:\/\/media.inmobalia.com\/imgV1\/B98Le8~d7Me8Ymh25g8UJ3ypDtZ8Y3FecBCLxExjtFW~kNtmDiPvo~DIQuVSZWz~B8cOgqypLAdfYgSonxMWAYCe1G2bVZhyATkTebpSl~gyQZ088fLkbrTTxfH6GbwaaS3CVKtt.jpg 945w,https:\/\/media.inmobalia.com\/imgV1\/B98Le8~d7MvRbj7Vv7fDLn6_Ew7ABi8pUTpfr~FoJsmhwgR1h1fB8_lyN~udGsKWhjkcv9FMCryyiOTJ4s5b5CBLMQj0lyS6n1SsGYNIeLHVv~3v32Xn9kmnEhWIY5ITW7VIT1Lb.jpg 595w\" type=\"image\/webp\"><img decoding=\"async\" loading=\"lazy\" class=\"img-fluid wp-image-46949 size-full\" width=\"1440\" height=\"1800\" alt=\"11:11 Societ\u00e9, Marbella\" src=\"https:\/\/media.inmobalia.com\/imgV1\/B98Le8~d7Me8YmhhhFsYM4czod~~P0fCuzkjRHefNZZlhRfNduPlI3aPbyA~VRE9VHhfPWX0FOyRrgTAdVTIEG~CGGWsdoFFarGMJq0NU7u8X6CCB84-.jpg\"><\/picture><figcaption id=\"caption-attachment-46949\" class=\"wp-caption-text\">11:11 Societ\u00e9,<\/figcaption><\/figure>\n<p>Concept unique, le 11:11 Societ\u00e9 associe la cuisine du Moyen-Orient aux classiques mexicains pour cr\u00e9er une combinaison improbable mais d\u00e9licieuse qui fonctionne \u00e0 merveille. De son int\u00e9rieur \u00e9l\u00e9gant aux \u00e9v\u00e9nements soigneusement organis\u00e9s qui allient divertissement et exp\u00e9rience culinaire inoubliable, c'est l'un des endroits pr\u00e9f\u00e9r\u00e9s des trendsetters de Marbella.<\/p>\n<p><strong>Site web: <\/strong><a href=\"http:\/\/www.1111societe.com\" target=\"_blank\" rel=\"noopener\">www.1111societe.com<\/a><\/p>\n<h3 ><span class=\"position-absolute\" style=\"top: -120px\" id=\"roostiq+marbella\"><\/span>Roostiq, Marbella<\/h3>\n<figure id=\"attachment_46959\" aria-describedby=\"caption-attachment-46959\" style=\"width: 800px\" class=\"wp-caption alignnone\"><picture><source sizes=\"(max-width: 575px) calc(100vw - 30px),(max-width: 767px) 510px,(max-width: 991px) 690px,(max-width: 1199px) 595px,(max-width: 1399px) 810px, 945px\" width=\"800\" height=\"533\" srcset=\"https:\/\/media.inmobalia.com\/imgV1\/B98Le8~d7MYGjAUmcDR12LQ3jbrzujFKDkaw7AESYPQGgZOn4ngyYlQ9SqKdxVL42Gr3QK9ghcrhn1OwS_MXFbtNYYTmVxrt~pkx40rYw0aHL9TC_7UXIs61W9WiacPwTAIV_zSTpnmHCOR1rra~t~s1RmmqXwi~wo1mAGnDCM~dLorPVGPnlgJHCIO17fw-.jpg 800w,https:\/\/media.inmobalia.com\/imgV1\/B98Le8~d7MvRbj7Vv7fDLn6_Ew7ABi8pUTpfr~FoJsmhwgR1h1fB8_lyN~udGsKWhjkcv9FMCryyiOTJ4s5b5CBLMQj0lyS6n1SsGYNIeLHVv~3v32Xn9kmnEgfey1ogHO7Fqrr2j19Uhi17oS~w5YqocVTPZNW53V57NhK9DYgkraTL_eBrEdTSiOzLNJQ-.jpg 595w\" type=\"image\/webp\"><img decoding=\"async\" loading=\"lazy\" class=\"img-fluid wp-image-46959 size-full\" width=\"800\" height=\"533\" alt=\"Roostiq Marbella\" src=\"https:\/\/media.inmobalia.com\/imgV1\/B98Le8~d7MYGjAUxlKlMKS0UVzs35HG8HZbu79DA18kKB0NZOunPejymJWMp4_XuUccbVtTVpPaxjr57~CV3qbHlOFvr19NDki4qT5Ah1YpV5m76vOqxWVMhSxRlwbkXClW7i8FBayAIihfEE8_YBUqQXEpSii3cL2Sd4d5Iqg--.jpg\"><\/picture><figcaption id=\"caption-attachment-46959\" class=\"wp-caption-text\">Roostiq Marbella<\/figcaption><\/figure>\n<p>Important la philosophie madril\u00e8ne \u00ab de la ferme \u00e0 la table \u00bb \u00e0 Marbella, Roostiq propose une cuisine espagnole rustique avec une touche moderne. Chaque bouch\u00e9e est cultiv\u00e9e dans leur propre ferme biologique et biodynamique, des tomates aux poireaux, en passant par les porcs et les poulets, ce qui garantit le soin apport\u00e9 aux produits et leur qualit\u00e9. L'ambiance attrayante et sophistiqu\u00e9e attire les \u00e9picuriens qui appr\u00e9cient les bonnes choses de la vie.<\/p>\n<p><strong>Site web: <\/strong><a href=\"http:\/\/www.marbella.roostiq.com\" target=\"_blank\" rel=\"noopener\">www.marbella.roostiq.com<\/a><\/p>\n<h3 ><span class=\"position-absolute\" style=\"top: -120px\" id=\"isola+ristorante+italiano+mett+hotel+amp+beach+resort+estepona\"><\/span>Isola Ristorante Italiano, METT Hotel &amp; Beach Resort, Estepona<\/h3>\n<figure id=\"attachment_47019\" aria-describedby=\"caption-attachment-47019\" style=\"width: 1024px\" class=\"wp-caption alignnone\"><picture><source sizes=\"(max-width: 575px) calc(100vw - 30px),(max-width: 767px) 510px,(max-width: 991px) 690px,(max-width: 1199px) 595px,(max-width: 1399px) 810px, 945px\" width=\"945\" height=\"630.3076171875\" srcset=\"https:\/\/media.inmobalia.com\/imgV1\/B98Le8~d7Me8Ymh25g8UJ3ypDtZ8Y3FecBCLxExjtFW~kNtmDiPvo~DIQuVSZWz~B8cOgqypLAdfYgSonxMWAYCe1G2bVZhyATkTebpSl~gyQZ088fLkbrTTxetxnFanhXXibN46Soq2T3llKKwq4R_cIwtzu0VaZg--.jpg 945w,https:\/\/media.inmobalia.com\/imgV1\/B98Le8~d7MvRbj7Vv7fDLn6_Ew7ABi8pUTpfr~FoJsmhwgR1h1fB8_lyN~udGsKWhjkcv9FMCryyiOTJ4s5b5CBLMQj0lyS6n1SsGYNIeLHVv~3v32Xn9kmnEg~wi_g412gAg1sYJEmBP0JMsqHdL0DvFIIJ~E06mQ--.jpg 595w\" type=\"image\/webp\"><img decoding=\"async\" loading=\"lazy\" class=\"img-fluid wp-image-47019 size-full\" width=\"1024\" height=\"683\" alt=\"Isola Restaurant Mett Hotel\" src=\"https:\/\/media.inmobalia.com\/imgV1\/B98Le8~d7Me8YmhhhFsYM4czod~~P0fCuzkjRHefNZZlhRfNduPlI3aPbyA~VRE9VHhfPWX0FOyRrgTAdVTIEG~CGGWsdoFFarGMPEfBhlDjANoxwADFzx8YiP28yb1ryagn4cI6K_Cl.jpg\"><\/picture><figcaption id=\"caption-attachment-47019\" class=\"wp-caption-text\">Isola Restaurant<\/figcaption><\/figure>\n<p>Inspir\u00e9 par les saveurs ensoleill\u00e9es du sud et des \u00eeles italiennes, l'Isola Ristorante propose une cuisine d\u00e9contract\u00e9e mais sophistiqu\u00e9e tout au long de la journ\u00e9e. Imaginez des p\u00e2tes faites maison, des plats italiens traditionnels et une carte des vins s\u00e9lectionn\u00e9s parmi les meilleures r\u00e9gions du pays. Situ\u00e9 dans le METT Hotel &amp; Beach Resort \u00e0 Estepona, l'atmosph\u00e8re y est naturellement d\u00e9tendue, avec juste ce qu'il faut de raffinement. C'est un endroit o\u00f9 l'on peut se d\u00e9tendre et s'attarder \u00e0 l'ombre, id\u00e9al pour ceux qui aiment les repas d\u00e9contract\u00e9s avec une touche d'\u00e9l\u00e9gance.<\/p>\n<p><strong>Site web:<\/strong> <a href=\"http:\/\/www.isolarestaurant.com\/marbella\" target=\"_blank\" rel=\"noopener\">www.isolarestaurant.com\/marbella<\/a><\/p>\n<h3 ><span class=\"position-absolute\" style=\"top: -120px\" id=\"fons+cortijo+fons+east+estepona\"><\/span>Fons, Cortijo Fons, east Estepona<\/h3>\n<figure id=\"attachment_46827\" aria-describedby=\"caption-attachment-46827\" style=\"width: 1171px\" class=\"wp-caption alignnone\"><picture><source sizes=\"(max-width: 575px) calc(100vw - 30px),(max-width: 767px) 510px,(max-width: 991px) 690px,(max-width: 1199px) 595px,(max-width: 1399px) 810px, 945px\" width=\"945\" height=\"871.56276686593\" srcset=\"https:\/\/media.inmobalia.com\/imgV1\/B98Le8~d7Me8Ymh25g8UJ3ypDtZ8Y3FecBCLxExjtFW~kNtmDiPvo~DIQuVSZWz~B8cOgqypLAdfYgSonxMWAYCe1G2bVZhyATkTebpSl~gyQZ088fLkbrTTxeR~kONCFAx6hg--.jpg 945w,https:\/\/media.inmobalia.com\/imgV1\/B98Le8~d7MvRbj7Vv7fDLn6_Ew7ABi8pUTpfr~FoJsmhwgR1h1fB8_lyN~udGsKWhjkcv9FMCryyiOTJ4s5b5CBLMQj0lyS6n1SsGYNIeLHVv~3v32Xn9kmnEgBGFbHp62YpMQ--.jpg 595w\" type=\"image\/webp\"><img decoding=\"async\" loading=\"lazy\" class=\"img-fluid wp-image-46827 size-full\" width=\"1171\" height=\"1080\" alt=\"Cortijo Fons Estepona\" src=\"https:\/\/media.inmobalia.com\/imgV1\/B98Le8~d7Me8YmhhhFsYM4czod~~P0fCuzkjRHefNZZlhRfNduPlI3aPbyA~VRE9VHhfPWX0FOyRrgTAdVTIEG~CGGWsdoFFarGMM8OTI12Pgw6Z.jpg\"><\/picture><figcaption id=\"caption-attachment-46827\" class=\"wp-caption-text\">Cortijo Fons<\/figcaption><\/figure>\n<p>Install\u00e9 dans une superbe maison de campagne r\u00e9nov\u00e9e, Fons (\u00ab fontaines \u00bb en latin, en r\u00e9f\u00e9rence aux trois fontaines de la cour ext\u00e9rieure) propose des menus d\u00e9gustation de saison dans ce lieu merveilleusement romantique. L'accent est mis sur la pr\u00e9cision : les ingr\u00e9dients locaux sont mis en valeur gr\u00e2ce \u00e0 une technique \u00e9pur\u00e9e. Le service est discret et assur\u00e9, \u00e0 l'image de la cuisine.<\/p>\n<p><strong>Site web:<\/strong> <a href=\"https:\/\/fonsrestaurante.es\/en\/home\/\" target=\"_blank\" rel=\"noopener\">www.fonsrestaurante.es<\/a><\/p>\n<h2 ><span class=\"position-absolute\" style=\"top: -120px\" id=\"mention+speciale++marbella+club+et+puente+romano+hotels\"><\/span>Mention sp\u00e9ciale : Marbella Club et Puente Romano Hotels<\/h2>\n<p>Situ\u00e9s au c\u0153ur du c\u00e9l\u00e8bre Golden Mile de Marbella, le Marbella Club et le Puente Romano Beach Resort sont le centre n\u00e9vralgique de l'excellence culinaire de la ville. Ces destinations de luxe offrent une fabuleuse vari\u00e9t\u00e9 de cuisines, allant de la gastronomie raffin\u00e9e aux repas d\u00e9contract\u00e9s en bord de mer, et exercent une influence consid\u00e9rable sur le paysage gastronomique de Marbella.<\/p>\n<figure id=\"attachment_43786\" aria-describedby=\"caption-attachment-43786\" style=\"width: 1440px\" class=\"wp-caption alignnone\"><picture><source sizes=\"(max-width: 575px) calc(100vw - 30px),(max-width: 767px) 510px,(max-width: 991px) 690px,(max-width: 1199px) 595px,(max-width: 1399px) 810px, 945px\" width=\"945\" height=\"630.65625\" srcset=\"https:\/\/media.inmobalia.com\/imgV1\/B98Le8~d7Me8Ymh25g8UJ3ypDtZ8Y3FecBCLxExjtFW~kNtmDiPvo~DIQuVSZWz~B8cOgqypLAdfYgSonxMWAYCe1G2bVZhyATkTebpSl~gyQZ088fLkbrTTxeW2xFo~CLeibYYFF45HyUuT7SbG99yY7Mo-.jpg 945w,https:\/\/media.inmobalia.com\/imgV1\/B98Le8~d7MvRbj7Vv7fDLn6_Ew7ABi8pUTpfr~FoJsmhwgR1h1fB8_lyN~udGsKWhjkcv9FMCryyiOTJ4s5b5CBLMQj0lyS6n1SsGYNIeLHVv~3v32Xn9kmnEgFzTp0V0SjpaYVBhJGgJ9MQgHTrtj4_~UU-.jpg 595w\" type=\"image\/webp\"><img decoding=\"async\" loading=\"lazy\" class=\"size-full wp-image-43786 img-fluid\" width=\"1440\" height=\"961\" alt=\"Grill Marbella CLub\" src=\"https:\/\/media.inmobalia.com\/imgV1\/B98Le8~d7Me8YmhhhFsYM4czod~~P0fCuzkjRHefNZZlhRfNduPlI3aPbyA~VRE9VHhfPWX0FOyRrgTAdVTIEG~CGGWsdoFFarGMMp3AIekw2uzqKmutav0PSgBXULHhGuvdvQ--.jpg\"><\/picture><figcaption id=\"caption-attachment-43786\" class=\"wp-caption-text\">Grill Marbella CLub<\/figcaption><\/figure>\n<p>Les deux complexes abritent une multitude de restaurants r\u00e9put\u00e9s, chacun offrant une exp\u00e9rience culinaire unique qui refl\u00e8te les riches traditions gastronomiques et les tendances innovantes de la r\u00e9gion. Leurs normes \u00e9lev\u00e9es et leur offre vari\u00e9e leur ont permis de jouer un r\u00f4le essentiel dans la r\u00e9putation de Marbella en tant que destination gastronomique de premier plan.<\/p>\n<h2 ><span class=\"position-absolute\" style=\"top: -120px\" id=\"marbella+club\"><\/span>Marbella Club<\/h2>\n<p>Le Marbella Club Hotel, Golf Resort &amp; Spa est un symbole historique du luxe sur la Costa del Sol. Fond\u00e9 dans les ann\u00e9es 1950 par le prince Alfonso von Hohenlohe, c'est l'un des lieux les plus importants de la sc\u00e8ne culinaire et h\u00f4teli\u00e8re de Marbella. Le complexe propose une gamme d'exp\u00e9riences gastronomiques, chacune caract\u00e9ris\u00e9e par une qualit\u00e9 et un service exceptionnels.<\/p>\n<figure id=\"attachment_43740\" aria-describedby=\"caption-attachment-43740\" style=\"width: 1536px\" class=\"wp-caption alignnone\"><picture><source sizes=\"(max-width: 575px) calc(100vw - 30px),(max-width: 767px) 510px,(max-width: 991px) 690px,(max-width: 1199px) 595px,(max-width: 1399px) 810px, 945px\" width=\"945\" height=\"628.76953125\" srcset=\"https:\/\/media.inmobalia.com\/imgV1\/B98Le8~d7Me8Ymh25g8UJ3ypDtZ8Y3FecBCLxExjtFW~kNtmDiPvo~DIQuVSZWz~B8cOgqypLAdfYgSonxMWAYCe1G2bVZhyATkTebpSl~gyQZ088fLkbrTTxe8do~j2~DKd4NeDZvMqiFLBR_HMZcWBh5R96g--.jpg 945w,https:\/\/media.inmobalia.com\/imgV1\/B98Le8~d7MvRbj7Vv7fDLn6_Ew7ABi8pUTpfr~FoJsmhwgR1h1fB8_lyN~udGsKWhjkcv9FMCryyiOTJ4s5b5CBLMQj0lyS6n1SsGYNIeLHVv~3v32Xn9kmnEgs9XPMAGvuQwe3vaoNvJzQXzBXh1l9~lSEQtw--.jpg 595w\" type=\"image\/webp\"><img decoding=\"async\" loading=\"lazy\" class=\"size-full wp-image-43740 img-fluid\" width=\"1536\" height=\"1022\" alt=\"Marbella Club\" src=\"https:\/\/media.inmobalia.com\/imgV1\/B98Le8~d7Me8YmhhhFsYM4czod~~P0fCuzkjRHefNZZlhRfNduPlI3aPbyA~VRE9VHhfPWX0FOyRrgTAdVTIEG~CGGWsdoFFarGMOEJxF7PJ3GPtq2CuK6O1r5VLAMhb6OtI~qkz.jpg\"><\/picture><figcaption id=\"caption-attachment-43740\" class=\"wp-caption-text\">Marbella Club<\/figcaption><\/figure>\n<h3 ><span class=\"position-absolute\" style=\"top: -120px\" id=\"the+grill\"><\/span>The Grill<\/h3>\n<p>Le lieu id\u00e9al pour une soir\u00e9e \u00e9l\u00e9gante. Steakhouse raffin\u00e9 sous des pins ondulants, le service est classique et l'atmosph\u00e8re discr\u00e8tement formelle, ce qui en fait un endroit id\u00e9al pour les moments de f\u00eate ou pour s'offrir un plaisir bien m\u00e9rit\u00e9.<\/p>\n<p><strong>Site web:<\/strong> <a href=\"https:\/\/www.marbellaclub.com\" target=\"_blank\" rel=\"noopener\">marbellaclub.com<\/a><\/p>\n<figure id=\"attachment_43781\" aria-describedby=\"caption-attachment-43781\" style=\"width: 1440px\" class=\"wp-caption alignnone\"><picture><source sizes=\"(max-width: 575px) calc(100vw - 30px),(max-width: 767px) 510px,(max-width: 991px) 690px,(max-width: 1199px) 595px,(max-width: 1399px) 810px, 945px\" width=\"945\" height=\"630\" srcset=\"https:\/\/media.inmobalia.com\/imgV1\/B98Le8~d7Me8Ymh25g8UJ3ypDtZ8Y3FecBCLxExjtFW~kNtmDiPvo~DIQuVSZWz~B8cOgqypLAdfYgSonxMWAYCe1G2bVZhyATkTebpSl~gyQZ088fLkbrTTxeW2xFo~COjE6_xaZQrhFnaFdDAZ_37o.jpg 945w,https:\/\/media.inmobalia.com\/imgV1\/B98Le8~d7MvRbj7Vv7fDLn6_Ew7ABi8pUTpfr~FoJsmhwgR1h1fB8_lyN~udGsKWhjkcv9FMCryyiOTJ4s5b5CBLMQj0lyS6n1SsGYNIeLHVv~3v32Xn9kmnEgFzTp0V0Xf3lFLDMGyw55ztIfyehzuy.jpg 595w\" type=\"image\/webp\"><img decoding=\"async\" loading=\"lazy\" class=\"size-full wp-image-43781 img-fluid\" width=\"1440\" height=\"960\" alt=\"Grill Marbella Club\" src=\"https:\/\/media.inmobalia.com\/imgV1\/B98Le8~d7Me8YmhhhFsYM4czod~~P0fCuzkjRHefNZZlhRfNduPlI3aPbyA~VRE9VHhfPWX0FOyRrgTAdVTIEG~CGGWsdoFFarGMMp3AIekwhZZN_E22T4Gjq6HPV0K7fQI-.jpg\"><\/picture><figcaption id=\"caption-attachment-43781\" class=\"wp-caption-text\">Grill Marbella Club<\/figcaption><\/figure>\n<h3 ><span class=\"position-absolute\" style=\"top: -120px\" id=\"el+patio\"><\/span>El Patio<\/h3>\n<figure id=\"attachment_43791\" aria-describedby=\"caption-attachment-43791\" style=\"width: 1618px\" class=\"wp-caption alignnone\"><picture><source sizes=\"(max-width: 575px) calc(100vw - 30px),(max-width: 767px) 510px,(max-width: 991px) 690px,(max-width: 1199px) 595px,(max-width: 1399px) 810px, 945px\" width=\"945\" height=\"630.77873918418\" srcset=\"https:\/\/media.inmobalia.com\/imgV1\/B98Le8~d7Me8Ymh25g8UJ3ypDtZ8Y3FecBCLxExjtFW~kNtmDiPvo~DIQuVSZWz~B8cOgqypLAdfYgSonxMWAYCe1G2bVZhyATkTebpSl~gyQZ088fLkbrTTxeenirmb6D4Qq7wpC6R2n9deBCnojumludeg.jpg 945w,https:\/\/media.inmobalia.com\/imgV1\/B98Le8~d7MvRbj7Vv7fDLn6_Ew7ABi8pUTpfr~FoJsmhwgR1h1fB8_lyN~udGsKWhjkcv9FMCryyiOTJ4s5b5CBLMQj0lyS6n1SsGYNIeLHVv~3v32Xn9kmnEgPEm9pJzVmxtEHqClk9BB85iRlDsxXRiuuZ.jpg 595w\" type=\"image\/webp\"><img decoding=\"async\" loading=\"lazy\" class=\"size-full wp-image-43791 img-fluid\" width=\"1618\" height=\"1080\" alt=\"El Patio Puente Romano\" src=\"https:\/\/media.inmobalia.com\/imgV1\/B98Le8~d7Me8YmhhhFsYM4czod~~P0fCuzkjRHefNZZlhRfNduPlI3aPbyA~VRE9VHhfPWX0FOyRrgTAdVTIEG~CGGWsdoFFarGMMDF9MEd2F~6_tmRcI0uYpf0q6SmzrbKh384-.jpg\"><\/picture><figcaption id=\"caption-attachment-43791\" class=\"wp-caption-text\">El Patio Puente Romano<\/figcaption><\/figure>\n<p>Permettant de passer sans effort du caf\u00e9 et du d\u00e9jeuner aux cocktails et au d\u00eener, cet \u00e9tablissement dispose d'une terrasse bord\u00e9e de vignes et de tables \u00e9l\u00e9gamment dress\u00e9es avec des nappes blanches. Le service est attentionn\u00e9 et personnalis\u00e9, offrant une exp\u00e9rience d\u00e9tendue o\u00f9 les clients se sentent toujours entre de bonnes mains.<\/p>\n<p><strong>Site web:<\/strong> <a href=\"https:\/\/www.marbellaclub.com\" target=\"_blank\" rel=\"noopener\">www.marbellaclub.com<\/a><\/p>\n<h2 ><span class=\"position-absolute\" style=\"top: -120px\" id=\"puente+romano\"><\/span>Puente Romano<\/h2>\n<p>Puente Romano est l'une des destinations les plus pris\u00e9es d'Europe pour ses restaurants exceptionnels, offrant un choix vari\u00e9 et de grande qualit\u00e9. Le complexe maintient sa r\u00e9putation d'excellence culinaire en introduisant plusieurs nouveaux lieux pour 2025, tout en conservant ses restaurants les plus populaires.<\/p>\n<p>Pour r\u00e9server et obtenir plus d'informations :<a href=\"https:\/\/www.puenteromano.com\/\" target=\"_blank\" rel=\"noopener\">\u00a0www.puenteromano.com<\/a><\/p>\n<h3 ><span class=\"position-absolute\" style=\"top: -120px\" id=\"la+plaza+at+puente+romano\"><\/span>La Plaza at Puente Romano<\/h3>\n<p>V\u00e9ritable centre n\u00e9vralgique de la vie sociale du Puente Romano, La Plaza r\u00e9unit musique live, cocktails et service irr\u00e9prochable dans un espace en plein air enti\u00e8rement repens\u00e9. C'est le point de d\u00e9part id\u00e9al \u2013 et souvent le point d'arriv\u00e9e \u2013 pour une soir\u00e9e au resort.<\/p>\n<h3 ><span class=\"position-absolute\" style=\"top: -120px\" id=\"nobu+marbella\"><\/span>Nobu Marbella<\/h3>\n<figure id=\"attachment_43760\" aria-describedby=\"caption-attachment-43760\" style=\"width: 1500px\" class=\"wp-caption alignnone\"><picture><source sizes=\"(max-width: 575px) calc(100vw - 30px),(max-width: 767px) 510px,(max-width: 991px) 690px,(max-width: 1199px) 595px,(max-width: 1399px) 810px, 945px\" width=\"945\" height=\"631.26\" srcset=\"https:\/\/media.inmobalia.com\/imgV1\/B98Le8~d7Me8Ymh25g8UJ3ypDtZ8Y3FecBCLxExjtFW~kNtmDiPvo~DIQuVSZWz~B8cOgqypLAdfYgSonxMWAYCe1G2bVZhyATkTebpSl~gyQZ088fLkbrTTxezZqfKVmIKcM1_jhcwsY4LMZ9FLTp1JxDPE5g--.webp 945w,https:\/\/media.inmobalia.com\/imgV1\/B98Le8~d7MvRbj7Vv7fDLn6_Ew7ABi8pUTpfr~FoJsmhwgR1h1fB8_lyN~udGsKWhjkcv9FMCryyiOTJ4s5b5CBLMQj0lyS6n1SsGYNIeLHVv~3v32Xn9kmnEgi5LgO1B9WKRC8wv87ORvTw5o4YiqmVB7gxMQ--.webp 595w\" type=\"image\/webp\"><img decoding=\"async\" loading=\"lazy\" class=\"size-full wp-image-43760 img-fluid\" width=\"1500\" height=\"1002\" alt=\"Nobu Marbella\" src=\"https:\/\/media.inmobalia.com\/imgV1\/B98Le8~d7Me8YmhhhFsYM4czod~~P0fCuzkjRHefNZZlhRfNduPlI3aPbyA~VRE9VHhfPWX0FOyRrgTAdVTIEG~CGGWsdoFFarGMO7NeSwrIBXBX2JDLtH56Bcb7NUK9TSc5H_YO.webp\"><\/picture><figcaption id=\"caption-attachment-43760\" class=\"wp-caption-text\">Nobu Marbella<\/figcaption><\/figure>\n<p>D\u00e9sormais pilier de l'offre du complexe, Nobu Marbella continue de proposer ses plats japonais et p\u00e9ruviens signature avec \u00e9l\u00e9gance et efficacit\u00e9. Il est indispensable de r\u00e9server et le niveau de qualit\u00e9 ne montre aucun signe de baisse.<\/p>\n<h3 ><span class=\"position-absolute\" style=\"top: -120px\" id=\"sea+grill\"><\/span>Sea Grill<\/h3>\n<p>Situ\u00e9 au bord de l'eau, le Sea Grill associe les fruits de mer de la r\u00e9gion \u00e0 un menu m\u00e9diterran\u00e9en soigneusement \u00e9labor\u00e9. Le service, assur\u00e9 toute la journ\u00e9e, est assur\u00e9 et bien rythm\u00e9. Sa popularit\u00e9 est telle que les tables sont rapidement r\u00e9serv\u00e9es en \u00e9t\u00e9, alors pensez \u00e0 appeler bien \u00e0 l'avance pour r\u00e9server.<\/p>\n<h3 ><span class=\"position-absolute\" style=\"top: -120px\" id=\"lena+dani+garcia\"><\/span>Le\u00f1a Dani Garcia<\/h3>\n<figure id=\"attachment_43770\" aria-describedby=\"caption-attachment-43770\" style=\"width: 2000px\" class=\"wp-caption alignnone\"><picture><source sizes=\"(max-width: 575px) calc(100vw - 30px),(max-width: 767px) 510px,(max-width: 991px) 690px,(max-width: 1199px) 595px,(max-width: 1399px) 810px, 945px\" width=\"945\" height=\"370.9125\" srcset=\"https:\/\/media.inmobalia.com\/imgV1\/B98Le8~d7Me8Ymh25g8UJ3ypDtZ8Y3FecBCLxExjtFW~kNtmDiPvo~DIQuVSZWz~B8cOgqypLAdfYgSonxMWAYCe1G2bVZhyATkTebpSl~gyQZ088fLkbrTTxe6c5gE~1E9t.jpg 945w,https:\/\/media.inmobalia.com\/imgV1\/B98Le8~d7MvRbj7Vv7fDLn6_Ew7ABi8pUTpfr~FoJsmhwgR1h1fB8_lyN~udGsKWhjkcv9FMCryyiOTJ4s5b5CBLMQj0lyS6n1SsGYNIeLHVv~3v32Xn9kmnEgpa2acZjZAO.jpg 595w\" type=\"image\/webp\"><img decoding=\"async\" loading=\"lazy\" class=\"size-full wp-image-43770 img-fluid\" width=\"2000\" height=\"785\" alt=\"Le\u00f1a Dani Garcia\" src=\"https:\/\/media.inmobalia.com\/imgV1\/B98Le8~d7Me8YmhhhFsYM4czod~~P0fCuzkjRHefNZZlhRfNduPlI3aPbyA~VRE9VHhfPWX0FOyRrgTAdVTIEG~CGGWsdoFFarGMOW7pk5qdirY-.jpg\"><\/picture><figcaption id=\"caption-attachment-43770\" class=\"wp-caption-text\">Le\u00f1a Dani Garcia<\/figcaption><\/figure>\n<p>Le\u00f1a donne vie \u00e0 un concept de grillades au feu de bois stylis\u00e9, avec toute la confiance que l'on peut attendre du chef Dani Garc\u00eda, tr\u00e8s appr\u00e9ci\u00e9 des habitants de la r\u00e9gion. L'int\u00e9rieur est sombre, l'\u00e9clairage est \u00e9tudi\u00e9 et la carte est ax\u00e9e sur la viande, le feu et la technique.<\/p>\n<h3 ><span class=\"position-absolute\" style=\"top: -120px\" id=\"pimpi\"><\/span>Pimpi<\/h3>\n<p>Le l\u00e9gendaire restaurant de Malaga s'installe \u00e0 Marbella et propose les plats andalous les plus appr\u00e9ci\u00e9s dans un nouveau cadre. El Pimpi at Puente Romano transpose le caract\u00e8re de son \u00e9tablissement original de Malaga dans une ambiance de station baln\u00e9aire plus raffin\u00e9e. La carte reste fid\u00e8le aux classiques et l'ambiance est l\u00e9g\u00e8re et conviviale.<\/p>\n<picture><source sizes=\"(max-width: 575px) calc(100vw - 30px),(max-width: 767px) 510px,(max-width: 991px) 690px,(max-width: 1199px) 595px,(max-width: 1399px) 810px, 945px\" width=\"945\" height=\"370.9125\" srcset=\"https:\/\/media.inmobalia.com\/imgV1\/B98Le8~d7Me8Ymh25g8UJ3ypDtZ8Y3FecBCLxExjtFW~kNtmDiPvo~DIQuVSZWz~B8cOgqypLAdfYgSonxMWAYCe1G2bVZhyATkTebpSl~gyQZ088fLkbrTTxfoZkQ5SAk~nZq18tQaOlgKS1a0iv9dem0oyikBmNQ--.jpg 945w,https:\/\/media.inmobalia.com\/imgV1\/B98Le8~d7MvRbj7Vv7fDLn6_Ew7ABi8pUTpfr~FoJsmhwgR1h1fB8_lyN~udGsKWhjkcv9FMCryyiOTJ4s5b5CBLMQj0lyS6n1SsGYNIeLHVv~3v32Xn9kmnEh5TfoUVdDAapdv2PNkfxwOgftfWpqNdK563i55Egg--.jpg 595w\" type=\"image\/webp\"><img decoding=\"async\" loading=\"lazy\" class=\"size-full wp-image-43840 img-fluid\" width=\"2000\" height=\"785\" alt=\"Pimpi Marbella\" src=\"https:\/\/media.inmobalia.com\/imgV1\/B98Le8~d7Me8YmhhhFsYM4czod~~P0fCuzkjRHefNZZlhRfNduPlI3aPbyA~VRE9VHhfPWX0FOyRrgTAdVTIEG~CGGWsdoFFarGMLZQmardOFUDUm_6AlAiDCiYCqoPTEMyLOvBa8twz.jpg\"><\/picture>\n<h3 ><span class=\"position-absolute\" style=\"top: -120px\" id=\"rachels+eco+love\"><\/span>Rachel\u2019s Eco Love<\/h3>\n<p>Rachel's Eco Love est un caf\u00e9 sain proposant des plats biologiques et respectueux de l'environnement. Le menu comprend une vari\u00e9t\u00e9 de jus frais, de smoothies et de repas \u00e9quilibr\u00e9s qui raviront les clients soucieux de leur sant\u00e9.<\/p>\n<h3 ><span class=\"position-absolute\" style=\"top: -120px\" id=\"thai+gallery\"><\/span>Thai Gallery<\/h3>\n<figure id=\"attachment_46837\" aria-describedby=\"caption-attachment-46837\" style=\"width: 1080px\" class=\"wp-caption alignnone\"><picture><source sizes=\"(max-width: 575px) calc(100vw - 30px),(max-width: 767px) 510px,(max-width: 991px) 690px,(max-width: 1199px) 595px,(max-width: 1399px) 810px, 945px\" width=\"945\" height=\"1181.25\" srcset=\"https:\/\/media.inmobalia.com\/imgV1\/B98Le8~d7Me8Ymh25g8UJ3ypDtZ8Y3FecBCLxExjtFW~kNtmDiPvo~DIQuVSZWz~B8cOgqypLAdfYgSonxMWAYCe1G2bVZhyATkTebpSl~gyQZ088fLkbrTTxfZpZ1MV73YkgS89WueVn~w-.jpg 945w,https:\/\/media.inmobalia.com\/imgV1\/B98Le8~d7MvRbj7Vv7fDLn6_Ew7ABi8pUTpfr~FoJsmhwgR1h1fB8_lyN~udGsKWhjkcv9FMCryyiOTJ4s5b5CBLMQj0lyS6n1SsGYNIeLHVv~3v32Xn9kmnEhLxb6hzvUcnU1kskrqxYwY-.jpg 595w\" type=\"image\/webp\"><img decoding=\"async\" loading=\"lazy\" class=\"img-fluid wp-image-46837 size-full\" width=\"1080\" height=\"1350\" alt=\"Thai gallery Puente Romano Marbella\" src=\"https:\/\/media.inmobalia.com\/imgV1\/B98Le8~d7Me8YmhhhFsYM4czod~~P0fCuzkjRHefNZZlhRfNduPlI3aPbyA~VRE9VHhfPWX0FOyRrgTAdVTIEG~CGGWsdoFFarGMIUmtUZOUY53wk6tunpU1JA--.jpg\"><\/picture><figcaption id=\"caption-attachment-46837\" class=\"wp-caption-text\">Thai gallery<\/figcaption><\/figure>\n<p>Toujours au top, Thai Gallery propose des plats classiques avec style. Le cadre reste distinctif, avec des tons profonds et riches et des tables espac\u00e9es avec soin, ce qui permet \u00e0 la fois intimit\u00e9 et ambiance.<\/p>\n<h3 ><span class=\"position-absolute\" style=\"top: -120px\" id=\"pica+pica\"><\/span>Pica Pica<\/h3>\n<p>Une pizzeria anim\u00e9e r\u00e9introduite au printemps 2025, Pica Pica propose des pizzas cuites au feu de bois dans un cadre verdoyant. C'est un endroit informel et convivial, id\u00e9al pour les familles ou pour passer une soir\u00e9e d\u00e9tendue entre amis.<\/p>\n<h3 ><span class=\"position-absolute\" style=\"top: -120px\" id=\"purosushi\"><\/span>PurOsushi<\/h3>\n<figure id=\"attachment_46842\" aria-describedby=\"caption-attachment-46842\" style=\"width: 960px\" class=\"wp-caption alignnone\"><picture><source sizes=\"(max-width: 575px) calc(100vw - 30px),(max-width: 767px) 510px,(max-width: 991px) 690px,(max-width: 1199px) 595px,(max-width: 1399px) 810px, 945px\" width=\"945\" height=\"1181.25\" srcset=\"https:\/\/media.inmobalia.com\/imgV1\/B98Le8~d7Me8Ymh25g8UJ3ypDtZ8Y3FecBCLxExjtFW~kNtmDiPvo~DIQuVSZWz~B8cOgqypLAdfYgSonxMWAYCe1G2bVZhyATkTebpSl~gyQZ088fLkbrTTxfKY5_dayk4mFkhykBE-.jpg 945w,https:\/\/media.inmobalia.com\/imgV1\/B98Le8~d7MvRbj7Vv7fDLn6_Ew7ABi8pUTpfr~FoJsmhwgR1h1fB8_lyN~udGsKWhjkcv9FMCryyiOTJ4s5b5CBLMQj0lyS6n1SsGYNIeLHVv~3v32Xn9kmnEhZ2eR3wskJr~7CPHhc-.jpg 595w\" type=\"image\/webp\"><img decoding=\"async\" loading=\"lazy\" class=\"img-fluid wp-image-46842 size-full\" width=\"960\" height=\"1200\" alt=\"PurOsushi Puente Romano Marbella\" src=\"https:\/\/media.inmobalia.com\/imgV1\/B98Le8~d7Me8YmhhhFsYM4czod~~P0fCuzkjRHefNZZlhRfNduPlI3aPbyA~VRE9VHhfPWX0FOyRrgTAdVTIEG~CGGWsdoFFarGMJQBQreZbzHmTxESM9Q--.jpg\"><\/picture><figcaption id=\"caption-attachment-46842\" class=\"wp-caption-text\">PurOsushi<\/figcaption><\/figure>\n<p>Nouveau en 2025, PurOsushi propose une exp\u00e9rience omakase compacte pour seulement 16 convives. Le service est discret, le cadre volontairement minimaliste et la qualit\u00e9 du poisson et de la pr\u00e9paration vraiment exceptionnelle.<\/p>\n<h3 ><span class=\"position-absolute\" style=\"top: -120px\" id=\"coya+marbella\"><\/span>COYA Marbella<\/h3>\n<p>COYA m\u00e9lange la tradition p\u00e9ruvienne et le raffinement londonien. Les ceviches, anticuchos et tiraditos sont pr\u00e9par\u00e9s avec pr\u00e9cision, les cocktails sont originaux et \u00e9labor\u00e9s avec soin. La musique s'intensifie au fil de la soir\u00e9e, mais sans jamais devenir envahissante. Pour beaucoup, cela reste l'une des exp\u00e9riences les plus compl\u00e8tes du complexe.<\/p>\n<picture><source sizes=\"(max-width: 575px) calc(100vw - 30px),(max-width: 767px) 510px,(max-width: 991px) 690px,(max-width: 1199px) 595px,(max-width: 1399px) 810px, 945px\" width=\"945\" height=\"1180.59375\" srcset=\"https:\/\/media.inmobalia.com\/imgV1\/B98Le8~d7Me8Ymh25g8UJ3ypDtZ8Y3FecBCLxExjtFW~kNtmDiPvo~DIQuVSZWz~B8cOgqypLAdfYgSonxMWAYCe1G2bVZhyATkTebpSl~gyQZ088fLkbrTTxeENOuVVqvW_t5s-.jpg 945w,https:\/\/media.inmobalia.com\/imgV1\/B98Le8~d7MvRbj7Vv7fDLn6_Ew7ABi8pUTpfr~FoJsmhwgR1h1fB8_lyN~udGsKWhjkcv9FMCryyiOTJ4s5b5CBLMQj0lyS6n1SsGYNIeLHVv~3v32Xn9kmnEgUSYsgqaU2hB50-.jpg 595w\" type=\"image\/webp\"><img decoding=\"async\" loading=\"lazy\" class=\"alignnone size-full wp-image-46847 img-fluid\" width=\"1440\" height=\"1799\" src=\"https:\/\/media.inmobalia.com\/imgV1\/B98Le8~d7Me8YmhhhFsYM4czod~~P0fCuzkjRHefNZZlhRfNduPlI3aPbyA~VRE9VHhfPWX0FOyRrgTAdVTIEG~CGGWsdoFFarGMNnBVzv76yYFgUw--.jpg\"><\/picture>\n<h3 ><span class=\"position-absolute\" style=\"top: -120px\" id=\"coya+pool\"><\/span>COYA Pool<\/h3>\n<p>Nouveaut\u00e9 2025, COYA Pool apporte une version plus l\u00e9g\u00e8re et plus d\u00e9contract\u00e9e de la marque dans les coins ensoleill\u00e9s du complexe. Le service est con\u00e7u autour du mouvement, avec des repas servis pr\u00e8s des chaises longues, des assiettes \u00e0 partager sous les parasols, le tout avec le m\u00eame souci du d\u00e9tail que le restaurant principal.<\/p>\n<h3 ><span class=\"position-absolute\" style=\"top: -120px\" id=\"gaia+marbella\"><\/span>GAIA Marbella<\/h3>\n<p>GAIA propose une cuisine grecque contemporaine dans un cadre subtilement th\u00e9\u00e2tral. Le march\u00e9 aux fruits de mer est la pi\u00e8ce ma\u00eetresse, avec des pr\u00e9parations \u00e0 table qui rehaussent l'exp\u00e9rience. Le service est assur\u00e9 et la cuisine passe avec aisance de la d\u00e9licatesse \u00e0 la satisfaction profonde.<\/p>\n<figure id=\"attachment_46852\" aria-describedby=\"caption-attachment-46852\" style=\"width: 1440px\" class=\"wp-caption alignnone\"><picture><source sizes=\"(max-width: 575px) calc(100vw - 30px),(max-width: 767px) 510px,(max-width: 991px) 690px,(max-width: 1199px) 595px,(max-width: 1399px) 810px, 945px\" width=\"945\" height=\"1181.25\" srcset=\"https:\/\/media.inmobalia.com\/imgV1\/B98Le8~d7Me8Ymh25g8UJ3ypDtZ8Y3FecBCLxExjtFW~kNtmDiPvo~DIQuVSZWz~B8cOgqypLAdfYgSonxMWAYCe1G2bVZhyATkTebpSl~gyQZ088fLkbrTTxeWloIaihzmV.jpg 945w,https:\/\/media.inmobalia.com\/imgV1\/B98Le8~d7MvRbj7Vv7fDLn6_Ew7ABi8pUTpfr~FoJsmhwgR1h1fB8_lyN~udGsKWhjkcv9FMCryyiOTJ4s5b5CBLMQj0lyS6n1SsGYNIeLHVv~3v32Xn9kmnEgFgVuZ8KoYC.jpg 595w\" type=\"image\/webp\"><img decoding=\"async\" loading=\"lazy\" class=\"img-fluid wp-image-46852 size-full\" width=\"1440\" height=\"1800\" alt=\"Gaia Marbella Puente Romano Marbella\" src=\"https:\/\/media.inmobalia.com\/imgV1\/B98Le8~d7Me8YmhhhFsYM4czod~~P0fCuzkjRHefNZZlhRfNduPlI3aPbyA~VRE9VHhfPWX0FOyRrgTAdVTIEG~CGGWsdoFFarGMMo6NnqaiLo8-.jpg\"><\/picture><figcaption id=\"caption-attachment-46852\" class=\"wp-caption-text\">Gaia Marbella<\/figcaption><\/figure>\n<h3 ><span class=\"position-absolute\" style=\"top: -120px\" id=\"cipriani+marbella\"><\/span>Cipriani Marbella<\/h3>\n<p>Fid\u00e8le reproduction de l'original v\u00e9nitien, Cipriani Marbella propose les sp\u00e9cialit\u00e9s embl\u00e9matiques de la marque, bellinis, carpaccio, tagliolini au four, dans un cadre parfaitement con\u00e7u pour mettre les clients \u00e0 l'aise. Le personnel se d\u00e9place avec assurance et l'ambiance reste sereine, m\u00eame en haute saison.<\/p>\n<figure id=\"attachment_46857\" aria-describedby=\"caption-attachment-46857\" style=\"width: 1080px\" class=\"wp-caption alignnone\"><picture><source sizes=\"(max-width: 575px) calc(100vw - 30px),(max-width: 767px) 510px,(max-width: 991px) 690px,(max-width: 1199px) 595px,(max-width: 1399px) 810px, 945px\" width=\"945\" height=\"945\" srcset=\"https:\/\/media.inmobalia.com\/imgV1\/B98Le8~d7Me8Ymh25g8UJ3ypDtZ8Y3FecBCLxExjtFW~kNtmDiPvo~DIQuVSZWz~B8cOgqypLAdfYgSonxMWAYCe1G2bVZhyATkTebpSl~gyQZ088fLkbrTTxeELLUk8h~NBUpXldOhVIG7q.jpg 945w,https:\/\/media.inmobalia.com\/imgV1\/B98Le8~d7MvRbj7Vv7fDLn6_Ew7ABi8pUTpfr~FoJsmhwgR1h1fB8_lyN~udGsKWhjkcv9FMCryyiOTJ4s5b5CBLMQj0lyS6n1SsGYNIeLHVv~3v32Xn9kmnEgUUMPqKdKeW3fkiXc5YsXQv.jpg 595w\" type=\"image\/webp\"><img decoding=\"async\" loading=\"lazy\" class=\"img-fluid wp-image-46857 size-full\" width=\"1080\" height=\"1080\" alt=\"Cipriani Puente Romano Marbella\" src=\"https:\/\/media.inmobalia.com\/imgV1\/B98Le8~d7Me8YmhhhFsYM4czod~~P0fCuzkjRHefNZZlhRfNduPlI3aPbyA~VRE9VHhfPWX0FOyRrgTAdVTIEG~CGGWsdoFFarGMNnYX1fCPA09z3kVFlchF9kM-.jpg\"><\/picture><figcaption id=\"caption-attachment-46857\" class=\"wp-caption-text\">Cipriani<\/figcaption><\/figure>\n<h2 ><span class=\"position-absolute\" style=\"top: -120px\" id=\"restaurants+et+bars+sur+les+toits\"><\/span>Restaurants et bars sur les toits<\/h2>\n<h3 ><span class=\"position-absolute\" style=\"top: -120px\" id=\"belvue+rooftop+bar\"><\/span>Belvue Rooftop Bar<\/h3>\n<picture><source sizes=\"(max-width: 575px) calc(100vw - 30px),(max-width: 767px) 510px,(max-width: 991px) 690px,(max-width: 1199px) 595px,(max-width: 1399px) 810px, 945px\" width=\"900\" height=\"500\" srcset=\"https:\/\/media.inmobalia.com\/imgV1\/B98Le8~d7Me4wmV1Fp1Ax~wBpOBmgfAgPuk2p40V95ERJ9T4ToAL7G3XPIGA4NG7LWLYX9XT7FjX7If7Jvn4cGPWNsjKWowSuL7IDLi3BCV~F9C0u3xFSmxZixCkGP5TV5TLo~E~qDivoi~3hRbB3wpt.jpg 900w,https:\/\/media.inmobalia.com\/imgV1\/B98Le8~d7MvRbj7Vv7fDLn6_Ew7ABi8pUTpfr~FoJsmhwgR1h1fB8_lyN~udGsKWhjkcv9FMCryyiOTJ4s5b5CBLMQj0lyS6n1SsGYNIeLHVv~3v32Xn9kmnEgR9V~c1gDedCaxlz6sis4OYblZObTwF.jpg 595w\" type=\"image\/webp\"><img decoding=\"async\" loading=\"lazy\" class=\"alignnone size-full wp-image-47028 img-fluid\" width=\"900\" height=\"500\" src=\"https:\/\/media.inmobalia.com\/imgV1\/B98Le8~d7Me4wmViYaYzrpDyIfLMHiOLTXLZ_mI1V_NF4311u_qYndqSKh0x1cTYrrh9qQF4xtWSPauBYUBPhqvD~96zPdtirB1nvZ83dP1gYRoQVtEq6xIOHUJ_Lkl~eZ0-.jpg\"><\/picture>\n<p>Situ\u00e9 au sommet de l'Am\u00e0re Beach Hotel, r\u00e9serv\u00e9 aux adultes, le Belvue offre une vue \u00e0 360 degr\u00e9s sur la M\u00e9diterran\u00e9e et les toits de Marbella. Avec ses fauteuils blancs et son \u00e9clairage tamis\u00e9, il est tr\u00e8s appr\u00e9ci\u00e9 au coucher du soleil, mais sans jamais en faire trop. La carte des cocktails est bien pens\u00e9e et le service, m\u00eame en haute saison, reste impressionnant.<\/p>\n<p><strong>Site web:<\/strong> <a href=\"https:\/\/www.amarehotels.com\" target=\"_blank\" rel=\"noopener\">www.amarehotels.com<\/a><\/p>\n<h3 ><span class=\"position-absolute\" style=\"top: -120px\" id=\"edge+by+paco+perez+marbella\"><\/span>Edge by Paco P\u00e9rez, Marbella<\/h3>\n<figure id=\"attachment_43834\" aria-describedby=\"caption-attachment-43834\" style=\"width: 1621px\" class=\"wp-caption alignnone\"><picture><source sizes=\"(max-width: 575px) calc(100vw - 30px),(max-width: 767px) 510px,(max-width: 991px) 690px,(max-width: 1199px) 595px,(max-width: 1399px) 810px, 945px\" width=\"945\" height=\"629.61135101789\" srcset=\"https:\/\/media.inmobalia.com\/imgV1\/B98Le8~d7Me8Ymh25g8UJ3ypDtZ8Y3FecBCLxExjtFW~kNtmDiPvo~DIQuVSZWz~B8cOgqypLAdfYgSonxMWAYCe1G2bVZhyATkTebpSl~gyQZ088fLkbrTTxfClqQGeH3MFnKnq93RpypRM672hKVqQ.jpg 945w,https:\/\/media.inmobalia.com\/imgV1\/B98Le8~d7MvRbj7Vv7fDLn6_Ew7ABi8pUTpfr~FoJsmhwgR1h1fB8_lyN~udGsKWhjkcv9FMCryyiOTJ4s5b5CBLMQj0lyS6n1SsGYNIeLHVv~3v32Xn9kmnEhQyK1wSvlmp9l2ObmZdIlqG0egqVS5k.jpg 595w\" type=\"image\/webp\"><img decoding=\"async\" loading=\"lazy\" class=\"img-fluid wp-image-43834 size-full\" width=\"1621\" height=\"1080\" alt=\"Edge by Paco Perez Marbella\" src=\"https:\/\/media.inmobalia.com\/imgV1\/B98Le8~d7Me8YmhhhFsYM4czod~~P0fCuzkjRHefNZZlhRfNduPlI3aPbyA~VRE9VHhfPWX0FOyRrgTAdVTIEG~CGGWsdoFFarGMJy9f6Vlzwhxu4ykvpx9dXUg~LTczJ0c-.jpg\"><\/picture><figcaption id=\"caption-attachment-43834\" class=\"wp-caption-text\">Edge Marbella<\/figcaption><\/figure>\n<p>Au sommet de l'h\u00f4tel El Fuerte, magnifiquement r\u00e9nov\u00e9, Edge apporte une nouvelle dimension \u00e0 la sc\u00e8ne gastronomique sur les toits de Marbella. Sous la houlette du chef Paco P\u00e9rez, cinq fois \u00e9toil\u00e9 au guide Michelin, le menu marie des ingr\u00e9dients m\u00e9diterran\u00e9ens \u00e0 des accents internationaux, servis dans un espace o\u00f9 la vue sur la mer fait partie int\u00e9grante de l'exp\u00e9rience, dans un cadre \u00e9l\u00e9gant et sophistiqu\u00e9 qui semble loin de l'agitation en contrebas, m\u00eame en haute saison.<\/p>\n<p><strong>Site web<\/strong>: <a href=\"http:\/\/www.elfuertemarbella.com\" target=\"_blank\" rel=\"noopener\">www.elfuertemarbella.com<\/a><\/p>\n<h3 ><span class=\"position-absolute\" style=\"top: -120px\" id=\"makako+estepona\"><\/span>Makako, Estepona<\/h3>\n<figure id=\"attachment_46978\" aria-describedby=\"caption-attachment-46978\" style=\"width: 1080px\" class=\"wp-caption alignnone\"><picture><source sizes=\"(max-width: 575px) calc(100vw - 30px),(max-width: 767px) 510px,(max-width: 991px) 690px,(max-width: 1199px) 595px,(max-width: 1399px) 810px, 945px\" width=\"945\" height=\"1181.25\" srcset=\"https:\/\/media.inmobalia.com\/imgV1\/B98Le8~d7Me8Ymh25g8UJ3ypDtZ8Y3FecBCLxExjtFW~kNtmDiPvo~DIQuVSZWz~B8cOgqypLAdfYgSonxMWAYCe1G2bVZhyATkTebpSl~gyQZ088fLkbrTTxe8fHBEJ4UkwWSU-.jpg 945w,https:\/\/media.inmobalia.com\/imgV1\/B98Le8~d7MvRbj7Vv7fDLn6_Ew7ABi8pUTpfr~FoJsmhwgR1h1fB8_lyN~udGsKWhjkcv9FMCryyiOTJ4s5b5CBLMQj0lyS6n1SsGYNIeLHVv~3v32Xn9kmnEgs~4od2V5uEhXw-.jpg 595w\" type=\"image\/webp\"><img decoding=\"async\" loading=\"lazy\" class=\"img-fluid wp-image-46978 size-full\" width=\"1080\" height=\"1350\" alt=\"Makako Estepona\" src=\"https:\/\/media.inmobalia.com\/imgV1\/B98Le8~d7Me8YmhhhFsYM4czod~~P0fCuzkjRHefNZZlhRfNduPlI3aPbyA~VRE9VHhfPWX0FOyRrgTAdVTIEG~CGGWsdoFFarGMOEB4JrOd9KsX5Q--.jpg\"><\/picture><figcaption id=\"caption-attachment-46978\" class=\"wp-caption-text\">Makako<\/figcaption><\/figure>\n<p>Situ\u00e9 dans un cadre exceptionnel, sur le toit de l'h\u00f4tel El Pilar, dans la vieille ville d'Estepona, Makako est un temple de la cuisine fusion japonaise, pr\u00e9par\u00e9e avec talent et assurance. Sa cuisine ouverte est install\u00e9e sous un d\u00f4me en vitrail, tandis que la terrasse offre une vue sur les toits de tuiles et le littoral au loin. L'endroit est raffin\u00e9 sans \u00eatre ostentatoire, et la carte offre une cuisine parfaite, sans artifices.<\/p>\n<p><strong>Site web<\/strong>: <a href=\"https:\/\/hotelelpilarandalucia.com\/restaurantes\/makako\/\" target=\"_blank\" rel=\"noopener\">www.hotelelpilarandalucia.com\/restaurantes\/makako<\/a><\/p>\n<h3 ><span class=\"position-absolute\" style=\"top: -120px\" id=\"cielo+sky+lounge+estepona\"><\/span>Cielo Sky Lounge, Estepona<\/h3>\n<figure id=\"attachment_46983\" aria-describedby=\"caption-attachment-46983\" style=\"width: 2000px\" class=\"wp-caption alignnone\"><picture><source sizes=\"(max-width: 575px) calc(100vw - 30px),(max-width: 767px) 510px,(max-width: 991px) 690px,(max-width: 1199px) 595px,(max-width: 1399px) 810px, 945px\" width=\"945\" height=\"629.8425\" srcset=\"https:\/\/media.inmobalia.com\/imgV1\/B98Le8~d7Me8Ymh25g8UJ3ypDtZ8Y3FecBCLxExjtFW~kNtmDiPvo~DIQuVSZWz~B8cOgqypLAdfYgSonxMWAYCe1G2bVZhyATkTebpSl~gyQZ088fLkbrTTxeELOCAs0NcKCA--.jpg 945w,https:\/\/media.inmobalia.com\/imgV1\/B98Le8~d7MvRbj7Vv7fDLn6_Ew7ABi8pUTpfr~FoJsmhwgR1h1fB8_lyN~udGsKWhjkcv9FMCryyiOTJ4s5b5CBLMQj0lyS6n1SsGYNIeLHVv~3v32Xn9kmnEgUUJa43ritjsA--.jpg 595w\" type=\"image\/webp\"><img decoding=\"async\" loading=\"lazy\" class=\"img-fluid wp-image-46983 size-full\" width=\"2000\" height=\"1333\" alt=\"Cielo Sky Lounge Estepona\" src=\"https:\/\/media.inmobalia.com\/imgV1\/B98Le8~d7Me8YmhhhFsYM4czod~~P0fCuzkjRHefNZZlhRfNduPlI3aPbyA~VRE9VHhfPWX0FOyRrgTAdVTIEG~CGGWsdoFFarGMNnYCekXvBBgl.jpg\"><\/picture><figcaption id=\"caption-attachment-46983\" class=\"wp-caption-text\">Cielo Sky Lounge<\/figcaption><\/figure>\n<p>Cielo se trouve au sommet de la tour Mirador del Carmen, \u00e0 l'extr\u00e9mit\u00e9 ouest du Paseo Mar\u00edtimo d'Estepona. Bien qu'il fasse partie d'un centre culturel public, le toit-terrasse a l'atmosph\u00e8re d'un salon priv\u00e9 discret. Il dispose d'un caf\u00e9 int\u00e9rieur et d'une terrasse ouverte pour prendre un cocktail et d\u00e9guster un menu limit\u00e9 mais bien pr\u00e9sent\u00e9. Le soir, lorsque l'\u00e9clairage s'adoucit et que le bruit de la ville s'estompe, l'atmosph\u00e8re devient \u00e9tonnamment chaleureuse.<\/p>\n<p><strong>Site web<\/strong>: <a href=\"https:\/\/grupoholding.es\/cielo\" target=\"_blank\" rel=\"noopener\">www.grupoholding.es\/cielo<\/a><\/p>\n<p>La sc\u00e8ne culinaire de Marbella est un m\u00e9lange \u00e9clectique et vari\u00e9 de saveurs traditionnelles et d'innovations modernes, chaque restaurant offrant une exp\u00e9rience unique. Que vous recherchiez un repas \u00e9toil\u00e9 au guide Michelin, un d\u00e9jeuner d\u00e9contract\u00e9 en bord de mer ou une soir\u00e9e chic sur un toit-terrasse, Marbella a de quoi satisfaire tous les palais.<\/p>\n","protected":false},"excerpt":{"rendered":"<p>Marbella n&rsquo;est plus une station baln\u00e9aire avec une haute saison de courte dur\u00e9e. Son \u00e9volution vers un lieu de r\u00e9sidence permanent pour les habitants et les investisseurs a entra\u00een\u00e9 un changement correspondant dans sa culture gastronomique. De la vieille ville de Marbella \u00e0 Estepona, les restaurants sont d\u00e9sormais au c\u0153ur de l&rsquo;\u00e9conomie locale et de&#8230;<\/p>\n","protected":false},"author":3,"featured_media":46848,"comment_status":"closed","ping_status":"closed","sticky":false,"template":"","format":"standard","meta":{"_acf_changed":false,"footnotes":""},"categories":[2026],"tags":[],"class_list":["post-43845","post","type-post","status-publish","format-standard","has-post-thumbnail","hentry","category-vivre-a-marbella"],"acf":[],"_links":{"self":[{"href":"https:\/\/www.dmproperties.com\/fr\/wp-json\/wp\/v2\/posts\/43845","targetHints":{"allow":["GET"]}}],"collection":[{"href":"https:\/\/www.dmproperties.com\/fr\/wp-json\/wp\/v2\/posts"}],"about":[{"href":"https:\/\/www.dmproperties.com\/fr\/wp-json\/wp\/v2\/types\/post"}],"author":[{"embeddable":true,"href":"https:\/\/www.dmproperties.com\/fr\/wp-json\/wp\/v2\/users\/3"}],"replies":[{"embeddable":true,"href":"https:\/\/www.dmproperties.com\/fr\/wp-json\/wp\/v2\/comments?post=43845"}],"version-history":[{"count":0,"href":"https:\/\/www.dmproperties.com\/fr\/wp-json\/wp\/v2\/posts\/43845\/revisions"}],"wp:featuredmedia":[{"embeddable":true,"href":"https:\/\/www.dmproperties.com\/fr\/wp-json\/wp\/v2\/media\/46848"}],"wp:attachment":[{"href":"https:\/\/www.dmproperties.com\/fr\/wp-json\/wp\/v2\/media?parent=43845"}],"wp:term":[{"taxonomy":"category","embeddable":true,"href":"https:\/\/www.dmproperties.com\/fr\/wp-json\/wp\/v2\/categories?post=43845"},{"taxonomy":"post_tag","embeddable":true,"href":"https:\/\/www.dmproperties.com\/fr\/wp-json\/wp\/v2\/tags?post=43845"}],"curies":[{"name":"wp","href":"https:\/\/api.w.org\/{rel}","templated":true}]}}