{"id":45068,"date":"2025-02-17T10:13:28","date_gmt":"2025-02-17T09:13:28","guid":{"rendered":"https:\/\/www.dmproperties.com\/?p=45068"},"modified":"2025-02-21T12:54:43","modified_gmt":"2025-02-21T11:54:43","slug":"menara-landscape-design","status":"publish","type":"post","link":"https:\/\/www.dmproperties.com\/fr\/45068-menara-landscape-design","title":{"rendered":"La Menara Landscape Design : Fa\u00e7onner des espaces verts uniques depuis 1999"},"content":{"rendered":"<p><strong>La Menara Landscape Design est une entreprise familiale bas\u00e9e \u00e0 Marbella dont le fondateur, Oscar V\u00e1zquez, a commenc\u00e9 sa carri\u00e8re de paysagiste en 1985. La Menara, qui en est \u00e0 sa deuxi\u00e8me g\u00e9n\u00e9ration, donne vie \u00e0 des espaces ext\u00e9rieurs depuis 1999. L'entreprise allie la durabilit\u00e9, la fonctionnalit\u00e9 et l'esth\u00e9tique d'une mani\u00e8re harmonieuse qui la distingue v\u00e9ritablement dans la conception d'am\u00e9nagements paysagers publics et priv\u00e9s.<\/strong><\/p>\n<picture><source sizes=\"(max-width: 575px) calc(100vw - 30px),(max-width: 767px) 510px,(max-width: 991px) 690px,(max-width: 1199px) 595px,(max-width: 1399px) 810px, 945px\" width=\"945\" height=\"590.625\" srcset=\"https:\/\/media.inmobalia.com\/imgV1\/B98Le8~d7Me8Ymh25g8UJ3ypDtZ8Y3FecBCLxExjtFW~kNtmDiPvo~DIQuVSZWz~B8cOgqypLAdfYgSonxMWAYCe1G2bVZhyATkTebpSl~gyQZ088fLkbrW~eAhlNOexE7n3aRkn7mQCvOlz1M7qEg--.jpg 945w,https:\/\/media.inmobalia.com\/imgV1\/B98Le8~d7MvRbj7Vv7fDLn6_Ew7ABi8pUTpfr~FoJsmhwgR1h1fB8_lyN~udGsKWhjkcv9FMCryyiOTJ4s5b5CBLMQj0lyS6n1SsGYNIeLHVv~3v32Xn9kjTg81TfCJKObHdGDUeriSMRb9Geryn_g--.jpg 595w\" type=\"image\/webp\"><img loading=\"lazy\" decoding=\"async\" class=\"alignnone size-full wp-image-45041 img-fluid\" width=\"1728\" height=\"1080\" alt=\"FOTOS DE EQUIPO\" src=\"https:\/\/media.inmobalia.com\/imgV1\/B98Le8~d7Me8YmhhhFsYM4czod~~P0fCuzkjRHefNZZlhRfNduPlI3aPbyA~VRE9VHhfPWX0FOyRrgTAdVTIEG~CGGWsdoFFa3mci7BJrHd5EAc31oq0ZYldW2AUKE~5.jpg\"><\/picture>\n<p>Qu'il s'agisse d'un petit jardin priv\u00e9 ou d'un grand parc public, La Menara s'attache \u00e0 cr\u00e9er des environnements ext\u00e9rieurs qui non seulement sont magnifiques, mais qui compl\u00e8tent \u00e9galement l'architecture qui les entoure. Avec des projets en Espagne, au Portugal, en Italie et m\u00eame dans la p\u00e9ninsule arabique, sa r\u00e9putation de concepteur innovant et sur mesure s'est \u00e9tendue \u00e0 l'\u00e9chelle internationale. Qu'il s'agisse d'espaces verts qui insufflent une nouvelle vie dans les zones urbaines ou de retraites priv\u00e9es tranquilles, la touche de La Menara consiste \u00e0 utiliser la nature pour am\u00e9liorer la vie de tous les jours.<\/p>\n<p>Pablo V\u00e1zquez Davey, directeur de La Menara, nous parle du parcours de l'entreprise, de sa philosophie en mati\u00e8re de design et de l'importance croissante de la durabilit\u00e9 sur le march\u00e9 de l'immobilier de luxe.<\/p>\n<h2 ><span class=\"position-absolute\" style=\"top: -120px\" id=\"parleznous+des+debuts+de+la+menara\"><\/span>Parlez-nous des d\u00e9buts de La Menara.<\/h2>\n<p><em>Pablo:<\/em> La Menara a d\u00e9marr\u00e9 en tant qu'entreprise familiale en 1999, en suivant la passion de mon p\u00e8re pour l'architecture paysag\u00e8re. Nous \u00e9tions d'abord bas\u00e9s \u00e0 Benahav\u00eds, puis nous avons d\u00e9m\u00e9nag\u00e9 \u00e0 San Pedro Alc\u00e1ntara en 2019. Nous sommes devenus une \u00e9quipe de 15 personnes, dont des architectes paysagistes, un ing\u00e9nieur agronome, du personnel administratif et une \u00e9quipe de jardiniers qualifi\u00e9s. Depuis le d\u00e9but, nous nous consacrons \u00e0 la conception d'espaces uniques, fonctionnels et respectueux de l'environnement, tant pour les villas priv\u00e9es que pour les grands projets d'entreprise.<\/p>\n<picture><source sizes=\"(max-width: 575px) calc(100vw - 30px),(max-width: 767px) 510px,(max-width: 991px) 690px,(max-width: 1199px) 595px,(max-width: 1399px) 810px, 945px\" width=\"945\" height=\"629.61135101789\" srcset=\"https:\/\/media.inmobalia.com\/imgV1\/B98Le8~d7Me8Ymh25g8UJ3ypDtZ8Y3FecBCLxExjtFW~kNtmDiPvo~DIQuVSZWz~B8cOgqypLAdfYgSonxMWAYCe1G2bVZhyATkTebpSl~gyQZ088fLl5r_cjWo7oPyEyzeQdbgYvh27GDKX.jpg 945w,https:\/\/media.inmobalia.com\/imgV1\/B98Le8~d7MvRbj7Vv7fDLn6_Ew7ABi8pUTpfr~FoJsmhwgR1h1fB8_lyN~udGsKWhjkcv9FMCryyiOTJ4s5b5CBLMQj0lyS6n1SsGYNIeLHVv~3v32XmIU9xfof1rGGTNGcQR5yKs0XJcl0h.jpg 595w\" type=\"image\/webp\"><img decoding=\"async\" loading=\"lazy\" class=\"alignnone size-full wp-image-45504 img-fluid\" width=\"1621\" height=\"1080\" src=\"https:\/\/media.inmobalia.com\/imgV1\/B98Le8~d7Me8YmhhhFsYM4czod~~P0fCuzkjRHefNZZlhRfNduPlI3aPbyA~VRE9VHhfPWX0FOyRrgTAdVTIEG~CGGWsdoAxpuuT9EsE36fS9pE5I7G7nTaLxeQ-.jpg\"><\/picture>\n<h2 ><span class=\"position-absolute\" style=\"top: -120px\" id=\"avezvous+toujours+su+que+vous+vouliez+suivre+les+traces+de+votre+pere+\"><\/span>Avez-vous toujours su que vous vouliez suivre les traces de votre p\u00e8re ?<\/h2>\n<p><em>Pablo:<\/em> Absolument ! J'ai toujours \u00e9t\u00e9 fascin\u00e9 par le travail de mon p\u00e8re, et c'est quelque chose que nous partageons depuis des ann\u00e9es. J'ai \u00e9tudi\u00e9 l'architecture paysag\u00e8re \u00e0 l'universit\u00e9 d'\u00c9vora, au Portugal, o\u00f9 j'ai d\u00e9velopp\u00e9 une meilleure appr\u00e9ciation de l'esth\u00e9tique et de l'am\u00e9nagement du territoire, en m'inspirant notamment de l'approche portugaise du design.<\/p>\n<h2 ><span class=\"position-absolute\" style=\"top: -120px\" id=\"quels+sont+les+projets+dont+vous+etes+particulierement+fier+\"><\/span>Quels sont les projets dont vous \u00eates particuli\u00e8rement fier ?<\/h2>\n<p><em>Pablo:<\/em> Nous avons eu la chance de travailler sur une grande vari\u00e9t\u00e9 de projets, allant de villas priv\u00e9es comme Finca Avola \u00e0 des d\u00e9veloppements \u00e0 grande \u00e9chelle comme Marina El Rompido. L'un de mes projets pr\u00e9f\u00e9r\u00e9s est celui du Parque del Pinar, bien qu'il n'ait finalement pas \u00e9t\u00e9 ex\u00e9cut\u00e9. Chaque projet, quelle que soit sa taille, a sa propre identit\u00e9 et ses propres d\u00e9fis, ce qui rend notre travail passionnant.<\/p>\n<h2 ><span class=\"position-absolute\" style=\"top: -120px\" id=\"questce+qui+distingue+les+projets+de+la+menara+\"><\/span>Qu'est-ce qui distingue les projets de La Menara ?<\/h2>\n<p><em>Pablo:<\/em> Notre utilisation de lignes organiques, l'int\u00e9gration de plantes m\u00e9diterran\u00e9ennes et l'accent mis sur la durabilit\u00e9 nous distinguent. Nous ne nous contentons pas de concevoir de beaux jardins, nous veillons \u00e0 ce qu'ils soient fonctionnels, durables et qu'ils s'int\u00e8grent parfaitement \u00e0 l'architecture existante. Chaque projet est con\u00e7u dans une perspective \u00e0 long terme, de sorte que lorsque vous revisitez l'un de nos jardins des ann\u00e9es plus tard, il a m\u00fbri pour devenir encore plus beau.<\/p>\n<picture><source sizes=\"(max-width: 575px) calc(100vw - 30px),(max-width: 767px) 510px,(max-width: 991px) 690px,(max-width: 1199px) 595px,(max-width: 1399px) 810px, 945px\" width=\"945\" height=\"630\" srcset=\"https:\/\/media.inmobalia.com\/imgV1\/B98Le8~d7Me8Ymh25g8UJ3ypDtZ8Y3FecBCLxExjtFW~kNtmDiPvo~DIQuVSZWz~B8cOgqypLAdfYgSonxMWAYCe1G2bVZhyATkTebpSl~gyQZ088fLl5r_cjWo7oPyGV17HquqqTsgOwSH6AQ--.jpg 945w,https:\/\/media.inmobalia.com\/imgV1\/B98Le8~d7MvRbj7Vv7fDLn6_Ew7ABi8pUTpfr~FoJsmhwgR1h1fB8_lyN~udGsKWhjkcv9FMCryyiOTJ4s5b5CBLMQj0lyS6n1SsGYNIeLHVv~3v32XmIU9xfof1rGGRtpJkPLUPns8JZyq5YA--.jpg 595w\" type=\"image\/webp\"><img decoding=\"async\" loading=\"lazy\" class=\"alignnone size-full wp-image-45509 img-fluid\" width=\"1620\" height=\"1080\" src=\"https:\/\/media.inmobalia.com\/imgV1\/B98Le8~d7Me8YmhhhFsYM4czod~~P0fCuzkjRHefNZZlhRfNduPlI3aPbyA~VRE9VHhfPWX0FOyRrgTAdVTIEG~CGGWsdoAxpuuT9EsE36VnGHiGx9h9fcb_D8Sz.jpg\"><\/picture>\n<h2 ><span class=\"position-absolute\" style=\"top: -120px\" id=\"comment+lindustrie+du+paysage+atelle+evolue+au+fil+des+ans\"><\/span>Comment l'industrie du paysage a-t-elle \u00e9volu\u00e9 au fil des ans?<\/h2>\n<p><em>Pablo:<\/em> La COVID-19 en 2020 a vraiment chang\u00e9 la fa\u00e7on dont les gens per\u00e7oivent leurs espaces ext\u00e9rieurs. Nous avons constat\u00e9 une augmentation de la demande de cr\u00e9ation d'espaces ext\u00e9rieurs confortables et polyvalents o\u00f9 les propri\u00e9taires peuvent se d\u00e9tendre et profiter de leur environnement, en cr\u00e9ant des recoins qui offrent une certaine intimit\u00e9. Cela a influenc\u00e9 notre travail r\u00e9cent, en particulier dans l'immobilier de luxe, o\u00f9 les espaces de vie ext\u00e9rieurs sont devenus tout aussi importants que la d\u00e9coration int\u00e9rieure.<\/p>\n<h2 ><span class=\"position-absolute\" style=\"top: -120px\" id=\"comment+integrezvous+le+developpement+durable+dans+vos+projets\"><\/span>Comment int\u00e9grez-vous le d\u00e9veloppement durable dans vos projets?<\/h2>\n<p><em>Pablo:<\/em> La durabilit\u00e9 a toujours \u00e9t\u00e9 au c\u0153ur de notre philosophie. Nous privil\u00e9gions l'utilisation de plantes indig\u00e8nes qui n\u00e9cessitent moins d'eau et d'entretien, ce qui rend les jardins plus durables dans le temps. Nous encourageons \u00e9galement les syst\u00e8mes d'\u00e9conomie d'eau, en particulier pour les grandes propri\u00e9t\u00e9s, et nous visons \u00e0 cr\u00e9er des espaces verts qui ne sont pas seulement beaux, mais aussi respectueux de l'environnement.<\/p>\n<h2 ><span class=\"position-absolute\" style=\"top: -120px\" id=\"quel+est+limpact+de+la+technologie+sur+votre+processus+de+conception\"><\/span>Quel est l'impact de la technologie sur votre processus de conception?<\/h2>\n<p><em>Pablo:<\/em> Lorsque mon p\u00e8re a cr\u00e9\u00e9 l'entreprise, tout \u00e9tait dessin\u00e9 \u00e0 la main. Aujourd'hui, nous utilisons des outils avanc\u00e9s comme AutoCAD, SketchUp et Photoshop, qui permettent \u00e0 nos clients de visualiser les projets avant qu'ils ne soient ex\u00e9cut\u00e9s. Le processus est beaucoup plus interactif et clair pour toutes les personnes concern\u00e9es, et l'exp\u00e9rience globale s'en trouve am\u00e9lior\u00e9e.<\/p>\n<picture><source sizes=\"(max-width: 575px) calc(100vw - 30px),(max-width: 767px) 510px,(max-width: 991px) 690px,(max-width: 1199px) 595px,(max-width: 1399px) 810px, 945px\" width=\"945\" height=\"628.69186046512\" srcset=\"https:\/\/media.inmobalia.com\/imgV1\/B98Le8~d7Me8Ymh25g8UJ3ypDtZ8Y3FecBCLxExjtFW~kNtmDiPvo~DIQuVSZWz~B8cOgqypLAdfYgSonxMWAYCe1G2bVZhyATkTebpSl~gyQZ088fLl5r_cjWAYF8hZ3mTXzCZ4fGIVzGCLkZ9L0RC2RkyfSV6XV9aYXQAcxORPcbXTwxc-.jpg 945w,https:\/\/media.inmobalia.com\/imgV1\/B98Le8~d7MvRbj7Vv7fDLn6_Ew7ABi8pUTpfr~FoJsmhwgR1h1fB8_lyN~udGsKWhjkcv9FMCryyiOTJ4s5b5CBLMQj0lyS6n1SsGYNIeLHVv~3v32XmIU9xfo1Sf6e2oKtwG2h3Rxd1Iz709fVG66mXiGxEoJf8XnPeTnL~lo5oI0ps_U0-.jpg 595w\" type=\"image\/webp\"><img decoding=\"async\" loading=\"lazy\" class=\"size-full wp-image-45520 img-fluid aligncenter\" width=\"1204\" height=\"801\" src=\"https:\/\/media.inmobalia.com\/imgV1\/B98Le8~d7Me8YmhhhFsYM4czod~~P0fCuzkjRHefNZZlhRfNduPlI3aPbyA~VRE9VHhfPWX0FOyRrgTAdVTIEG~CGGWsdoAxpuuT~u53PzgZ5ELt4XWkyXqkgYqb06oGOrdUdOmgZOhrD0ehEW9N238atvk1fw--.jpg\"><\/picture>\n<h2 ><span class=\"position-absolute\" style=\"top: -120px\" id=\"quelle+est+la+prochaine+etape+pour+la+menara+et+comment+voyezvous+lavenir+de+larchitecture+paysagere+dans+limmobilier+de+luxe+\"><\/span>Quelle est la prochaine \u00e9tape pour La Menara et comment voyez-vous l'avenir de l'architecture paysag\u00e8re dans l'immobilier de luxe ?<\/h2>\n<p><em>Pablo:<\/em> Je pense que l'architecture paysag\u00e8re est devenue essentielle dans l'immobilier de luxe. Les gens comprennent d\u00e9sormais la valeur d'un espace ext\u00e9rieur bien con\u00e7u, que ce soit pour leur plaisir personnel ou pour augmenter la valeur d'une propri\u00e9t\u00e9. Pour l'avenir, nous sommes enthousiastes \u00e0 l'id\u00e9e de continuer \u00e0 associer la durabilit\u00e9 \u00e0 un design innovant pour cr\u00e9er des paysages intemporels qui refl\u00e8tent les visions de nos clients.<\/p>\n<h2 ><span class=\"position-absolute\" style=\"top: -120px\" id=\"si+vous+deviez+resumer+votre+approche+de+lamenagement+paysager+en+une+phrase+quelle+seraitelle+\"><\/span>Si vous deviez r\u00e9sumer votre approche de l'am\u00e9nagement paysager en une phrase, quelle serait-elle ?<\/h2>\n<p><em>Pablo:<\/em> Nous cr\u00e9ons des espaces qui harmonisent la fonctionnalit\u00e9, la durabilit\u00e9 et l'esth\u00e9tique, en veillant \u00e0 ce que nos conceptions soient aussi pratiques qu'elles sont belles.<\/p>\n<p>La Menara Landscape Design s'attache \u00e0 donner vie \u00e0 sa vision - et \u00e0 celle de ses clients - gr\u00e2ce \u00e0 des conceptions durables et sur mesure. Leur capacit\u00e9 d'\u00e9coute et de collaboration garantit que chaque projet, qu'il s'agisse d'une maison priv\u00e9e ou d'un projet plus vaste, refl\u00e8te parfaitement les objectifs et les d\u00e9sirs uniques de chaque projet. En mettant l'accent sur des paysages r\u00e9fl\u00e9chis et personnalis\u00e9s, La Menara fournit constamment des espaces qui laissent une impression durable et qui sont s\u00fbrs de r\u00e9sister \u00e0 l'\u00e9preuve du temps.<\/p>\n","protected":false},"excerpt":{"rendered":"<p>La Menara Landscape Design est une entreprise familiale bas\u00e9e \u00e0 Marbella dont le fondateur, Oscar V\u00e1zquez, a commenc\u00e9 sa carri\u00e8re de paysagiste en 1985. La Menara, qui en est \u00e0 sa deuxi\u00e8me g\u00e9n\u00e9ration, donne vie \u00e0 des espaces ext\u00e9rieurs depuis 1999. L&rsquo;entreprise allie la durabilit\u00e9, la fonctionnalit\u00e9 et l&rsquo;esth\u00e9tique d&rsquo;une mani\u00e8re harmonieuse qui la distingue&#8230;<\/p>\n","protected":false},"author":3,"featured_media":45042,"comment_status":"closed","ping_status":"closed","sticky":false,"template":"","format":"standard","meta":{"_acf_changed":false,"footnotes":""},"categories":[2017],"tags":[],"class_list":["post-45068","post","type-post","status-publish","format-standard","has-post-thumbnail","hentry","category-the-professional-series-fr"],"acf":[],"_links":{"self":[{"href":"https:\/\/www.dmproperties.com\/fr\/wp-json\/wp\/v2\/posts\/45068","targetHints":{"allow":["GET"]}}],"collection":[{"href":"https:\/\/www.dmproperties.com\/fr\/wp-json\/wp\/v2\/posts"}],"about":[{"href":"https:\/\/www.dmproperties.com\/fr\/wp-json\/wp\/v2\/types\/post"}],"author":[{"embeddable":true,"href":"https:\/\/www.dmproperties.com\/fr\/wp-json\/wp\/v2\/users\/3"}],"replies":[{"embeddable":true,"href":"https:\/\/www.dmproperties.com\/fr\/wp-json\/wp\/v2\/comments?post=45068"}],"version-history":[{"count":0,"href":"https:\/\/www.dmproperties.com\/fr\/wp-json\/wp\/v2\/posts\/45068\/revisions"}],"wp:featuredmedia":[{"embeddable":true,"href":"https:\/\/www.dmproperties.com\/fr\/wp-json\/wp\/v2\/media\/45042"}],"wp:attachment":[{"href":"https:\/\/www.dmproperties.com\/fr\/wp-json\/wp\/v2\/media?parent=45068"}],"wp:term":[{"taxonomy":"category","embeddable":true,"href":"https:\/\/www.dmproperties.com\/fr\/wp-json\/wp\/v2\/categories?post=45068"},{"taxonomy":"post_tag","embeddable":true,"href":"https:\/\/www.dmproperties.com\/fr\/wp-json\/wp\/v2\/tags?post=45068"}],"curies":[{"name":"wp","href":"https:\/\/api.w.org\/{rel}","templated":true}]}}