{"id":46278,"date":"2025-05-28T09:06:34","date_gmt":"2025-05-28T07:06:34","guid":{"rendered":"https:\/\/www.dmproperties.com\/?p=46278"},"modified":"2025-05-28T09:06:34","modified_gmt":"2025-05-28T07:06:34","slug":"premiere-boutique-sandon-marbella-design","status":"publish","type":"post","link":"https:\/\/www.dmproperties.com\/fr\/46278-premiere-boutique-sandon-marbella-design","title":{"rendered":"Dans la premi\u00e8re boutique de Sandon \u00e0 Marbella : un lieu o\u00f9 le design prend vie"},"content":{"rendered":"<p><strong>Sandon a ouvert sa premi\u00e8re boutique de design d\u2019int\u00e9rieur \u00e0 Marbella, un espace soigneusement pens\u00e9 qui donne une expression concr\u00e8te \u00e0 la philosophie de la marque. Situ\u00e9e entre Marbella et Puerto Ban\u00fas, sur la c\u00e9l\u00e8bre Mille d\u2019Or, cette nouvelle adresse refl\u00e8te pleinement l\u2019identit\u00e9 de Sandon. R\u00e9fl\u00e9chi, sensoriel et r\u00e9solument influenc\u00e9 par une vision internationale, cet espace incarne un art de vivre qui valorise l\u2019artisanat, le caract\u00e8re et les connexions humaines.<\/strong><\/p>\n<picture><source sizes=\"(max-width: 575px) calc(100vw - 30px),(max-width: 767px) 510px,(max-width: 991px) 690px,(max-width: 1199px) 595px,(max-width: 1399px) 810px, 945px\" width=\"945\" height=\"630\" srcset=\"https:\/\/media.inmobalia.com\/imgV1\/B98Le8~d7Me8Ymh25g8UJ3ypDtZ8Y3FecBCLxExjtFW~kNtmDiPvo~DIQuVSZWz~B8cOgqypLAdfYgSonxMWAYCe1G2bVZhyATkTebpSl~gyQZ088fLl5r_bSefysd6t~hLDLCPdIA--.jpg 945w,https:\/\/media.inmobalia.com\/imgV1\/B98Le8~d7MvRbj7Vv7fDLn6_Ew7ABi8pUTpfr~FoJsmhwgR1h1fB8_lyN~udGsKWhjkcv9FMCryyiOTJ4s5b5CBLMQj0lyS6n1SsGYNIeLHVv~3v32XmIU9254F_2xheqJQVqiKwXw--.jpg 595w\" type=\"image\/webp\"><img loading=\"lazy\" decoding=\"async\" class=\"alignnone size-full wp-image-46200 img-fluid\" width=\"1620\" height=\"1080\" alt=\"sandon design\" src=\"https:\/\/media.inmobalia.com\/imgV1\/B98Le8~d7Me8YmhhhFsYM4czod~~P0fCuzkjRHefNZZlhRfNduPlI3aPbyA~VRE9VHhfPWX0FOyRrgTAdVTIEG~CGGWsdoAxpuySrt67xQCddjSBgtyk.jpg\"><\/picture>\n<p>Fond\u00e9e par les fr\u00e8res et s\u0153urs norv\u00e9giens Synne et Sander Brendmoe, dont la famille est \u00e0 l\u2019origine de la c\u00e9l\u00e8bre marque Antima, n\u00e9e modestement en Norv\u00e8ge en 1929, Sandon s\u2019appuie sur une vision partag\u00e9e du design : allier clart\u00e9 et confort. L\u2019ouverture de cette boutique repr\u00e9sente une \u00e9volution naturelle de leur parcours. Ce qui avait commenc\u00e9 comme un studio de design est devenu une exp\u00e9rience sensorielle compl\u00e8te, mat\u00e9rialis\u00e9e dans un lieu qui invite \u00e0 l\u2019exploration et \u00e0 la d\u00e9couverte.<\/p>\n<p>Pour Synne et Sander, cette boutique est l\u2019aboutissement d\u2019un r\u00eave de longue date. Ce n\u2019est pas un simple ajout \u00e0 la marque, mais une \u00e9tape essentielle. L\u2019espace incarne les valeurs qui ont toujours guid\u00e9 les Brendmoe et leur \u00e9quipe.<\/p>\n<h2 ><span class=\"position-absolute\" style=\"top: -120px\" id=\"un+lieu+a+explorer+pas+seulement+une+boutique\"><\/span>Un lieu \u00e0 explorer, pas seulement une boutique<\/h2>\n<picture><source sizes=\"(max-width: 575px) calc(100vw - 30px),(max-width: 767px) 510px,(max-width: 991px) 690px,(max-width: 1199px) 595px,(max-width: 1399px) 810px, 945px\" width=\"945\" height=\"630\" srcset=\"https:\/\/media.inmobalia.com\/imgV1\/B98Le8~d7Me8Ymh25g8UJ3ypDtZ8Y3FecBCLxExjtFW~kNtmDiPvo~DIQuVSZWz~B8cOgqypLAdfYgSonxMWAYCe1G2bVZhyATkTebpSl~gyQZ088fLl5r_bSefysd6t93IFdzRmUg--.jpg 945w,https:\/\/media.inmobalia.com\/imgV1\/B98Le8~d7MvRbj7Vv7fDLn6_Ew7ABi8pUTpfr~FoJsmhwgR1h1fB8_lyN~udGsKWhjkcv9FMCryyiOTJ4s5b5CBLMQj0lyS6n1SsGYNIeLHVv~3v32XmIU9254F_2xheodhpd1WPWQ--.jpg 595w\" type=\"image\/webp\"><img decoding=\"async\" loading=\"lazy\" class=\"alignnone size-full wp-image-46205 img-fluid\" width=\"1620\" height=\"1080\" alt=\"sandon design interior\" src=\"https:\/\/media.inmobalia.com\/imgV1\/B98Le8~d7Me8YmhhhFsYM4czod~~P0fCuzkjRHefNZZlhRfNduPlI3aPbyA~VRE9VHhfPWX0FOyRrgTAdVTIEG~CGGWsdoAxpuySrt67xQCUUMdpXEaN.jpg\"><\/picture>\n<p>La boutique invite \u00e0 ralentir et \u00e0 prendre le temps de d\u00e9couvrir. Le mobilier, les antiquit\u00e9s, les accessoires et les mat\u00e9riaux y sont agenc\u00e9s de mani\u00e8re organique. Il n\u2019y a pas de parcours impos\u00e9, pas de pression \u00e0 l\u2019achat, simplement une invitation douce \u00e0 l\u2019exploration. Les hauts plafonds, les fontaines, les chemin\u00e9es et les textures naturelles cr\u00e9ent une ambiance sereine. Les espaces ext\u00e9rieurs ajoutent une dimension suppl\u00e9mentaire, baign\u00e9s par la lumi\u00e8re m\u00e9diterran\u00e9enne filtr\u00e9e \u00e0 travers des volets en bois et des mat\u00e9riaux locaux.<\/p>\n<p>Une Material Gallery permet aux visiteurs de toucher les tissus et les finitions. Un coin enfants apporte une dimension familiale. Les objets sont propos\u00e9s en quantit\u00e9s limit\u00e9es afin de r\u00e9duire le gaspillage, avec une collection qui se renouvelle r\u00e9guli\u00e8rement. Chaque pi\u00e8ce raconte sa propre histoire, souvent inspir\u00e9e par les voyages de l\u2019\u00e9quipe. Cette ann\u00e9e d\u00e9j\u00e0, ils ont effectu\u00e9 cinq voyages de sourcing, et la boutique refl\u00e8te la richesse de ces d\u00e9couvertes.<\/p>\n<blockquote class=\"blockquote position-relative font-italic bg-light pt-4 pr-4 pb-4 pl-6 my-5\"><p>\u00ab C\u2019est personnel, en constante \u00e9volution, et cela d\u00e9coule de notre conviction que le design doit \u00eatre \u00e0 la fois beau et accessible \u00bb, explique Synne.<\/p><\/blockquote>\n<picture><source sizes=\"(max-width: 575px) calc(100vw - 30px),(max-width: 767px) 510px,(max-width: 991px) 690px,(max-width: 1199px) 595px,(max-width: 1399px) 810px, 945px\" width=\"945\" height=\"630\" srcset=\"https:\/\/media.inmobalia.com\/imgV1\/B98Le8~d7Me8Ymh25g8UJ3ypDtZ8Y3FecBCLxExjtFW~kNtmDiPvo~DIQuVSZWz~B8cOgqypLAdfYgSonxMWAYCe1G2bVZhyATkTebpSl~gyQZ088fLl5r_bSefysd6kEl9VAZwGgQ--.jpg 945w,https:\/\/media.inmobalia.com\/imgV1\/B98Le8~d7MvRbj7Vv7fDLn6_Ew7ABi8pUTpfr~FoJsmhwgR1h1fB8_lyN~udGsKWhjkcv9FMCryyiOTJ4s5b5CBLMQj0lyS6n1SsGYNIeLHVv~3v32XmIU9254F_2xhXGCYNdKt0Dw--.jpg 595w\" type=\"image\/webp\"><img decoding=\"async\" loading=\"lazy\" class=\"alignnone size-full wp-image-46210 img-fluid\" width=\"1620\" height=\"1080\" alt=\"sandon design interior 2\" src=\"https:\/\/media.inmobalia.com\/imgV1\/B98Le8~d7Me8YmhhhFsYM4czod~~P0fCuzkjRHefNZZlhRfNduPlI3aPbyA~VRE9VHhfPWX0FOyRrgTAdVTIEG~CGGWsdoAxpuySrt67xQkj36OjH~69.jpg\"><\/picture>\n<h2 ><span class=\"position-absolute\" style=\"top: -120px\" id=\"clarte+scandinave+regard+ouvert+sur+le+monde\"><\/span>Clart\u00e9 scandinave, regard ouvert sur le monde<\/h2>\n<p>L\u2019esth\u00e9tique de Sandon repose sur les principes scandinaves de qualit\u00e9 et de simplicit\u00e9. Mais sa vision n\u2019est pas limit\u00e9e \u00e0 une r\u00e9gion. Du mobilier espagnol, des tissus italiens, des antiquit\u00e9s sud-africaines et des objets d\u2019art fran\u00e7ais se c\u00f4toient harmonieusement. Ce m\u00e9lange refl\u00e8te le croisement des cultures qui d\u00e9finit Marbella.<\/p>\n<p>Sandon ne suit pas un style unique ni les tendances \u00e9ph\u00e9m\u00e8res. Les pi\u00e8ces sont choisies pour leur authenticit\u00e9 et leur capacit\u00e9 \u00e0 s\u2019int\u00e9grer naturellement dans diff\u00e9rents environnements. Les Brendmoe privil\u00e9gient l\u2019intemporalit\u00e9 \u00e0 la nouveaut\u00e9, en cr\u00e9ant des espaces empreints de v\u00e9cu et de sens.<\/p>\n<picture><source sizes=\"(max-width: 575px) calc(100vw - 30px),(max-width: 767px) 510px,(max-width: 991px) 690px,(max-width: 1199px) 595px,(max-width: 1399px) 810px, 945px\" width=\"945\" height=\"630\" srcset=\"https:\/\/media.inmobalia.com\/imgV1\/B98Le8~d7Me8Ymh25g8UJ3ypDtZ8Y3FecBCLxExjtFW~kNtmDiPvo~DIQuVSZWz~B8cOgqypLAdfYgSonxMWAYCe1G2bVZhyATkTebpSl~gyQZ088fLl5r_bSefysd6t93NjT2nvww--.jpg 945w,https:\/\/media.inmobalia.com\/imgV1\/B98Le8~d7MvRbj7Vv7fDLn6_Ew7ABi8pUTpfr~FoJsmhwgR1h1fB8_lyN~udGsKWhjkcv9FMCryyiOTJ4s5b5CBLMQj0lyS6n1SsGYNIeLHVv~3v32XmIU9254F_2xheodkAu7QhBA--.jpg 595w\" type=\"image\/webp\"><img decoding=\"async\" loading=\"lazy\" class=\"alignnone size-full wp-image-46215 img-fluid\" width=\"1620\" height=\"1080\" alt=\"sandon design interior\" src=\"https:\/\/media.inmobalia.com\/imgV1\/B98Le8~d7Me8YmhhhFsYM4czod~~P0fCuzkjRHefNZZlhRfNduPlI3aPbyA~VRE9VHhfPWX0FOyRrgTAdVTIEG~CGGWsdoAxpuySrt67xQCUUXukzUg7.jpg\"><\/picture>\n<p>La marque collabore avec des artisans \u00e0 travers toute l\u2019Europe, produisant des pi\u00e8ces en partenariat avec des cr\u00e9ateurs qui partagent ses valeurs. Le r\u00e9sultat : des objets de caract\u00e8re, con\u00e7us pour durer, qui deviennent des t\u00e9moins de souvenirs et de vie.<\/p>\n<h2 ><span class=\"position-absolute\" style=\"top: -120px\" id=\"un+service+personnalise+fonde+sur+lecoute\"><\/span>Un service personnalis\u00e9, fond\u00e9 sur l\u2019\u00e9coute<\/h2>\n<p>La personnalisation est au c\u0153ur de l\u2019approche Sandon. L\u2019objectif est d\u2019aider chaque client \u00e0 cr\u00e9er un espace qui lui ressemble pleinement. La boutique vient compl\u00e9ter le travail du Design Studio en offrant un point de d\u00e9part physique et sensoriel.<\/p>\n<p>Les visiteurs peuvent consulter des \u00e9chantillons, d\u00e9couvrir des finitions et recevoir des conseils. L\u2019\u00e9quipe est toujours heureuse d\u2019accompagner \u2013 que ce soit pour une maison enti\u00e8re ou un simple d\u00e9tail. Chaque int\u00e9rieur est per\u00e7u comme unique et intime, et le service est mesur\u00e9, r\u00e9fl\u00e9chi et r\u00e9actif.<\/p>\n<blockquote class=\"blockquote position-relative font-italic bg-light pt-4 pr-4 pb-4 pl-6 my-5\"><p>\u00ab Notre mission est d\u2019aider les gens \u00e0 concevoir des espaces qui leur ressemblent vraiment \u00bb, affirme Synne. \u00ab Qu\u2019il s\u2019agisse d\u2019une maison enti\u00e8re ou d\u2019un seul \u00e9l\u00e9ment. \u00bb<\/p><\/blockquote>\n<picture><source sizes=\"(max-width: 575px) calc(100vw - 30px),(max-width: 767px) 510px,(max-width: 991px) 690px,(max-width: 1199px) 595px,(max-width: 1399px) 810px, 945px\" width=\"945\" height=\"630\" srcset=\"https:\/\/media.inmobalia.com\/imgV1\/B98Le8~d7Me8Ymh25g8UJ3ypDtZ8Y3FecBCLxExjtFW~kNtmDiPvo~DIQuVSZWz~B8cOgqypLAdfYgSonxMWAYCe1G2bVZhyATkTebpSl~gyQZ088fLl5r_bSefysd6kE~JludKnLA--.jpg 945w,https:\/\/media.inmobalia.com\/imgV1\/B98Le8~d7MvRbj7Vv7fDLn6_Ew7ABi8pUTpfr~FoJsmhwgR1h1fB8_lyN~udGsKWhjkcv9FMCryyiOTJ4s5b5CBLMQj0lyS6n1SsGYNIeLHVv~3v32XmIU9254F_2xhXGWbffBPpEQ--.jpg 595w\" type=\"image\/webp\"><img decoding=\"async\" loading=\"lazy\" class=\"alignnone size-full wp-image-46220 img-fluid\" width=\"1620\" height=\"1080\" src=\"https:\/\/media.inmobalia.com\/imgV1\/B98Le8~d7Me8YmhhhFsYM4czod~~P0fCuzkjRHefNZZlhRfNduPlI3aPbyA~VRE9VHhfPWX0FOyRrgTAdVTIEG~CGGWsdoAxpuySrt67xQkiGjXIL5Zg.jpg\"><\/picture>\n<h2 ><span class=\"position-absolute\" style=\"top: -120px\" id=\"une+durabilite+pensee+avec+intention\"><\/span>Une durabilit\u00e9 pens\u00e9e avec intention<\/h2>\n<p>Sandon adopte une approche responsable et mesur\u00e9e de la durabilit\u00e9. Tout commence par les choix de conception. L\u2019\u00e9quipe privil\u00e9gie des mat\u00e9riaux durables, travaille en petites s\u00e9ries, et s\u00e9lectionne des antiquit\u00e9s qui mettent en valeur le savoir-faire traditionnel. De nombreux produits sont fabriqu\u00e9s localement ou en Europe, selon des m\u00e9thodes \u00e0 faible impact.<\/p>\n<p>Pour les Brendmoe, la durabilit\u00e9 est une question d\u2019intention. Chaque pi\u00e8ce est choisie pour sa qualit\u00e9 et sa long\u00e9vit\u00e9, non pour un effet de mode passager. La marque collabore uniquement avec des partenaires qui partagent ses valeurs : artisanat, respect et soin du d\u00e9tail.<\/p>\n<h2 ><span class=\"position-absolute\" style=\"top: -120px\" id=\"une+nouvelle+adresse+qui+enrichit+la+scene+design+de+marbella\"><\/span>Une nouvelle adresse qui enrichit la sc\u00e8ne design de Marbella<\/h2>\n<p>L\u2019ouverture a \u00e9t\u00e9 chaleureusement accueillie par la communaut\u00e9 locale. De nombreux visiteurs connaissaient d\u00e9j\u00e0 Sandon \u00e0 travers Forum, le hub lifestyle o\u00f9 la marque est l\u2019un des piliers. Le lien entre les deux est fort. Forum est une plateforme d\u00e9di\u00e9e \u00e0 la cr\u00e9ativit\u00e9 et \u00e0 la communaut\u00e9, et la boutique s\u2019appuie sur cette base.<\/p>\n<p>Inspir\u00e9e par l\u2019\u00e9lan cr\u00e9atif de Forum, la boutique organise des ateliers de design et des masterclasses, avec d\u2019autres \u00e9v\u00e9nements \u00e0 venir. L\u2019objectif n\u2019est pas seulement de proposer des produits, mais aussi des exp\u00e9riences.<\/p>\n<picture><source sizes=\"(max-width: 575px) calc(100vw - 30px),(max-width: 767px) 510px,(max-width: 991px) 690px,(max-width: 1199px) 595px,(max-width: 1399px) 810px, 945px\" width=\"945\" height=\"630\" srcset=\"https:\/\/media.inmobalia.com\/imgV1\/B98Le8~d7Me8Ymh25g8UJ3ypDtZ8Y3FecBCLxExjtFW~kNtmDiPvo~DIQuVSZWz~B8cOgqypLAdfYgSonxMWAYCe1G2bVZhyATkTebpSl~gyQZ088fLl5r_bSefysd6t8FMSFjLyoQ--.jpg 945w,https:\/\/media.inmobalia.com\/imgV1\/B98Le8~d7MvRbj7Vv7fDLn6_Ew7ABi8pUTpfr~FoJsmhwgR1h1fB8_lyN~udGsKWhjkcv9FMCryyiOTJ4s5b5CBLMQj0lyS6n1SsGYNIeLHVv~3v32XmIU9254F_2xhepne3Ue9C9w--.jpg 595w\" type=\"image\/webp\"><img decoding=\"async\" loading=\"lazy\" class=\"alignnone size-full wp-image-46225 img-fluid\" width=\"1620\" height=\"1080\" alt=\"sandon marbella\" src=\"https:\/\/media.inmobalia.com\/imgV1\/B98Le8~d7Me8YmhhhFsYM4czod~~P0fCuzkjRHefNZZlhRfNduPlI3aPbyA~VRE9VHhfPWX0FOyRrgTAdVTIEG~CGGWsdoAxpuySrt67xQCT5qFPJAch.jpg\"><\/picture>\n<h2 ><span class=\"position-absolute\" style=\"top: -120px\" id=\"apprendre+a+rester+flexible\"><\/span>Apprendre \u00e0 rester flexible<\/h2>\n<p>Ouvrir cette boutique n\u2019a pas \u00e9t\u00e9 sans d\u00e9fis. L\u2019un des plus grands enjeux a \u00e9t\u00e9 de comprendre comment les visiteurs interagiraient avec l\u2019espace. Viendraient-ils pour le mobilier ? La d\u00e9coration ? Des pi\u00e8ces uniques ? Trouver le bon \u00e9quilibre entre esth\u00e9tique et fonctionnalit\u00e9 a demand\u00e9 du temps.<\/p>\n<p>L\u2019\u00e9quipe continue d\u2019apprendre en observant l\u2019usage du lieu par ses visiteurs. Les retours sont pris au s\u00e9rieux, les ajustements sont rapides. Le processus est collaboratif, et Synne souligne que la force de l\u2019\u00e9quipe a \u00e9t\u00e9 d\u00e9terminante dans le succ\u00e8s de cette ouverture.<\/p>\n<h2 ><span class=\"position-absolute\" style=\"top: -120px\" id=\"une+boutique+qui+ressemble+a+un+chezsoi\"><\/span>Une boutique qui ressemble \u00e0 un chez-soi<\/h2>\n<p>Le plus beau compliment re\u00e7u par Sandon ? Que la boutique \u00ab ressemble \u00e0 une maison \u00bb. Ni un showroom, ni une galerie, mais un espace vivant. C\u2019\u00e9tait l\u2019intention depuis le d\u00e9part : non pas impressionner \u00e0 distance, mais accueillir. Le r\u00e9sultat : un lieu qui offre bien plus que du design \u2013 une ambiance, un lien humain, un sentiment d\u2019appartenance.<\/p>\n","protected":false},"excerpt":{"rendered":"<p>Sandon a ouvert sa premi\u00e8re boutique de design d\u2019int\u00e9rieur \u00e0 Marbella, un espace soigneusement pens\u00e9 qui donne une expression concr\u00e8te \u00e0 la philosophie de la marque. Situ\u00e9e entre Marbella et Puerto Ban\u00fas, sur la c\u00e9l\u00e8bre Mille d\u2019Or, cette nouvelle adresse refl\u00e8te pleinement l\u2019identit\u00e9 de Sandon. R\u00e9fl\u00e9chi, sensoriel et r\u00e9solument influenc\u00e9 par une vision internationale, cet&#8230;<\/p>\n","protected":false},"author":3,"featured_media":46201,"comment_status":"closed","ping_status":"closed","sticky":false,"template":"","format":"standard","meta":{"_acf_changed":false,"footnotes":""},"categories":[2017],"tags":[],"class_list":["post-46278","post","type-post","status-publish","format-standard","has-post-thumbnail","hentry","category-the-professional-series-fr"],"acf":[],"_links":{"self":[{"href":"https:\/\/www.dmproperties.com\/fr\/wp-json\/wp\/v2\/posts\/46278","targetHints":{"allow":["GET"]}}],"collection":[{"href":"https:\/\/www.dmproperties.com\/fr\/wp-json\/wp\/v2\/posts"}],"about":[{"href":"https:\/\/www.dmproperties.com\/fr\/wp-json\/wp\/v2\/types\/post"}],"author":[{"embeddable":true,"href":"https:\/\/www.dmproperties.com\/fr\/wp-json\/wp\/v2\/users\/3"}],"replies":[{"embeddable":true,"href":"https:\/\/www.dmproperties.com\/fr\/wp-json\/wp\/v2\/comments?post=46278"}],"version-history":[{"count":0,"href":"https:\/\/www.dmproperties.com\/fr\/wp-json\/wp\/v2\/posts\/46278\/revisions"}],"wp:featuredmedia":[{"embeddable":true,"href":"https:\/\/www.dmproperties.com\/fr\/wp-json\/wp\/v2\/media\/46201"}],"wp:attachment":[{"href":"https:\/\/www.dmproperties.com\/fr\/wp-json\/wp\/v2\/media?parent=46278"}],"wp:term":[{"taxonomy":"category","embeddable":true,"href":"https:\/\/www.dmproperties.com\/fr\/wp-json\/wp\/v2\/categories?post=46278"},{"taxonomy":"post_tag","embeddable":true,"href":"https:\/\/www.dmproperties.com\/fr\/wp-json\/wp\/v2\/tags?post=46278"}],"curies":[{"name":"wp","href":"https:\/\/api.w.org\/{rel}","templated":true}]}}